{"id":875,"date":"2007-01-19T01:48:57","date_gmt":"2007-01-19T00:48:57","guid":{"rendered":"http:\/\/www.schoene-nachrichten.de\/?p=875"},"modified":"2007-01-17T01:57:29","modified_gmt":"2007-01-17T00:57:29","slug":"kastelruther-spatzen-heute-abend-in-der-esperantohalle","status":"publish","type":"post","link":"https:\/\/www.fuldaernachrichten.de\/?p=875","title":{"rendered":"Kastelruther Spatzen heute Abend in der Esperantohalle"},"content":{"rendered":"<p><strong>Sch\u00f6nes f\u00fcr Fulda.<\/strong> Die Kastelruther Spatzen\u00c2\u00a0geh\u00f6ren mit Sicherheit zu den erfolgreichsten und beliebtesten Volksmusik-Gruppen \u00fcberhaupt. Keine andere volkst\u00fcmliche Formation hat seit ihrer Gr\u00fcndung Anfang der 80er Jahre mehr Platten produziert, verkauft und &#8220;vergoldet&#8221;. Und trotzdem sind die Spatzen sich immer selbst treu geblieben. Um 20 Uhr spielen sie in der Esperantohalle. Wer noch hin m\u00f6chte, sollte sich beeilen.<\/p>\n<p>\u00c2\u00a0<\/p>\n<p><a title=\"Pressefoto Kastelruther Spatzen\" href=\"http:\/\/www.schoene-nachrichten.de\/wp-content\/uploads\/2007\/01\/070119_kastelruther_1.jpg\" target=\"_blank\"><img decoding=\"async\" id=\"image874\" height=\"83\" alt=\"070119_kastelruther_1.jpg\" src=\"http:\/\/www.schoene-nachrichten.de\/wp-content\/uploads\/2007\/01\/070119_kastelruther_1.thumbnail.jpg\" \/><\/a><\/p>\n","protected":false},"excerpt":{"rendered":"<div class=\"tmnf_excerpt\"><p>Sch\u00f6nes f\u00fcr Fulda. Die Kastelruther Spatzen\u00c2\u00a0geh\u00f6ren mit Sicherheit zu den erfolgreichsten und beliebtesten Volksmusik-Gruppen \u00fcberhaupt. Keine andere volkst\u00fcmliche Formation hat seit ihrer Gr\u00fcndung Anfang der 80er Jahre mehr Platten produziert, verkauft und &#8220;vergoldet&#8221;. Und trotzdem sind die Spatzen sich immer selbst treu geblieben. Um 20 Uhr spielen sie in der Esperantohalle. Wer noch hin m\u00f6chte, &hellip;<\/p>\n<\/div>","protected":false},"author":1,"featured_media":0,"comment_status":"closed","ping_status":"closed","sticky":false,"template":"","format":"standard","meta":{"footnotes":""},"categories":[1,44],"tags":[],"class_list":["post-875","post","type-post","status-publish","format-standard","hentry","category-startseite","category-kultur"],"_links":{"self":[{"href":"https:\/\/www.fuldaernachrichten.de\/index.php?rest_route=\/wp\/v2\/posts\/875","targetHints":{"allow":["GET"]}}],"collection":[{"href":"https:\/\/www.fuldaernachrichten.de\/index.php?rest_route=\/wp\/v2\/posts"}],"about":[{"href":"https:\/\/www.fuldaernachrichten.de\/index.php?rest_route=\/wp\/v2\/types\/post"}],"author":[{"embeddable":true,"href":"https:\/\/www.fuldaernachrichten.de\/index.php?rest_route=\/wp\/v2\/users\/1"}],"replies":[{"embeddable":true,"href":"https:\/\/www.fuldaernachrichten.de\/index.php?rest_route=%2Fwp%2Fv2%2Fcomments&post=875"}],"version-history":[{"count":0,"href":"https:\/\/www.fuldaernachrichten.de\/index.php?rest_route=\/wp\/v2\/posts\/875\/revisions"}],"wp:attachment":[{"href":"https:\/\/www.fuldaernachrichten.de\/index.php?rest_route=%2Fwp%2Fv2%2Fmedia&parent=875"}],"wp:term":[{"taxonomy":"category","embeddable":true,"href":"https:\/\/www.fuldaernachrichten.de\/index.php?rest_route=%2Fwp%2Fv2%2Fcategories&post=875"},{"taxonomy":"post_tag","embeddable":true,"href":"https:\/\/www.fuldaernachrichten.de\/index.php?rest_route=%2Fwp%2Fv2%2Ftags&post=875"}],"curies":[{"name":"wp","href":"https:\/\/api.w.org\/{rel}","templated":true}]}}