{"id":873,"date":"2006-11-22T22:35:38","date_gmt":"2006-11-22T21:35:38","guid":{"rendered":"http:\/\/www.schoene-nachrichten.de\/?p=873"},"modified":"2007-01-17T01:54:17","modified_gmt":"2007-01-17T00:54:17","slug":"silbermond-kommt-am-24022007-nach-fulda","status":"publish","type":"post","link":"https:\/\/www.fuldaernachrichten.de\/?p=873","title":{"rendered":"Silbermond spielen am 24. Februar in Fulda"},"content":{"rendered":"<p><strong>Sch\u00f6ne Nachricht f\u00fcr Silbermond-Fans<\/strong>. Nachdem das erste Konzert wegen einer Erk\u00e4ltung von S\u00e4ngerin Stefanie Klo\u00df abgesagt werden musste, steht nun der neue Termin f\u00fcr das von vielen erwartete Silbermond-Konzert fest. Am Samstag, 24. Februar, um 20 Uhr werden sie in der Esperantohalle ihr aktuelles Album pr\u00e4sentieren. Alle f\u00fcr den alten Termin gekauften Konzertkarten behalten laut Veranstalter\u00c2\u00a0ihre G\u00fcltigkeit. Weitere Karten f\u00fcr das Konzert sind zum Preis von 23,50 Euro in den Gesch\u00e4ftstellen\u00c2\u00a0der Fuldaer\u00c2\u00a0Zeitung erh\u00e4ltlich.<\/p>\n<p>\u00c2\u00a0<\/p>\n<p><a title=\"Foto: Pressebild Silbermond\" href=\"http:\/\/www.schoene-nachrichten.de\/wp-content\/uploads\/2007\/01\/071122_silbermond_1.jpg\" target=\"_blank\"><img decoding=\"async\" id=\"image872\" height=\"83\" alt=\"071122_silbermond_1.jpg\" src=\"http:\/\/www.schoene-nachrichten.de\/wp-content\/uploads\/2007\/01\/071122_silbermond_1.thumbnail.jpg\" \/><\/a><\/p>\n<p>\u00c2\u00a0<\/p>\n<p>\u00c2\u00a0<\/p>\n","protected":false},"excerpt":{"rendered":"<div class=\"tmnf_excerpt\"><p>Sch\u00f6ne Nachricht f\u00fcr Silbermond-Fans. Nachdem das erste Konzert wegen einer Erk\u00e4ltung von S\u00e4ngerin Stefanie Klo\u00df abgesagt werden musste, steht nun der neue Termin f\u00fcr das von vielen erwartete Silbermond-Konzert fest. Am Samstag, 24. Februar, um 20 Uhr werden sie in der Esperantohalle ihr aktuelles Album pr\u00e4sentieren. Alle f\u00fcr den alten Termin gekauften Konzertkarten behalten laut &hellip;<\/p>\n<\/div>","protected":false},"author":1,"featured_media":0,"comment_status":"closed","ping_status":"closed","sticky":false,"template":"","format":"standard","meta":{"footnotes":""},"categories":[1,44],"tags":[],"class_list":["post-873","post","type-post","status-publish","format-standard","hentry","category-startseite","category-kultur"],"_links":{"self":[{"href":"https:\/\/www.fuldaernachrichten.de\/index.php?rest_route=\/wp\/v2\/posts\/873","targetHints":{"allow":["GET"]}}],"collection":[{"href":"https:\/\/www.fuldaernachrichten.de\/index.php?rest_route=\/wp\/v2\/posts"}],"about":[{"href":"https:\/\/www.fuldaernachrichten.de\/index.php?rest_route=\/wp\/v2\/types\/post"}],"author":[{"embeddable":true,"href":"https:\/\/www.fuldaernachrichten.de\/index.php?rest_route=\/wp\/v2\/users\/1"}],"replies":[{"embeddable":true,"href":"https:\/\/www.fuldaernachrichten.de\/index.php?rest_route=%2Fwp%2Fv2%2Fcomments&post=873"}],"version-history":[{"count":0,"href":"https:\/\/www.fuldaernachrichten.de\/index.php?rest_route=\/wp\/v2\/posts\/873\/revisions"}],"wp:attachment":[{"href":"https:\/\/www.fuldaernachrichten.de\/index.php?rest_route=%2Fwp%2Fv2%2Fmedia&parent=873"}],"wp:term":[{"taxonomy":"category","embeddable":true,"href":"https:\/\/www.fuldaernachrichten.de\/index.php?rest_route=%2Fwp%2Fv2%2Fcategories&post=873"},{"taxonomy":"post_tag","embeddable":true,"href":"https:\/\/www.fuldaernachrichten.de\/index.php?rest_route=%2Fwp%2Fv2%2Ftags&post=873"}],"curies":[{"name":"wp","href":"https:\/\/api.w.org\/{rel}","templated":true}]}}