{"id":8710,"date":"2008-04-12T00:54:23","date_gmt":"2008-04-11T22:54:23","guid":{"rendered":"http:\/\/www.schoene-nachrichten.de\/?p=8710"},"modified":"2008-04-14T00:47:31","modified_gmt":"2008-04-13T22:47:31","slug":"hochschule-fulda-laedt-ein-zum-girls-day-am-24-april","status":"publish","type":"post","link":"https:\/\/www.fuldaernachrichten.de\/?p=8710","title":{"rendered":"Hochschule Fulda l\u00e4dt ein zum Girls\u00c2\u00b4 Day am 24. April"},"content":{"rendered":"<p><strong>Fulda.<\/strong> Wie sieht eine Ingenieurin oder Informatikerin aus? Was machen sie genau? Wie werde ich in der Wirtschaft akzeptiert? Das sind einige der vielen Fragen, die wie jedes Jahr von den Sch\u00fclerinnen beim \u00e2\u20ac\u0161Girls\u00e2\u20ac\u2122 Day\u00e2\u20ac\u2122 an der Hochschule Fulda gestellt und gekl\u00e4rt werden k\u00f6nnen. Von der Hochschule Fulda wird seit Jahren unter der Federf\u00fchrung der Diplom-Ingenieurin Susanne Heistermann ein buntes, spannendes Programm f\u00fcr M\u00e4dchen der 5. und 6. Klasse angeboten. Auch diese Jahr k\u00f6nnen insgesamt 76 M\u00e4dchen einen Tag lang das Hochschulleben erfahren und neben dem Technischen auch das Essen in der Mensa begutachten.<!--more--><\/p>\n<p>Begr\u00fc\u00dft werden die \u201eJuniorstudentinnen\u201c von der Vizepr\u00e4sidentin der Hochschule Fulda, Prof. Dr. Kathrin Kohlenberg-M\u00fcller. Die Sch\u00fclerinnen werden anschlie\u00dfend in Gruppen aufgeteilt. Betreut von Ingenieurinnen und Informatikerinnen sowie Studentinnen der Hochschule werden in den Labors der Fachbereiche Angewandte Informatik, Elektrotechnik und Informationstechnik, Lebensmitteltechnologie und Wirtschaft spezifische Themen praktisch erarbeitet: Welche chemische Zusammensetzung hat eine Kartoffel? Frauen und Kickboxen \u2013 passt das zusammen? Wie sieht eine Programmiererin die Welt? Telefonieren kann jede! &#8211; Wie werden Handys programmiert? Wie erstelle ich meine eigene Homepage? Welche H\u00fcrden m\u00fcssen auf dem Weg zur Professorin in Wirtschaftsrecht genommen werden?<\/p>\n<p>Die M\u00e4dchen k\u00f6nnen an diesem Tag einen Eindruck von spannenden Arbeitsfeldern gewinnen, in denen kreative und interessierte Frauen wie M\u00e4nner gesucht werden \u2013 und sie k\u00f6nnen erfahren: Technik ist bunt und weiblich. Noch sind Pl\u00e4tze frei. Weitere Informationen unter <a href=\"http:\/\/www.hs-fulda.de\/girlsday\" target=\"_blank\">http:\/\/www.hs-fulda.de\/girlsday<\/a> Anmeldungen bitte an Frau Brzank von der Hochschule Fulda unter 0661\/9640-938 (Mo\/Di\/Mi)<\/p>\n","protected":false},"excerpt":{"rendered":"<div class=\"tmnf_excerpt\"><p>Fulda. Wie sieht eine Ingenieurin oder Informatikerin aus? Was machen sie genau? Wie werde ich in der Wirtschaft akzeptiert? Das sind einige der vielen Fragen, die wie jedes Jahr von den Sch\u00fclerinnen beim \u00e2\u20ac\u0161Girls\u00e2\u20ac\u2122 Day\u00e2\u20ac\u2122 an der Hochschule Fulda gestellt und gekl\u00e4rt werden k\u00f6nnen. Von der Hochschule Fulda wird seit Jahren unter der Federf\u00fchrung der &hellip;<\/p>\n<\/div>","protected":false},"author":1,"featured_media":0,"comment_status":"closed","ping_status":"closed","sticky":false,"template":"","format":"standard","meta":{"footnotes":""},"categories":[1,53,48],"tags":[],"class_list":["post-8710","post","type-post","status-publish","format-standard","hentry","category-startseite","category-bildung","category-forschung"],"_links":{"self":[{"href":"https:\/\/www.fuldaernachrichten.de\/index.php?rest_route=\/wp\/v2\/posts\/8710","targetHints":{"allow":["GET"]}}],"collection":[{"href":"https:\/\/www.fuldaernachrichten.de\/index.php?rest_route=\/wp\/v2\/posts"}],"about":[{"href":"https:\/\/www.fuldaernachrichten.de\/index.php?rest_route=\/wp\/v2\/types\/post"}],"author":[{"embeddable":true,"href":"https:\/\/www.fuldaernachrichten.de\/index.php?rest_route=\/wp\/v2\/users\/1"}],"replies":[{"embeddable":true,"href":"https:\/\/www.fuldaernachrichten.de\/index.php?rest_route=%2Fwp%2Fv2%2Fcomments&post=8710"}],"version-history":[{"count":0,"href":"https:\/\/www.fuldaernachrichten.de\/index.php?rest_route=\/wp\/v2\/posts\/8710\/revisions"}],"wp:attachment":[{"href":"https:\/\/www.fuldaernachrichten.de\/index.php?rest_route=%2Fwp%2Fv2%2Fmedia&parent=8710"}],"wp:term":[{"taxonomy":"category","embeddable":true,"href":"https:\/\/www.fuldaernachrichten.de\/index.php?rest_route=%2Fwp%2Fv2%2Fcategories&post=8710"},{"taxonomy":"post_tag","embeddable":true,"href":"https:\/\/www.fuldaernachrichten.de\/index.php?rest_route=%2Fwp%2Fv2%2Ftags&post=8710"}],"curies":[{"name":"wp","href":"https:\/\/api.w.org\/{rel}","templated":true}]}}