{"id":86970,"date":"2011-06-09T17:45:32","date_gmt":"2011-06-09T17:45:32","guid":{"rendered":"http:\/\/www.fuldaer-nachrichten.de\/?p=86970"},"modified":"2011-06-09T17:45:32","modified_gmt":"2011-06-09T17:45:32","slug":"spiel-spas-und-viel-action-beim-kreisjugendfeuerwehrtag-in-kunzell-pilgerzell","status":"publish","type":"post","link":"https:\/\/www.fuldaernachrichten.de\/?p=86970","title":{"rendered":"Spiel, Spa\u00df und viel Action beim Kreisjugendfeuerwehrtag in K\u00fcnzell \u2013 Pilgerzell"},"content":{"rendered":"<p><strong><a href=\"http:\/\/www.fuldaer-nachrichten.de\/wp-content\/uploads\/2011\/06\/110609_Kreisjugendfeuerwehrtag_028.11.jpg\"><img decoding=\"async\" class=\"alignleft size-thumbnail wp-image-86971\" title=\"110609_Kreisjugendfeuerwehrtag_028.1\" src=\"http:\/\/www.fuldaer-nachrichten.de\/wp-content\/uploads\/2011\/06\/110609_Kreisjugendfeuerwehrtag_028.11-265x176.jpg\" alt=\"\" width=\"265\" height=\"176\" srcset=\"https:\/\/www.fuldaernachrichten.de\/wp-content\/uploads\/2011\/06\/110609_Kreisjugendfeuerwehrtag_028.11-265x176.jpg 265w, https:\/\/www.fuldaernachrichten.de\/wp-content\/uploads\/2011\/06\/110609_Kreisjugendfeuerwehrtag_028.11.jpg 592w\" sizes=\"(max-width: 265px) 100vw, 265px\" \/><\/a>K\u00fcnzell \u2013 Pilgerzell.<\/strong> Das Areal rund um die Florenberghalle in K\u00fcnzell \u2013 Pilgerzell war am vergangenen Sonntag (05. Juni 2011) ganz in der Hand der Jugendfeuerwehr, denn hier fand der diesj\u00e4hrige Kreisjugendfeuerwehrtag im Landkreis Fulda statt. Kinder und Jugendliche konnten sich bei herrlichem Wetter, den ganzen Tag mit Spielen und Vorf\u00fchrungen die Zeit vertreiben. Die Kreisjugendfeuerwehr Fulda feierte in diesem Rahmen ihr 45-j\u00e4hriges Bestehen. Weiterhin stellten sich auch andere Hilfsorganisationen ihre T\u00e4tigkeit vor. Abschlie\u00dfend gab es viele wertvolle Preise zu gewinnen.<!--more--><\/p>\n<p>Zu Beginn des Tages begr\u00fc\u00dfte Kreisjugendfeuerwehrwart Michael Knoth die Jugendfeuerwehr- und Feuerwehrleute in der Florenberghalle. Zahlreiche G\u00e4ste waren der Einladung gefolgt. Einige von ihnen, wie der Bundestagsabgeordnete Michael Brand, Erster Kreisbeigeordnete Dr. Heiko Wingenfeld, B\u00fcrgermeister Peter Meinecke und Ortsvorsteher Thomas Gr\u00fcnkorn \u00fcberbrachten Gru\u00dfworte und hoben die Wichtigkeit der Jugendfeuerwehr hervor. Sie riefen die jungen Menschen dazu auf, nach ihrer Zeit in der Jugendwehr in die Einsatzabteilung \u00fcberzutreten, weil man auf keinen Fall auf die Freiwilligen Feuerwehr verzichten k\u00f6nne.<\/p>\n<p><a href=\"http:\/\/www.fuldaer-nachrichten.de\/wp-content\/uploads\/2011\/06\/110609_Kreisjugendfeuerwehrtag_003.11.jpg\"><img decoding=\"async\" class=\"alignnone size-thumbnail wp-image-86972\" title=\"110609_Kreisjugendfeuerwehrtag_003.1\" src=\"http:\/\/www.fuldaer-nachrichten.de\/wp-content\/uploads\/2011\/06\/110609_Kreisjugendfeuerwehrtag_003.11-265x176.jpg\" alt=\"\" width=\"265\" height=\"176\" srcset=\"https:\/\/www.fuldaernachrichten.de\/wp-content\/uploads\/2011\/06\/110609_Kreisjugendfeuerwehrtag_003.11-265x176.jpg 265w, https:\/\/www.fuldaernachrichten.de\/wp-content\/uploads\/2011\/06\/110609_Kreisjugendfeuerwehrtag_003.11.jpg 592w\" sizes=\"(max-width: 265px) 100vw, 265px\" \/><\/a> <a href=\"http:\/\/www.fuldaer-nachrichten.de\/wp-content\/uploads\/2011\/06\/110609_Kreisjugendfeuerwehrtag_002.11.jpg\"><img decoding=\"async\" class=\"alignnone size-thumbnail wp-image-86973\" title=\"110609_Kreisjugendfeuerwehrtag_002.1\" src=\"http:\/\/www.fuldaer-nachrichten.de\/wp-content\/uploads\/2011\/06\/110609_Kreisjugendfeuerwehrtag_002.11-265x176.jpg\" alt=\"\" width=\"265\" height=\"176\" srcset=\"https:\/\/www.fuldaernachrichten.de\/wp-content\/uploads\/2011\/06\/110609_Kreisjugendfeuerwehrtag_002.11-265x176.jpg 265w, https:\/\/www.fuldaernachrichten.de\/wp-content\/uploads\/2011\/06\/110609_Kreisjugendfeuerwehrtag_002.11.jpg 592w\" sizes=\"(max-width: 265px) 100vw, 265px\" \/><\/a><\/p>\n<p>Auch der Stellvertretende Kreisbrandinspektor und stellvertretende Vorsitzender des Kreisfeuerwehrverbandes Fulda Bernd Sch\u00e4del freute\u00c2\u00a0 sich auf einen erlebnisreichen Tag. Die Sparkassenversicherung \u00fcberreichte ein Scheck f\u00fcr die Anschaffung von Zelten und f\u00fcr den 45. Geburtstag der Kreisjugendfeuerwehr Fulda.<\/p>\n<p><strong>Come-in-Contract \u2013 Urkunde f\u00fcr die Gemeinde K\u00fcnzell \u00fcberreicht<\/strong><\/p>\n<p>Im Rahmen der Er\u00f6ffnung des Kreisjugendfeuerwehrtages \u00fcberreichte Kreisjugendfeuerwehrwart Michael Knoth die Urkunde zum Come-in-Contract \u2013 Vertag an B\u00fcrgermeister Peter Meinecke, Gemeindebrandinspektor Michael Hilger und Gemeindejugendfeuerwehrwart Jens Weisenberger. Hierbei verpflichtet die Kommune sich, in der Zeit des demographischen Wandels, f\u00fcr die Jugendfeuerwehren und den Brandschutz einzusetzen.<\/p>\n<p><strong>45 Jahre Kreisjugendfeuerwehr Fulda \u2013 die Zahl als Menschenbild<\/strong><\/p>\n<p>Nachdem der Tag f\u00fcr die Jugendfeuerwehren und Besucher offiziell Er\u00f6ffnet wurde, demonstrierte man eine riesige \u201e45\u201c als Menschenbild auf den Sportplatz. Vom Teleskopmast der Feuerwehr Fulda entstand ein wundersch\u00f6nes Erinnerungsfoto, was an den Kreisjugendfeuerwehrtag 2011 erinnern wird.<\/p>\n<p><strong>Spiel und Action <\/strong><\/p>\n<p><a href=\"http:\/\/www.fuldaer-nachrichten.de\/wp-content\/uploads\/2011\/06\/110609_Kreisjugendfeuerwehrtag_023.11.jpg\"><img loading=\"lazy\" decoding=\"async\" class=\"alignnone size-thumbnail wp-image-86978\" title=\"110609_Kreisjugendfeuerwehrtag_023.1\" src=\"http:\/\/www.fuldaer-nachrichten.de\/wp-content\/uploads\/2011\/06\/110609_Kreisjugendfeuerwehrtag_023.11-265x176.jpg\" alt=\"\" width=\"265\" height=\"176\" srcset=\"https:\/\/www.fuldaernachrichten.de\/wp-content\/uploads\/2011\/06\/110609_Kreisjugendfeuerwehrtag_023.11-265x176.jpg 265w, https:\/\/www.fuldaernachrichten.de\/wp-content\/uploads\/2011\/06\/110609_Kreisjugendfeuerwehrtag_023.11.jpg 592w\" sizes=\"(max-width: 265px) 100vw, 265px\" \/><\/a> <a href=\"http:\/\/www.fuldaer-nachrichten.de\/wp-content\/uploads\/2011\/06\/110609_Kreisjugendfeuerwehrtag_026.11.jpg\"><img loading=\"lazy\" decoding=\"async\" class=\"alignnone size-thumbnail wp-image-86979\" title=\"110609_Kreisjugendfeuerwehrtag_026.1\" src=\"http:\/\/www.fuldaer-nachrichten.de\/wp-content\/uploads\/2011\/06\/110609_Kreisjugendfeuerwehrtag_026.11-265x176.jpg\" alt=\"\" width=\"265\" height=\"176\" srcset=\"https:\/\/www.fuldaernachrichten.de\/wp-content\/uploads\/2011\/06\/110609_Kreisjugendfeuerwehrtag_026.11-265x176.jpg 265w, https:\/\/www.fuldaernachrichten.de\/wp-content\/uploads\/2011\/06\/110609_Kreisjugendfeuerwehrtag_026.11.jpg 592w\" sizes=\"(max-width: 265px) 100vw, 265px\" \/><\/a><\/p>\n<p>Die l\u00e4ngste Spielstra\u00dfe verteilte sich rund um das Festgel\u00e4nde. Fast jede Stadt- oder Gemeindejugendfeuerwehr hatte eine Spielaktion mitgebracht und vorbereitet. So gab es ein Labyrinth in einem Rauchzelt, eine Kletterwand, verschiedene Wasserspiele, Schlauch kegeln, Kisten stapeln und eine Suchspiel in Papierschnipseln. Die Geschicklichkeit oder auch ein kluges K\u00f6pfchen waren bei vielen Aktionen gefragt. Hierbei konnte man nach erfolgreicher Teilnahme den Spielpass abstempeln lassen. Zum Abschluss des Tages warteten \u00fcber 150 Preise auf die Jugendlichen.<\/p>\n<p>Ein weiterer H\u00f6hepunkt der Veranstaltung waren die Vorf\u00fchrungen verschiedener Einsatzsituationen durch die Feuerwehren. Die Freiwillige Feuerwehr Petersberg \u2013 Marbach demonstrierte die Vorgehensweise bei einem PKW \u2013 Brand, die Wehrleute aus Dipperz zeigten eine \u00dcbung nach Feuerwehrdienstvorschrift 3 und die Brandsch\u00fctzer aus Feuerwehr Fulda \u2013 Nord zeigten die Rettung bei einem Verkehrsunfall mit eingeklemmten Personen in einem PKW. Die Gemeindejugendfeuerwehr aus Burghaun f\u00fchrte eine Fettexplosion vor und Ebersburg \u2013 Thalau wies auf die Gefahren im Haushalt hin.<\/p>\n<p><strong>Hilfsorganisationen und Beh\u00f6rden stellten sich vor<\/strong><\/p>\n<p><a href=\"http:\/\/www.fuldaer-nachrichten.de\/wp-content\/uploads\/2011\/06\/110609_Kreisjugendfeuerwehrtag_027.11.jpg\"><img loading=\"lazy\" decoding=\"async\" class=\"alignnone size-thumbnail wp-image-86976\" title=\"110609_Kreisjugendfeuerwehrtag_027.1\" src=\"http:\/\/www.fuldaer-nachrichten.de\/wp-content\/uploads\/2011\/06\/110609_Kreisjugendfeuerwehrtag_027.11-265x176.jpg\" alt=\"\" width=\"265\" height=\"176\" srcset=\"https:\/\/www.fuldaernachrichten.de\/wp-content\/uploads\/2011\/06\/110609_Kreisjugendfeuerwehrtag_027.11-265x176.jpg 265w, https:\/\/www.fuldaernachrichten.de\/wp-content\/uploads\/2011\/06\/110609_Kreisjugendfeuerwehrtag_027.11.jpg 592w\" sizes=\"(max-width: 265px) 100vw, 265px\" \/><\/a> <a href=\"http:\/\/www.fuldaer-nachrichten.de\/wp-content\/uploads\/2011\/06\/110609_Kreisjugendfeuerwehrtag_024.11.jpg\"><img loading=\"lazy\" decoding=\"async\" class=\"alignnone size-thumbnail wp-image-86977\" title=\"110609_Kreisjugendfeuerwehrtag_024.1\" src=\"http:\/\/www.fuldaer-nachrichten.de\/wp-content\/uploads\/2011\/06\/110609_Kreisjugendfeuerwehrtag_024.11-265x176.jpg\" alt=\"\" width=\"265\" height=\"176\" srcset=\"https:\/\/www.fuldaernachrichten.de\/wp-content\/uploads\/2011\/06\/110609_Kreisjugendfeuerwehrtag_024.11-265x176.jpg 265w, https:\/\/www.fuldaernachrichten.de\/wp-content\/uploads\/2011\/06\/110609_Kreisjugendfeuerwehrtag_024.11.jpg 592w\" sizes=\"(max-width: 265px) 100vw, 265px\" \/><\/a><\/p>\n<p>Der Tag der Feuerwehrjugend im Landkreis Fulda wird mittlerweile auch von den Hilfsorganisationen wie Deutsche Rote Kreuz, der Malteser Hilfsdienst und die Deutsche Lebens-Rettungs-Gesellschaft genutzt um deren Arbeit und T\u00e4tigkeit darzustellen. Auch zahlreiche beh\u00f6rdliche Einrichtungen, wie die Bundespolizei H\u00fcnfeld, das Technische Hilfswerk aus Fulda, H\u00fcnfeld und Neuhof, die Bundeswehr der Rh\u00f6nkaserne Wildflecken und der Zoll waren gekommen, um sich der Jugendfeuerwehr vorzustellen. Der Treffpunkt Aktiv schminkte die Kinder und Jugendlichen mit sch\u00f6nen Motiven und der Fernmeldezug des Landkreises Fulda bildete mit dem gro\u00dfen Einsatzleitwagen den Informationspunkt f\u00fcr viele Besucher.<\/p>\n<p><a href=\"..\/wp-content\/uploads\/2011\/06\/110609_Kreisjugendfeuerwehrtag_033.11.jpg\"><img loading=\"lazy\" decoding=\"async\" title=\"110609_Kreisjugendfeuerwehrtag_033.1\" src=\"..\/wp-content\/uploads\/2011\/06\/110609_Kreisjugendfeuerwehrtag_033.11-265x176.jpg\" alt=\"\" width=\"265\" height=\"176\" \/><\/a> <a href=\"..\/wp-content\/uploads\/2011\/06\/110609_Kreisjugendfeuerwehrtag_031.11.jpg\"><img loading=\"lazy\" decoding=\"async\" title=\"110609_Kreisjugendfeuerwehrtag_031.1\" src=\"..\/wp-content\/uploads\/2011\/06\/110609_Kreisjugendfeuerwehrtag_031.11-265x176.jpg\" alt=\"\" width=\"265\" height=\"176\" \/><\/a><\/p>\n<p>Die Fahrradfahrer des Radsportclub Fulda zeige einige akrobatischen Stunts mit dem BMX- Rad bzw. dem Mountenbike. Das Deutsche Feuerwehrmuseum in Fulda stellte zudem historische Sch\u00e4tze aus der Vergangenheit des Feuerwehrwesens aus. F\u00fcr erfrischende Getr\u00e4nke sorgte das Shakerteam vom Saftwerk des Landkreises Fulda. Diese waren bei der warmen Witterung genau das Richtige. Ein DJ sorgte f\u00fcr Discomusik und passende Stimmung. Damit niemand Hunger und Durst leiden musste hatten die Organisatoren unter der Leitung von Gemeindejugendfeuerwehrwart Jens Weisenberger an zentralen Punkten Versorgungsst\u00e4nde postiert. Hier gab es jede Menge leckeres Essen und wer hierauf noch was S\u00fc\u00dfes brauchte, der konnte sich in der Florenberghalle an der Kaffee und Kuchentheke bedienen. (sh)<\/p>\n","protected":false},"excerpt":{"rendered":"<div class=\"tmnf_excerpt\"><p>K\u00fcnzell \u2013 Pilgerzell. Das Areal rund um die Florenberghalle in K\u00fcnzell \u2013 Pilgerzell war am vergangenen Sonntag (05. Juni 2011) ganz in der Hand der Jugendfeuerwehr, denn hier fand der diesj\u00e4hrige Kreisjugendfeuerwehrtag im Landkreis Fulda statt. Kinder und Jugendliche konnten sich bei herrlichem Wetter, den ganzen Tag mit Spielen und Vorf\u00fchrungen die Zeit vertreiben. Die &hellip;<\/p>\n<\/div>","protected":false},"author":1,"featured_media":0,"comment_status":"closed","ping_status":"closed","sticky":false,"template":"","format":"standard","meta":{"footnotes":""},"categories":[1,71],"tags":[],"class_list":["post-86970","post","type-post","status-publish","format-standard","hentry","category-startseite","category-feuerwehr"],"_links":{"self":[{"href":"https:\/\/www.fuldaernachrichten.de\/index.php?rest_route=\/wp\/v2\/posts\/86970","targetHints":{"allow":["GET"]}}],"collection":[{"href":"https:\/\/www.fuldaernachrichten.de\/index.php?rest_route=\/wp\/v2\/posts"}],"about":[{"href":"https:\/\/www.fuldaernachrichten.de\/index.php?rest_route=\/wp\/v2\/types\/post"}],"author":[{"embeddable":true,"href":"https:\/\/www.fuldaernachrichten.de\/index.php?rest_route=\/wp\/v2\/users\/1"}],"replies":[{"embeddable":true,"href":"https:\/\/www.fuldaernachrichten.de\/index.php?rest_route=%2Fwp%2Fv2%2Fcomments&post=86970"}],"version-history":[{"count":0,"href":"https:\/\/www.fuldaernachrichten.de\/index.php?rest_route=\/wp\/v2\/posts\/86970\/revisions"}],"wp:attachment":[{"href":"https:\/\/www.fuldaernachrichten.de\/index.php?rest_route=%2Fwp%2Fv2%2Fmedia&parent=86970"}],"wp:term":[{"taxonomy":"category","embeddable":true,"href":"https:\/\/www.fuldaernachrichten.de\/index.php?rest_route=%2Fwp%2Fv2%2Fcategories&post=86970"},{"taxonomy":"post_tag","embeddable":true,"href":"https:\/\/www.fuldaernachrichten.de\/index.php?rest_route=%2Fwp%2Fv2%2Ftags&post=86970"}],"curies":[{"name":"wp","href":"https:\/\/api.w.org\/{rel}","templated":true}]}}