{"id":86804,"date":"2011-06-07T00:24:21","date_gmt":"2011-06-07T00:24:21","guid":{"rendered":"http:\/\/www.fuldaer-nachrichten.de\/?p=86804"},"modified":"2011-06-06T16:17:35","modified_gmt":"2011-06-06T16:17:35","slug":"bundeswettbewerb-der-kreisjugendfeuerwehr-fulda-dreifachsieg-fur-die-jugendfeuerwehr-petersberg-steinau","status":"publish","type":"post","link":"https:\/\/www.fuldaernachrichten.de\/?p=86804","title":{"rendered":"Bundeswettbewerb der Kreisjugendfeuerwehr Fulda &#8211; Dreifachsieg f\u00fcr die Jugendfeuerwehr Petersberg \u2013 Steinau"},"content":{"rendered":"<p><strong><a href=\"http:\/\/www.fuldaer-nachrichten.de\/wp-content\/uploads\/2011\/06\/110606_Bundeswettbewerb.jpg\"><img decoding=\"async\" class=\"alignleft size-thumbnail wp-image-86805\" title=\"110606_Bundeswettbewerb\" src=\"http:\/\/www.fuldaer-nachrichten.de\/wp-content\/uploads\/2011\/06\/110606_Bundeswettbewerb-265x176.jpg\" alt=\"\" width=\"265\" height=\"176\" srcset=\"https:\/\/www.fuldaernachrichten.de\/wp-content\/uploads\/2011\/06\/110606_Bundeswettbewerb-265x176.jpg 265w, https:\/\/www.fuldaernachrichten.de\/wp-content\/uploads\/2011\/06\/110606_Bundeswettbewerb.jpg 592w\" sizes=\"(max-width: 265px) 100vw, 265px\" \/><\/a>K\u00fcnzell \u2013 Pilgerzell.<\/strong> Beim Bundeswettbewerb auf Kreisebene in K\u00fcnzell \u2013 Pilgerzell r\u00e4umten die drei Mannschaften der Jugendfeuerwehr Petersberg &#8211; Steinau gleich dreimal ab. Diese belegten bei der M\u00e4dchenwertung den ersten Platz und bei den gemischten Gruppen den Siegertitel sowie den 2. Rang. Insgesamt waren zu dem Landkreisweiten Wettbewerb des Feuerwehrnachwuchses \u00fcber 300 Jungen und M\u00e4dchen angetreten und teilten sich bei strahlendem Sonnenschein einen fairen und ehrgeizigen Wettstreit.<!--more--><\/p>\n<p>Der sogenannte Bundeswettbewerb, der nach Einheitlichen Richtlinien, von Kreis-, \u00fcber Landes- und bis hin zur Deutschlandebene durchgef\u00fchrt wird, treten die Mannschaften in einer St\u00e4rke von neun Jugendlichen an. Hierbei m\u00fcssen zwei Disziplinen m\u00f6glichst z\u00fcgig und ohne Fehler vorgef\u00fchrt wurden. Bewertet wurden die \u00dcbungen von den Wertungsrichtern der Kreisjugendfeuerwehr Fulda, die alle Handgriffe genau im Auge hatten. So musste jede Gruppe einen L\u00f6schangriff vorstellen, bei dem drei Strahlrohre vorgenommen wurden. Zwischendurch standen eine Leiterwand, eine H\u00fcrde und ein Tunnel aus einer Plane, die als Hindernisse \u00fcberwunden wurden. F\u00fcr die Wasserentnahme musste aus einem Hydrant mit Hilfe eines Standrohres Wasser entnommen werden.<\/p>\n<p><a href=\"http:\/\/www.fuldaer-nachrichten.de\/wp-content\/uploads\/2011\/06\/110606_Bundeswettbewerb2.jpg\"><img decoding=\"async\" class=\"alignnone size-thumbnail wp-image-86806\" title=\"110606_Bundeswettbewerb2\" src=\"http:\/\/www.fuldaer-nachrichten.de\/wp-content\/uploads\/2011\/06\/110606_Bundeswettbewerb2-265x176.jpg\" alt=\"\" width=\"265\" height=\"176\" srcset=\"https:\/\/www.fuldaernachrichten.de\/wp-content\/uploads\/2011\/06\/110606_Bundeswettbewerb2-265x176.jpg 265w, https:\/\/www.fuldaernachrichten.de\/wp-content\/uploads\/2011\/06\/110606_Bundeswettbewerb2.jpg 592w\" sizes=\"(max-width: 265px) 100vw, 265px\" \/><\/a> <a href=\"http:\/\/www.fuldaer-nachrichten.de\/wp-content\/uploads\/2011\/06\/110606_Bundeswettbewerb3.jpg\"><img decoding=\"async\" class=\"alignnone size-thumbnail wp-image-86807\" title=\"110606_Bundeswettbewerb3\" src=\"http:\/\/www.fuldaer-nachrichten.de\/wp-content\/uploads\/2011\/06\/110606_Bundeswettbewerb3-265x176.jpg\" alt=\"\" width=\"265\" height=\"176\" srcset=\"https:\/\/www.fuldaernachrichten.de\/wp-content\/uploads\/2011\/06\/110606_Bundeswettbewerb3-265x176.jpg 265w, https:\/\/www.fuldaernachrichten.de\/wp-content\/uploads\/2011\/06\/110606_Bundeswettbewerb3.jpg 592w\" sizes=\"(max-width: 265px) 100vw, 265px\" \/><\/a><\/p>\n<p>Trotz der hei\u00dfen Wetterlage wurde die \u00dcbung trocken vorgef\u00fchrt. Dies ist bei der Jugendfeuerwehr wegen der Unfallgefahren nicht anders zul\u00e4ssig, denn \u00dcbungen mit Wasser k\u00f6nnen schwere k\u00f6rperliche Verletzungen verursachen, so die Wettbewerbsleiterin Annika Maul von der Kreisjugendfeuerwehr Fulda. Ein weiterer \u00dcbungsteil war der 400 \u2013 Meter Lauf. Jedes Mannschaftsmitglied durchl\u00e4uft eine Strecke von 50 Metern. Einige L\u00e4ufer hatten hierbei noch eine Aufgabe zu l\u00f6sen. So musste ein Schlauch aufgerollt, ein Laufbrett \u00fcberquert und eine Leine durch zwei Stangen geworfen werden. Ein Jugendlicher lag auf einer Trage und bekam das Staffelholz von dem Vorl\u00e4ufer auf seine Handschuhe gelegt. Hiernach stand er schnell auf und zog seine Ausr\u00fcstung so schnell wie m\u00f6glich an.<\/p>\n<p><a href=\"http:\/\/www.fuldaer-nachrichten.de\/wp-content\/uploads\/2011\/06\/110606_Bundeswettbewerb4.jpg\"><img loading=\"lazy\" decoding=\"async\" class=\"alignnone size-thumbnail wp-image-86808\" title=\"110606_Bundeswettbewerb4\" src=\"http:\/\/www.fuldaer-nachrichten.de\/wp-content\/uploads\/2011\/06\/110606_Bundeswettbewerb4-265x176.jpg\" alt=\"\" width=\"265\" height=\"176\" srcset=\"https:\/\/www.fuldaernachrichten.de\/wp-content\/uploads\/2011\/06\/110606_Bundeswettbewerb4-265x176.jpg 265w, https:\/\/www.fuldaernachrichten.de\/wp-content\/uploads\/2011\/06\/110606_Bundeswettbewerb4.jpg 592w\" sizes=\"(max-width: 265px) 100vw, 265px\" \/><\/a> <a href=\"http:\/\/www.fuldaer-nachrichten.de\/wp-content\/uploads\/2011\/06\/110606_Bundeswettbewerb5.jpg\"><img loading=\"lazy\" decoding=\"async\" class=\"alignnone size-thumbnail wp-image-86809\" title=\"110606_Bundeswettbewerb5\" src=\"http:\/\/www.fuldaer-nachrichten.de\/wp-content\/uploads\/2011\/06\/110606_Bundeswettbewerb5-265x176.jpg\" alt=\"\" width=\"265\" height=\"176\" srcset=\"https:\/\/www.fuldaernachrichten.de\/wp-content\/uploads\/2011\/06\/110606_Bundeswettbewerb5-265x176.jpg 265w, https:\/\/www.fuldaernachrichten.de\/wp-content\/uploads\/2011\/06\/110606_Bundeswettbewerb5.jpg 592w\" sizes=\"(max-width: 265px) 100vw, 265px\" \/><\/a><\/p>\n<p>Dies sah auf den ersten Blick nicht schwer aus, aber man kann hierbei viel Zeit verschenken, erkl\u00e4rte Annika Maul. Ein Feuerwehrknoten an ein Stahlrohr binden war eine weitere interessante Aufgabe. Zahlreiche G\u00e4ste aus dem Bereich der Politik und der Feuerwehr waren gekommen und bestaunten die Leistungen der Nachwuchsbrandsch\u00fctzer. So \u00fcberbrachte der Erste Kreisbeigeordnete Dr. Heiko Wingenfeld, der B\u00fcrgermeister von K\u00fcnzell Peter Meinecke sowie der Ortsvorsteher von Pilgerzell Thomas Gr\u00fcnkorn viel Lob und Gl\u00fcckw\u00fcnsche an die Wettbewerbsteilnehmer.<\/p>\n<p><a href=\"http:\/\/www.fuldaer-nachrichten.de\/wp-content\/uploads\/2011\/06\/110606_Bundeswettbewerb6.jpg\"><img loading=\"lazy\" decoding=\"async\" class=\"alignnone size-thumbnail wp-image-86810\" title=\"110606_Bundeswettbewerb6\" src=\"http:\/\/www.fuldaer-nachrichten.de\/wp-content\/uploads\/2011\/06\/110606_Bundeswettbewerb6-265x176.jpg\" alt=\"\" width=\"265\" height=\"176\" srcset=\"https:\/\/www.fuldaernachrichten.de\/wp-content\/uploads\/2011\/06\/110606_Bundeswettbewerb6-265x176.jpg 265w, https:\/\/www.fuldaernachrichten.de\/wp-content\/uploads\/2011\/06\/110606_Bundeswettbewerb6.jpg 592w\" sizes=\"(max-width: 265px) 100vw, 265px\" \/><\/a> <a href=\"http:\/\/www.fuldaer-nachrichten.de\/wp-content\/uploads\/2011\/06\/110606_Bundeswettbewerb7.jpg\"><img loading=\"lazy\" decoding=\"async\" class=\"alignnone size-thumbnail wp-image-86811\" title=\"110606_Bundeswettbewerb7\" src=\"http:\/\/www.fuldaer-nachrichten.de\/wp-content\/uploads\/2011\/06\/110606_Bundeswettbewerb7-265x176.jpg\" alt=\"\" width=\"265\" height=\"176\" srcset=\"https:\/\/www.fuldaernachrichten.de\/wp-content\/uploads\/2011\/06\/110606_Bundeswettbewerb7-265x176.jpg 265w, https:\/\/www.fuldaernachrichten.de\/wp-content\/uploads\/2011\/06\/110606_Bundeswettbewerb7.jpg 592w\" sizes=\"(max-width: 265px) 100vw, 265px\" \/><\/a><\/p>\n<p>Auch der stellvertretende Kreisbrandinspektor und stellvertretende Verbandsvorsitzender Bernd Sch\u00e4del \u00fcberbrachte die Gr\u00fc\u00dfe der Feuerwehren und des Kreisfeuerwehrverbandes Fulda. Der Kreisjugendfeuerwehrwart Michael Knoth mit seinem Team aus dem Kreisjugendfeuerwehrausschuss zeigte sich \u00fcber den Ablauf der Veranstaltungen sehr zufrieden. \u00dcber eine reibungslose Organisation freuten sich Gemeindebrandinspektor Michael Hilger und Gemeindejugendfeuerwehrwart Jens Weisenberger mit den vielen Helfern aus den K\u00fcnzeller Feuerwehren.<\/p>\n<p>&nbsp;<\/p>\n","protected":false},"excerpt":{"rendered":"<div class=\"tmnf_excerpt\"><p>K\u00fcnzell \u2013 Pilgerzell. Beim Bundeswettbewerb auf Kreisebene in K\u00fcnzell \u2013 Pilgerzell r\u00e4umten die drei Mannschaften der Jugendfeuerwehr Petersberg &#8211; Steinau gleich dreimal ab. Diese belegten bei der M\u00e4dchenwertung den ersten Platz und bei den gemischten Gruppen den Siegertitel sowie den 2. Rang. Insgesamt waren zu dem Landkreisweiten Wettbewerb des Feuerwehrnachwuchses \u00fcber 300 Jungen und M\u00e4dchen &hellip;<\/p>\n<\/div>","protected":false},"author":1,"featured_media":0,"comment_status":"closed","ping_status":"closed","sticky":false,"template":"","format":"standard","meta":{"footnotes":""},"categories":[1,71],"tags":[],"class_list":["post-86804","post","type-post","status-publish","format-standard","hentry","category-startseite","category-feuerwehr"],"_links":{"self":[{"href":"https:\/\/www.fuldaernachrichten.de\/index.php?rest_route=\/wp\/v2\/posts\/86804","targetHints":{"allow":["GET"]}}],"collection":[{"href":"https:\/\/www.fuldaernachrichten.de\/index.php?rest_route=\/wp\/v2\/posts"}],"about":[{"href":"https:\/\/www.fuldaernachrichten.de\/index.php?rest_route=\/wp\/v2\/types\/post"}],"author":[{"embeddable":true,"href":"https:\/\/www.fuldaernachrichten.de\/index.php?rest_route=\/wp\/v2\/users\/1"}],"replies":[{"embeddable":true,"href":"https:\/\/www.fuldaernachrichten.de\/index.php?rest_route=%2Fwp%2Fv2%2Fcomments&post=86804"}],"version-history":[{"count":0,"href":"https:\/\/www.fuldaernachrichten.de\/index.php?rest_route=\/wp\/v2\/posts\/86804\/revisions"}],"wp:attachment":[{"href":"https:\/\/www.fuldaernachrichten.de\/index.php?rest_route=%2Fwp%2Fv2%2Fmedia&parent=86804"}],"wp:term":[{"taxonomy":"category","embeddable":true,"href":"https:\/\/www.fuldaernachrichten.de\/index.php?rest_route=%2Fwp%2Fv2%2Fcategories&post=86804"},{"taxonomy":"post_tag","embeddable":true,"href":"https:\/\/www.fuldaernachrichten.de\/index.php?rest_route=%2Fwp%2Fv2%2Ftags&post=86804"}],"curies":[{"name":"wp","href":"https:\/\/api.w.org\/{rel}","templated":true}]}}