{"id":86767,"date":"2011-06-05T00:05:58","date_gmt":"2011-06-05T00:05:58","guid":{"rendered":"http:\/\/www.fuldaer-nachrichten.de\/?p=86767"},"modified":"2011-06-05T19:45:46","modified_gmt":"2011-06-05T19:45:46","slug":"12-stunden-ubung-mit-realitatsnahen-szenarien-organisationsubergreifende-teamarbeit-gelungen","status":"publish","type":"post","link":"https:\/\/www.fuldaernachrichten.de\/?p=86767","title":{"rendered":"12-Stunden-\u00dcbung mit realit\u00e4tsnahen Szenarien &#8211; Organisations\u00fcbergreifende Teamarbeit gelungen"},"content":{"rendered":"<p><a href=\"http:\/\/www.fuldaer-nachrichten.de\/wp-content\/uploads\/2011\/06\/110605_Uebung81.jpg\"><img decoding=\"async\" class=\"alignnone size-thumbnail wp-image-86769\" title=\"110605_Uebung8\" src=\"http:\/\/www.fuldaer-nachrichten.de\/wp-content\/uploads\/2011\/06\/110605_Uebung81.jpg\" alt=\"\" width=\"560\" srcset=\"https:\/\/www.fuldaernachrichten.de\/wp-content\/uploads\/2011\/06\/110605_Uebung81.jpg 592w, https:\/\/www.fuldaernachrichten.de\/wp-content\/uploads\/2011\/06\/110605_Uebung81-265x127.jpg 265w\" sizes=\"(max-width: 592px) 100vw, 592px\" \/><\/a><\/p>\n<p>Schl\u00fcchtern. Die allj\u00e4hrliche Gro\u00df\u00fcbung der Freiwilligen Feuerwehr Schl\u00fcchtern-Ahlersbach sowie der kooperierenden Stadtteilwehren und Hilfsorganisationen ist stets ein H\u00f6hepunkt in der Aus- und Weiterbildung f\u00fcr alle ehrenamtlichen Teilnehmer.\u00c2\u00a0 Nach wochenlanger Vorausplanung und Abstimmungsgespr\u00e4chen mit dem \u00dcbungsplaner Michael Eberhardt von der Freiwilligen Feuerwehr Schl\u00fcchtern-Ahlersbach, wurde ein gemeinsamer Termin f\u00fcr die 12-Stunden-\u00dcbung zwischen der Feuerwehr Ahlersbach, der Feuerwehr Herolz und dem RUD-Team des Malteser Hilfsdienstes in Petersberg, f\u00fcr Samstag den 28.05.2011 vereinbart. \u201eInsgesamt eine herausfordernde, logistische Aufgabe die mehrere Tage der Planung, Koordination und Disziplin auf allen Seiten voraussetzte\u201c, so Alexander Zippel und Monika Gonzalez Dehnhardt, die als \u00dcbungskoordinatoren und -beobachter der Malteser Petersberg mit einem RUD-Team zur Unterst\u00fctzung der Feuerwehr\u00fcbung angereist waren.<\/p>\n<p><a href=\"http:\/\/www.fuldaer-nachrichten.de\/wp-content\/uploads\/2011\/06\/110605_Uebung1.jpg\"><img decoding=\"async\" class=\"alignnone size-thumbnail wp-image-86770\" title=\"110605_Uebung1\" src=\"http:\/\/www.fuldaer-nachrichten.de\/wp-content\/uploads\/2011\/06\/110605_Uebung1-265x198.jpg\" alt=\"\" width=\"232\" height=\"174\" srcset=\"https:\/\/www.fuldaernachrichten.de\/wp-content\/uploads\/2011\/06\/110605_Uebung1-265x198.jpg 265w, https:\/\/www.fuldaernachrichten.de\/wp-content\/uploads\/2011\/06\/110605_Uebung1.jpg 592w\" sizes=\"(max-width: 232px) 100vw, 232px\" \/><\/a> <a href=\"http:\/\/www.fuldaer-nachrichten.de\/wp-content\/uploads\/2011\/06\/110605_Uebung3.jpg\"><img decoding=\"async\" class=\"alignnone size-thumbnail wp-image-86772\" title=\"110605_Uebung3\" src=\"http:\/\/www.fuldaer-nachrichten.de\/wp-content\/uploads\/2011\/06\/110605_Uebung3-265x175.jpg\" alt=\"\" width=\"265\" height=\"175\" srcset=\"https:\/\/www.fuldaernachrichten.de\/wp-content\/uploads\/2011\/06\/110605_Uebung3-265x175.jpg 265w, https:\/\/www.fuldaernachrichten.de\/wp-content\/uploads\/2011\/06\/110605_Uebung3.jpg 592w\" sizes=\"(max-width: 265px) 100vw, 265px\" \/><\/a><\/p>\n<p>Detailliert wurde der Arbeitsalltag einer Berufsfeuerwehr in verschiedenen Einsatzszenarien \u00fcber einen Tag nachgestellt und trainiert, wobei unterschiedliche fachspezifische Schwerpunkte in den einzelnen Szenarien von den Teilnehmern abgefragt wurden. Vom verunfallten Gefahrguttransporter \u00fcber Verletzte nach Haushaltsunf\u00e4llen bis zum PKW-Brand war alles vertreten. Ein Schwerpunkt war speziell die Anwendung Erster Hilfe, die neben den allgemeinen Feuerwehrt\u00e4tigkeiten wichtiger Bestandteil der Fremd- und Kameradschaftshilfe darstellt. Um realit\u00e4tsnahe Szenarien und physische sowie psychische Herausforderungen f\u00fcr die Teilnehmer zu schaffen, wurden unterschiedliche medizinische Notf\u00e4lle durch die speziell geschulten Laienschauspieler simuliert. Die Abschluss\u00fcbung in einer Fabrikhalle mit vermissten und schwer verletzten Arbeitern war eine Herausforderung f\u00fcr alle Beteiligten und sorgte f\u00fcr reichlich Adrenalin. Alle Beteiligten bekamen unmittelbar nach der \u00dcbung ein Feedback von den Beobachtern. \u201eAuch wenn die detaillierte Auswertung noch ein paar Stunden in Anspruch nimmt, so k\u00f6nnen wir bereits jetzt von einer gelungenen \u00dcbung sprechen\u201c, so das Fazit von Michael Eberhardt, \u00dcbungskoordinator und -beobachter der Freiwilligen Feuerwehr Schl\u00fcchtern-Ahlersbach.<\/p>\n<p><a href=\"http:\/\/www.fuldaer-nachrichten.de\/wp-content\/uploads\/2011\/06\/110605_Uebung4.jpg\"><img decoding=\"async\" class=\"alignnone size-thumbnail wp-image-86773\" title=\"110605_Uebung4\" src=\"http:\/\/www.fuldaer-nachrichten.de\/wp-content\/uploads\/2011\/06\/110605_Uebung4-265x175.jpg\" alt=\"\" width=\"265\" height=\"175\" srcset=\"https:\/\/www.fuldaernachrichten.de\/wp-content\/uploads\/2011\/06\/110605_Uebung4-265x175.jpg 265w, https:\/\/www.fuldaernachrichten.de\/wp-content\/uploads\/2011\/06\/110605_Uebung4.jpg 592w\" sizes=\"(max-width: 265px) 100vw, 265px\" \/><\/a> <a href=\"http:\/\/www.fuldaer-nachrichten.de\/wp-content\/uploads\/2011\/06\/110605_Uebung7.jpg\"><img loading=\"lazy\" decoding=\"async\" class=\"alignnone size-thumbnail wp-image-86776\" title=\"110605_Uebung7\" src=\"http:\/\/www.fuldaer-nachrichten.de\/wp-content\/uploads\/2011\/06\/110605_Uebung7-265x175.jpg\" alt=\"\" width=\"265\" height=\"175\" srcset=\"https:\/\/www.fuldaernachrichten.de\/wp-content\/uploads\/2011\/06\/110605_Uebung7-265x175.jpg 265w, https:\/\/www.fuldaernachrichten.de\/wp-content\/uploads\/2011\/06\/110605_Uebung7.jpg 592w\" sizes=\"(max-width: 265px) 100vw, 265px\" \/><\/a><\/p>\n<p>Positiv fiel den Beobachtern vom RUD-Team die Einstellung der Teilnehmer auf, die selbst kleine Optimierungs- und Verbesserungsvorschl\u00e4ge aus den Tagesszenarien bereits unmittelbar danach umgesetzt haben. Das zeigt eine gro\u00dfe Professionalit\u00e4t, gerade auf der Ebene der freiwilligen Helfer und beteiligten Organisationen. Nur wer regelm\u00e4\u00dfig, zielgerichtet \u00fcbt und offen f\u00fcr Impulse und positive Kritik ist, kann sich kontinuierlich verbessern und Arbeitsabl\u00e4ufe optimieren. (Text: MHD Petersberg, Alexander Zippel\/Bilder: MHD Petersberg, Monika Gonzalez Dehnhardt)<\/p>\n<p><a href=\"http:\/\/www.fuldaer-nachrichten.de\/wp-content\/uploads\/2011\/06\/110605_Uebung2.jpg\"><img loading=\"lazy\" decoding=\"async\" class=\"alignnone size-thumbnail wp-image-86771\" title=\"110605_Uebung2\" src=\"http:\/\/www.fuldaer-nachrichten.de\/wp-content\/uploads\/2011\/06\/110605_Uebung2-265x353.jpg\" alt=\"\" width=\"265\" height=\"353\" srcset=\"https:\/\/www.fuldaernachrichten.de\/wp-content\/uploads\/2011\/06\/110605_Uebung2-265x353.jpg 265w, https:\/\/www.fuldaernachrichten.de\/wp-content\/uploads\/2011\/06\/110605_Uebung2-198x265.jpg 198w, https:\/\/www.fuldaernachrichten.de\/wp-content\/uploads\/2011\/06\/110605_Uebung2-450x600.jpg 450w, https:\/\/www.fuldaernachrichten.de\/wp-content\/uploads\/2011\/06\/110605_Uebung2.jpg 592w\" sizes=\"(max-width: 265px) 100vw, 265px\" \/><\/a><a href=\"http:\/\/www.fuldaer-nachrichten.de\/wp-content\/uploads\/2011\/06\/110605_Uebung5.jpg\"> <img loading=\"lazy\" decoding=\"async\" class=\"alignnone size-thumbnail wp-image-86774\" title=\"110605_Uebung5\" src=\"http:\/\/www.fuldaer-nachrichten.de\/wp-content\/uploads\/2011\/06\/110605_Uebung5-265x399.jpg\" alt=\"\" width=\"233\" height=\"351\" srcset=\"https:\/\/www.fuldaernachrichten.de\/wp-content\/uploads\/2011\/06\/110605_Uebung5-265x399.jpg 265w, https:\/\/www.fuldaernachrichten.de\/wp-content\/uploads\/2011\/06\/110605_Uebung5-175x265.jpg 175w, https:\/\/www.fuldaernachrichten.de\/wp-content\/uploads\/2011\/06\/110605_Uebung5-398x600.jpg 398w, https:\/\/www.fuldaernachrichten.de\/wp-content\/uploads\/2011\/06\/110605_Uebung5.jpg 399w\" sizes=\"(max-width: 233px) 100vw, 233px\" \/><\/a><\/p>\n","protected":false},"excerpt":{"rendered":"<div class=\"tmnf_excerpt\"><p>Schl\u00fcchtern. Die allj\u00e4hrliche Gro\u00df\u00fcbung der Freiwilligen Feuerwehr Schl\u00fcchtern-Ahlersbach sowie der kooperierenden Stadtteilwehren und Hilfsorganisationen ist stets ein H\u00f6hepunkt in der Aus- und Weiterbildung f\u00fcr alle ehrenamtlichen Teilnehmer.\u00c2\u00a0 Nach wochenlanger Vorausplanung und Abstimmungsgespr\u00e4chen mit dem \u00dcbungsplaner Michael Eberhardt von der Freiwilligen Feuerwehr Schl\u00fcchtern-Ahlersbach, wurde ein gemeinsamer Termin f\u00fcr die 12-Stunden-\u00dcbung zwischen der Feuerwehr Ahlersbach, der Feuerwehr &hellip;<\/p>\n<\/div>","protected":false},"author":1,"featured_media":0,"comment_status":"closed","ping_status":"closed","sticky":false,"template":"","format":"standard","meta":{"footnotes":""},"categories":[1,71,78],"tags":[],"class_list":["post-86767","post","type-post","status-publish","format-standard","hentry","category-startseite","category-feuerwehr","category-topthema"],"_links":{"self":[{"href":"https:\/\/www.fuldaernachrichten.de\/index.php?rest_route=\/wp\/v2\/posts\/86767","targetHints":{"allow":["GET"]}}],"collection":[{"href":"https:\/\/www.fuldaernachrichten.de\/index.php?rest_route=\/wp\/v2\/posts"}],"about":[{"href":"https:\/\/www.fuldaernachrichten.de\/index.php?rest_route=\/wp\/v2\/types\/post"}],"author":[{"embeddable":true,"href":"https:\/\/www.fuldaernachrichten.de\/index.php?rest_route=\/wp\/v2\/users\/1"}],"replies":[{"embeddable":true,"href":"https:\/\/www.fuldaernachrichten.de\/index.php?rest_route=%2Fwp%2Fv2%2Fcomments&post=86767"}],"version-history":[{"count":0,"href":"https:\/\/www.fuldaernachrichten.de\/index.php?rest_route=\/wp\/v2\/posts\/86767\/revisions"}],"wp:attachment":[{"href":"https:\/\/www.fuldaernachrichten.de\/index.php?rest_route=%2Fwp%2Fv2%2Fmedia&parent=86767"}],"wp:term":[{"taxonomy":"category","embeddable":true,"href":"https:\/\/www.fuldaernachrichten.de\/index.php?rest_route=%2Fwp%2Fv2%2Fcategories&post=86767"},{"taxonomy":"post_tag","embeddable":true,"href":"https:\/\/www.fuldaernachrichten.de\/index.php?rest_route=%2Fwp%2Fv2%2Ftags&post=86767"}],"curies":[{"name":"wp","href":"https:\/\/api.w.org\/{rel}","templated":true}]}}