{"id":8674,"date":"2008-04-11T00:40:43","date_gmt":"2008-04-10T22:40:43","guid":{"rendered":"http:\/\/www.schoene-nachrichten.de\/?p=8674"},"modified":"2008-04-24T09:27:12","modified_gmt":"2008-04-24T07:27:12","slug":"carsten-alexy-gewinnt-die-27-rallye-auf-nach-melsungen-2008","status":"publish","type":"post","link":"https:\/\/www.fuldaernachrichten.de\/?p=8674","title":{"rendered":"Carsten Alexy gewinnt die 27. Rallye &#8220;Auf nach Melsungen&#8221; 2008"},"content":{"rendered":"<p><strong>Motorsport.<\/strong> Der ASC Melsungen konnte am vergangenen Wochenende mehr als 100 Starter in der Kulturhalle Spangenberg begr\u00fc\u00dfen. Von Anfang an konnte der Sieger der Rallye &#8220;Auf nach Melsungen&#8221; 2006, Carsten Alexy, das Feld dominieren. Bei diesen Witterungverh\u00e4ltnissen konnte der allradbetriebene Audi S2 Quattro nur von Vorteil sein.<\/p>\n<p><strong>Fotos (27):<\/strong> Denny Rausch<\/p>\n<p><a title=\"Marco Hellwig\" rel=\"lightbox[roadtrip]\" href=\"http:\/\/www.schoene-nachrichten.de\/wp-content\/uploads\/2008\/04\/080410_Rallye_19.jpg\" target=\"_blank\"><img decoding=\"async\" src=\"http:\/\/www.schoene-nachrichten.de\/wp-content\/uploads\/2008\/04\/080410_Rallye_19.thumbnail.jpg\" alt=\"080410_Rallye_19.jpg\" width=\"128\" \/><\/a> <a title=\"Marco Hellwig\" rel=\"lightbox[roadtrip]\" href=\"http:\/\/www.schoene-nachrichten.de\/wp-content\/uploads\/2008\/04\/080410_Rallye_20.jpg\" target=\"_blank\"><img decoding=\"async\" src=\"http:\/\/www.schoene-nachrichten.de\/wp-content\/uploads\/2008\/04\/080410_Rallye_20.thumbnail.jpg\" alt=\"080410_Rallye_20.jpg\" width=\"128\" \/><\/a> <a title=\"Marco Hellwig\" rel=\"lightbox[roadtrip]\" href=\"http:\/\/www.schoene-nachrichten.de\/wp-content\/uploads\/2008\/04\/080410_Rallye_21.jpg\" target=\"_blank\"><img decoding=\"async\" src=\"http:\/\/www.schoene-nachrichten.de\/wp-content\/uploads\/2008\/04\/080410_Rallye_21.thumbnail.jpg\" alt=\"080410_Rallye_21.jpg\" width=\"128\" \/><\/a><\/p>\n<p><a title=\"Marco Hellwig\" rel=\"lightbox[roadtrip]\" href=\"http:\/\/www.schoene-nachrichten.de\/wp-content\/uploads\/2008\/04\/080410_Rallye_22.jpg\" target=\"_blank\"><img decoding=\"async\" src=\"http:\/\/www.schoene-nachrichten.de\/wp-content\/uploads\/2008\/04\/080410_Rallye_22.thumbnail.jpg\" alt=\"080410_Rallye_22.jpg\" width=\"128\" \/><\/a> <a title=\"Marco Hellwig\" rel=\"lightbox[roadtrip]\" href=\"http:\/\/www.schoene-nachrichten.de\/wp-content\/uploads\/2008\/04\/080410_Rallye_23.jpg\" target=\"_blank\"><img decoding=\"async\" src=\"http:\/\/www.schoene-nachrichten.de\/wp-content\/uploads\/2008\/04\/080410_Rallye_23.thumbnail.jpg\" alt=\"080410_Rallye_23.jpg\" width=\"128\" \/><\/a> <a title=\"Marco Hellwig\" rel=\"lightbox[roadtrip]\" href=\"http:\/\/www.schoene-nachrichten.de\/wp-content\/uploads\/2008\/04\/080410_Rallye_24.jpg\" target=\"_blank\"><img decoding=\"async\" src=\"http:\/\/www.schoene-nachrichten.de\/wp-content\/uploads\/2008\/04\/080410_Rallye_24.thumbnail.jpg\" alt=\"080410_Rallye_24.jpg\" width=\"128\" \/><\/a><\/p>\n<p><!--more--><\/p>\n<p>J\u00f6rg Schuhej war der einzige Fahrer, der Carsten Alexy kurzzeitig von der F\u00fchrungsposition verdr\u00e4ngen konnte. Schon in Frielendorf zeigte Schuhej, dass an seinem neuen Mitsubishi Evo VI fast alles passt. Leider musste er nach WP 3 seinen Wagen aufladen und damit die Rallye beenden, da er sich gleich zwei Plattf\u00fc\u00dfe einfing, aber nur ein Ersatzrad dabei hatte.<\/p>\n<p><a title=\"Marco Hellwig\" rel=\"lightbox[roadtrip]\" href=\"http:\/\/www.schoene-nachrichten.de\/wp-content\/uploads\/2008\/04\/080410_Rallye_01.jpg\" target=\"_blank\"><img decoding=\"async\" src=\"http:\/\/www.schoene-nachrichten.de\/wp-content\/uploads\/2008\/04\/080410_Rallye_01.thumbnail.jpg\" alt=\"080410_Rallye_01.jpg\" width=\"128\" \/><\/a> <a title=\"Marco Hellwig\" rel=\"lightbox[roadtrip]\" href=\"http:\/\/www.schoene-nachrichten.de\/wp-content\/uploads\/2008\/04\/080410_Rallye_02.jpg\" target=\"_blank\"><img decoding=\"async\" src=\"http:\/\/www.schoene-nachrichten.de\/wp-content\/uploads\/2008\/04\/080410_Rallye_02.thumbnail.jpg\" alt=\"080410_Rallye_02.jpg\" width=\"128\" \/><\/a> <a title=\"Marco Hellwig\" rel=\"lightbox[roadtrip]\" href=\"http:\/\/www.schoene-nachrichten.de\/wp-content\/uploads\/2008\/04\/080410_Rallye_03.jpg\" target=\"_blank\"><img decoding=\"async\" src=\"http:\/\/www.schoene-nachrichten.de\/wp-content\/uploads\/2008\/04\/080410_Rallye_03.thumbnail.jpg\" alt=\"080410_Rallye_03.jpg\" width=\"128\" \/><\/a><\/p>\n<p>Insgesamt mussten sechs Wertungspr\u00fcfungen absolviert werden, die zu 93 Prozent aus Asphalt und zu sieben Prozent aus Schotter bestanden. Die Gesamtl\u00e4nge der Rallye betrug 151 Kilometer, von denen 35 Kilometer auf den Wertungspr\u00fcfungen &#8220;Rh\u00fcnda&#8221; (WP 1 und 4), &#8220;Sippershausen&#8221; (WP 2 und 5) und am &#8220;Rundkurs Malsfeld&#8221; (WP 3 und 6) gefahren wurden.<\/p>\n<p><a title=\"Marco Hellwig\" rel=\"lightbox[roadtrip]\" href=\"http:\/\/www.schoene-nachrichten.de\/wp-content\/uploads\/2008\/04\/080410_Rallye_04.jpg\" target=\"_blank\"><img decoding=\"async\" src=\"http:\/\/www.schoene-nachrichten.de\/wp-content\/uploads\/2008\/04\/080410_Rallye_04.thumbnail.jpg\" alt=\"080410_Rallye_04.jpg\" width=\"128\" \/><\/a> <a title=\"Marco Hellwig\" rel=\"lightbox[roadtrip]\" href=\"http:\/\/www.schoene-nachrichten.de\/wp-content\/uploads\/2008\/04\/080410_Rallye_05.jpg\" target=\"_blank\"><img decoding=\"async\" src=\"http:\/\/www.schoene-nachrichten.de\/wp-content\/uploads\/2008\/04\/080410_Rallye_05.thumbnail.jpg\" alt=\"080410_Rallye_05.jpg\" width=\"128\" \/><\/a> <a title=\"Marco Hellwig\" rel=\"lightbox[roadtrip]\" href=\"http:\/\/www.schoene-nachrichten.de\/wp-content\/uploads\/2008\/04\/080410_Rallye_06.jpg\" target=\"_blank\"><img decoding=\"async\" src=\"http:\/\/www.schoene-nachrichten.de\/wp-content\/uploads\/2008\/04\/080410_Rallye_06.thumbnail.jpg\" alt=\"080410_Rallye_06.jpg\" width=\"128\" \/><\/a><\/p>\n<p>Als Highlight konnte der ASC Melsungen erneut Tim Stebani aus Essen mit seinem neuen Skoda Octavia Kit Car als Vorauswagen gewinnen, der diese Rallye, wie schon im vergangenen Jahr, zum Testen nutzte. Stebani startet auch bei der ADAC Hessen Rallye Vogelsberg (<a href=\"http:\/\/www.rallye-vogelsberg.de\">www.rallye-vogelsberg.de<\/a>) in der neu gegr\u00fcndeten &#8220;Euro Rally Challenge&#8221; (<a href=\"http:\/\/www.eurorallyechallenge.eu\">www.eurorallyechallenge.eu<\/a>), die bei der Vogelsberg ihren ersten Einsatz in Deutschland darstellt.<\/p>\n<p><a title=\"Marco Hellwig\" rel=\"lightbox[roadtrip]\" href=\"http:\/\/www.schoene-nachrichten.de\/wp-content\/uploads\/2008\/04\/080410_Rallye_07.jpg\" target=\"_blank\"><img decoding=\"async\" src=\"http:\/\/www.schoene-nachrichten.de\/wp-content\/uploads\/2008\/04\/080410_Rallye_07.thumbnail.jpg\" alt=\"080410_Rallye_07.jpg\" width=\"128\" \/><\/a> <a title=\"Marco Hellwig\" rel=\"lightbox[roadtrip]\" href=\"http:\/\/www.schoene-nachrichten.de\/wp-content\/uploads\/2008\/04\/080410_Rallye_08.jpg\" target=\"_blank\"><img decoding=\"async\" src=\"http:\/\/www.schoene-nachrichten.de\/wp-content\/uploads\/2008\/04\/080410_Rallye_08.thumbnail.jpg\" alt=\"080410_Rallye_08.jpg\" width=\"128\" \/><\/a> <a title=\"Marco Hellwig\" rel=\"lightbox[roadtrip]\" href=\"http:\/\/www.schoene-nachrichten.de\/wp-content\/uploads\/2008\/04\/080410_Rallye_09.jpg\" target=\"_blank\"><img decoding=\"async\" src=\"http:\/\/www.schoene-nachrichten.de\/wp-content\/uploads\/2008\/04\/080410_Rallye_09.thumbnail.jpg\" alt=\"080410_Rallye_09.jpg\" width=\"128\" \/><\/a><\/p>\n<p>Platz zwei wurde von Rainer Noller im Mitsubishi Lancer und Marco Koch im Opel Kadett C Coupe bitter umk\u00e4mpft. Koch konnte mit seinem Hecktriebler absolut nichts gegen den Allradler von Noller ausrichten, obwohl er sogar im Regen &#8220;allerletzte Rille&#8221; fuhr. Uwe Kiehm aus Willofs belegte mit seinem Beifahrer Carsten Decher einen guten siebten Gesamtrang und wurde dritter in der Klasse H 13, die von Marco Koch gewonnen wurde.<\/p>\n<p><a title=\"Marco Hellwig\" rel=\"lightbox[roadtrip]\" href=\"http:\/\/www.schoene-nachrichten.de\/wp-content\/uploads\/2008\/04\/080410_Rallye_10.jpg\" target=\"_blank\"><img decoding=\"async\" src=\"http:\/\/www.schoene-nachrichten.de\/wp-content\/uploads\/2008\/04\/080410_Rallye_10.thumbnail.jpg\" alt=\"080410_Rallye_10.jpg\" width=\"128\" \/><\/a> <a title=\"Marco Hellwig\" rel=\"lightbox[roadtrip]\" href=\"http:\/\/www.schoene-nachrichten.de\/wp-content\/uploads\/2008\/04\/080410_Rallye_11.jpg\" target=\"_blank\"><img decoding=\"async\" src=\"http:\/\/www.schoene-nachrichten.de\/wp-content\/uploads\/2008\/04\/080410_Rallye_11.thumbnail.jpg\" alt=\"080410_Rallye_11.jpg\" width=\"128\" \/><\/a> <a title=\"Marco Hellwig\" rel=\"lightbox[roadtrip]\" href=\"http:\/\/www.schoene-nachrichten.de\/wp-content\/uploads\/2008\/04\/080410_Rallye_12.jpg\" target=\"_blank\"><img decoding=\"async\" src=\"http:\/\/www.schoene-nachrichten.de\/wp-content\/uploads\/2008\/04\/080410_Rallye_12.thumbnail.jpg\" alt=\"080410_Rallye_12.jpg\" width=\"128\" \/><\/a><\/p>\n<p>Als Test f\u00fcr den Lauf zum HJS Diesel Cup im Erzgebirge nutzte das Team Bj\u00f6rn Mohr und Copilot Oliver Becker die Rallye, um ihren neuen Opel Astra GTC TDI ausgiebig kennen zu lernen. Die beiden konnten die Rallye als 23. beenden und wurden dritte in der Klasse N5.<\/p>\n<p><a title=\"Marco Hellwig\" rel=\"lightbox[roadtrip]\" href=\"http:\/\/www.schoene-nachrichten.de\/wp-content\/uploads\/2008\/04\/080410_Rallye_13.jpg\" target=\"_blank\"><img decoding=\"async\" src=\"http:\/\/www.schoene-nachrichten.de\/wp-content\/uploads\/2008\/04\/080410_Rallye_13.thumbnail.jpg\" alt=\"080410_Rallye_13.jpg\" width=\"128\" \/><\/a> <a title=\"Marco Hellwig\" rel=\"lightbox[roadtrip]\" href=\"http:\/\/www.schoene-nachrichten.de\/wp-content\/uploads\/2008\/04\/080410_Rallye_14.jpg\" target=\"_blank\"><img decoding=\"async\" src=\"http:\/\/www.schoene-nachrichten.de\/wp-content\/uploads\/2008\/04\/080410_Rallye_14.thumbnail.jpg\" alt=\"080410_Rallye_14.jpg\" width=\"128\" \/><\/a> <a title=\"Marco Hellwig\" rel=\"lightbox[roadtrip]\" href=\"http:\/\/www.schoene-nachrichten.de\/wp-content\/uploads\/2008\/04\/080410_Rallye_15.jpg\" target=\"_blank\"><img decoding=\"async\" src=\"http:\/\/www.schoene-nachrichten.de\/wp-content\/uploads\/2008\/04\/080410_Rallye_15.thumbnail.jpg\" alt=\"080410_Rallye_15.jpg\" width=\"128\" \/><\/a><\/p>\n<p>Auch die Fans der \u00e4lteren Sch\u00e4tze des Automobilbaus wurden f\u00fcr das ausharren im str\u00f6menden Regen belohnt. Zusammen mit der Rallye 200 wurde auch die 8. Historic Rallye (<a href=\"http:\/\/www.historic-rallye-cup.de\/\">www.historic-rallye-cup.de<\/a>) ausgetragen. Fahrzeuge wie der Mitsubishi Lancer Turbo, Ford Escort RS 2000, Porsche 911 oder auch der Opel Kadett C Coupe GTE starteten vor dem Hauptfeld zu ihrer Gleichm\u00e4\u00dfigkeitsfahrt. Bei dieser Disziplin muss die Strecke in einer vorgegebenen Zeit befahren und nach M\u00f6glichkeit die Ziellinie auf die Sekunde \u00fcberquert werden. Historische L\u00e4ufe sind immer wieder interessant, um zu sehen, mit welchen Boliden fr\u00fcher gefahren wurde. Manch vergessenen, aber dennoch interessanten Oldtimer kann man bei diesen L\u00e4ufen bewundern.<\/p>\n<p><a title=\"Marco Hellwig\" rel=\"lightbox[roadtrip]\" href=\"http:\/\/www.schoene-nachrichten.de\/wp-content\/uploads\/2008\/04\/080410_Rallye_16.jpg\" target=\"_blank\"><img decoding=\"async\" src=\"http:\/\/www.schoene-nachrichten.de\/wp-content\/uploads\/2008\/04\/080410_Rallye_16.thumbnail.jpg\" alt=\"080410_Rallye_16.jpg\" width=\"128\" \/><\/a> <a title=\"Marco Hellwig\" rel=\"lightbox[roadtrip]\" href=\"http:\/\/www.schoene-nachrichten.de\/wp-content\/uploads\/2008\/04\/080410_Rallye_17.jpg\" target=\"_blank\"><img decoding=\"async\" src=\"http:\/\/www.schoene-nachrichten.de\/wp-content\/uploads\/2008\/04\/080410_Rallye_17.thumbnail.jpg\" alt=\"080410_Rallye_17.jpg\" width=\"128\" \/><\/a> <a title=\"Marco Hellwig\" rel=\"lightbox[roadtrip]\" href=\"http:\/\/www.schoene-nachrichten.de\/wp-content\/uploads\/2008\/04\/080410_Rallye_18.jpg\" target=\"_blank\"><img decoding=\"async\" src=\"http:\/\/www.schoene-nachrichten.de\/wp-content\/uploads\/2008\/04\/080410_Rallye_18.thumbnail.jpg\" alt=\"080410_Rallye_18.jpg\" width=\"128\" \/><\/a><\/p>\n<p>Trotz des schlechten Wetters am Samstag wurde die Veranstaltung gut besucht. Viele Fans standen tapfer bis zum Ende der Rallye am Streckenrand und feuerten ihre Idole und Vorbilder an. Dank der vielen Helfer konnte der ASC Melsungen eine klasse Veranstaltung in der nationalen Rallyeszene auf die Beine stellen.<\/p>\n<p><a title=\"Marco Hellwig\" rel=\"lightbox[roadtrip]\" href=\"http:\/\/www.schoene-nachrichten.de\/wp-content\/uploads\/2008\/04\/080410_Rallye_25.jpg\" target=\"_blank\"><img decoding=\"async\" src=\"http:\/\/www.schoene-nachrichten.de\/wp-content\/uploads\/2008\/04\/080410_Rallye_25.thumbnail.jpg\" alt=\"080410_Rallye_25.jpg\" width=\"128\" \/><\/a> <a title=\"Marco Hellwig\" rel=\"lightbox[roadtrip]\" href=\"http:\/\/www.schoene-nachrichten.de\/wp-content\/uploads\/2008\/04\/080410_Rallye_26.jpg\" target=\"_blank\"><img decoding=\"async\" src=\"http:\/\/www.schoene-nachrichten.de\/wp-content\/uploads\/2008\/04\/080410_Rallye_26.thumbnail.jpg\" alt=\"080410_Rallye_26.jpg\" width=\"128\" \/><\/a> <a title=\"Marco Hellwig\" rel=\"lightbox[roadtrip]\" href=\"http:\/\/www.schoene-nachrichten.de\/wp-content\/uploads\/2008\/04\/080410_Rallye_27.jpg\" target=\"_blank\"><img decoding=\"async\" src=\"http:\/\/www.schoene-nachrichten.de\/wp-content\/uploads\/2008\/04\/080410_Rallye_27.thumbnail.jpg\" alt=\"080410_Rallye_27.jpg\" width=\"128\" \/><\/a><\/p>\n<p>Gewertet wurde die Veranstaltung zu folgenden Pr\u00e4dikaten: DMSB Automobil Rallye Pokal Region Mitte, Nationale Rallyemeisterschaft ADAC Hessen Th\u00fcringen, Nordhessenpokal, Rallye H-Trophy 2008, Rallye Wartburg Cup 2008, Hessische Automobil Rallyemeisterschaft HFM, Sportabzeichen des ADAC, AvD und DMV nach deren jeweiligen Verleihungsbestimmungen.<\/p>\n<p>Weitere Ergebnisse der Veranstaltung finden Sie unter <a href=\"http:\/\/www.asc-melsungen.de\">www.asc-melsungen.de<\/a>.<\/p>\n","protected":false},"excerpt":{"rendered":"<div class=\"tmnf_excerpt\"><p>Motorsport. Der ASC Melsungen konnte am vergangenen Wochenende mehr als 100 Starter in der Kulturhalle Spangenberg begr\u00fc\u00dfen. Von Anfang an konnte der Sieger der Rallye &#8220;Auf nach Melsungen&#8221; 2006, Carsten Alexy, das Feld dominieren. Bei diesen Witterungverh\u00e4ltnissen konnte der allradbetriebene Audi S2 Quattro nur von Vorteil sein. Fotos (27): Denny Rausch<\/p>\n<\/div>","protected":false},"author":1,"featured_media":0,"comment_status":"closed","ping_status":"closed","sticky":false,"template":"","format":"standard","meta":{"footnotes":""},"categories":[1,35,54,72,46],"tags":[],"class_list":["post-8674","post","type-post","status-publish","format-standard","hentry","category-startseite","category-auto","category-bildergalerien","category-jugend","category-sport"],"_links":{"self":[{"href":"https:\/\/www.fuldaernachrichten.de\/index.php?rest_route=\/wp\/v2\/posts\/8674","targetHints":{"allow":["GET"]}}],"collection":[{"href":"https:\/\/www.fuldaernachrichten.de\/index.php?rest_route=\/wp\/v2\/posts"}],"about":[{"href":"https:\/\/www.fuldaernachrichten.de\/index.php?rest_route=\/wp\/v2\/types\/post"}],"author":[{"embeddable":true,"href":"https:\/\/www.fuldaernachrichten.de\/index.php?rest_route=\/wp\/v2\/users\/1"}],"replies":[{"embeddable":true,"href":"https:\/\/www.fuldaernachrichten.de\/index.php?rest_route=%2Fwp%2Fv2%2Fcomments&post=8674"}],"version-history":[{"count":0,"href":"https:\/\/www.fuldaernachrichten.de\/index.php?rest_route=\/wp\/v2\/posts\/8674\/revisions"}],"wp:attachment":[{"href":"https:\/\/www.fuldaernachrichten.de\/index.php?rest_route=%2Fwp%2Fv2%2Fmedia&parent=8674"}],"wp:term":[{"taxonomy":"category","embeddable":true,"href":"https:\/\/www.fuldaernachrichten.de\/index.php?rest_route=%2Fwp%2Fv2%2Fcategories&post=8674"},{"taxonomy":"post_tag","embeddable":true,"href":"https:\/\/www.fuldaernachrichten.de\/index.php?rest_route=%2Fwp%2Fv2%2Ftags&post=8674"}],"curies":[{"name":"wp","href":"https:\/\/api.w.org\/{rel}","templated":true}]}}