{"id":86731,"date":"2011-06-04T00:23:44","date_gmt":"2011-06-04T00:23:44","guid":{"rendered":"http:\/\/www.fuldaer-nachrichten.de\/?p=86731"},"modified":"2011-06-04T06:43:58","modified_gmt":"2011-06-04T06:43:58","slug":"einsatzreiches-jahr-der-feuerwehr-nord-mehr-als-5-000-stunden-im-dienst-der-burger","status":"publish","type":"post","link":"https:\/\/www.fuldaernachrichten.de\/?p=86731","title":{"rendered":"Einsatzreiches Jahr der Feuerwehr Nord &#8211; Mehr als 5.000 Stunden im Dienst der B\u00fcrger"},"content":{"rendered":"<p><strong><img decoding=\"async\" class=\"alignleft size-thumbnail wp-image-86732\" title=\"110603_JHV\" src=\"http:\/\/www.fuldaer-nachrichten.de\/wp-content\/uploads\/2011\/06\/110603_JHV-265x162.jpg\" alt=\"\" width=\"265\" height=\"162\" srcset=\"https:\/\/www.fuldaernachrichten.de\/wp-content\/uploads\/2011\/06\/110603_JHV-265x162.jpg 265w, https:\/\/www.fuldaernachrichten.de\/wp-content\/uploads\/2011\/06\/110603_JHV.jpg 592w\" sizes=\"(max-width: 265px) 100vw, 265px\" \/>Fulda.<\/strong> Zur Jahreshauptversammlung der Freiwillige Feuerwehr Fulda Nord konnte Wehrf\u00fchrer Dieter Br\u00e4hler Oberb\u00fcrgermeister Gerhard M\u00f6ller sowie G\u00e4ste aus der Politik und befreundeter Vereine begr\u00fc\u00dfen. 2010 hatten die Feuerwehrleute des St\u00fctzpunktes Nord 65 Eins\u00e4tze zu bew\u00e4ltigen. Um den vielf\u00e4ltigen Anforderungen bei diesen Eins\u00e4tzen gerecht zu werden, wurden von den Aktiven 4925 \u00dcbungs- und Ausbildungsstunden erbracht. Neben Brandeins\u00e4tzen wurde die FF Nord auch zu Verkehrsunf\u00e4llen und Gefahrguteins\u00e4tzen alarmiert. Der gr\u00f6\u00dfte und gef\u00e4hrlichste Einsatz f\u00fcr die FF Nord war der Brand in der Fa. Teclac, bei welchem 32 Einsatzkr\u00e4fte aus Nord bis zu 16 Stunden eingesetzt wurden.<!--more--><\/p>\n<p><strong>Ausgezeichnete Jugendarbeit<\/strong><\/p>\n<p>\u00dcber die Jugendarbeit berichtet Jugendfeuerwehrwart Marco Brenzel. 5 Jugendliche wechselten in die Einsatzabteilung, drei neue Mitglieder konnte die JF Nord gewinnen. Die 21 Jugendlichen errangen den 1. Platz beim Stadtpokal und bestanden auf Anhieb die Leistungsspange. Erstmals f\u00fchrte die JF einen Berufsfeuerwehrtag durch. Neuwahlen gab es bei der Jugendfeuerwehr. Zum Jugendgruppenleiter wurde Kilian Kloberdanz gew\u00e4hlt. Ihm zur Seite steht Simon Ulrich als Stellvertreter.<\/p>\n<p>Die Jungen und M\u00e4dchen absolvierten im Berichtsjahr 343 Stunden feuerwehrtechnischer und 279 allgemeiner Jugendarbeit.\u00c2\u00a0 In Lehnerz und Niesig organisierte die Jugendfeuerwehr das allj\u00e4hrliche Hutzelfeuer. Und auch im Umweltschutz waren die Jugendlichen aktiv. Abschlie\u00dfend dankte Brenzel den Eltern der Jugendlichen und seinem Stellvertreter f\u00fcr die Unterst\u00fctzung.<\/p>\n<p>In seinem Gru\u00dfwort \u00fcberbrachte Oberb\u00fcrgermeister M\u00f6ller die Gr\u00fc\u00dfe der st\u00e4dtischen Gremien sowie der Ortsvorsteher und dankte den Aktiven in Einsatzabteilung und Jugendfeuerwehr. \u201eDie Freiwillige Feuerwehr Nord habe in beeindruckender Weise zur Sicherheit der Stadt Fulda beigetragen\u201c, so der Verwaltungschef. Auch den Feuerwehrvereinen dankte er f\u00fcr die erbrachten Leistungen, stellen diese doch ein wichtiges Bindeglied in die Gemeinden dar. F\u00fcr die Nachwuchsgewinnung sind sie unverzichtbar.<\/p>\n<p><strong>Gedenken an R\u00fcdiger Fladung<\/strong><\/p>\n<p>Der Amtsleiter der Feuerwehr Fulda, Thomas Hinz, erinnerte an den verstorben stellv. Amtsleiter R\u00fcdiger Fladung. Unter anderem sei die Entstehung des St\u00fctzpunktes und FF Nord war sein Kind gewesen. Er hat daf\u00fcr die strategischen Grundlagen geschaffen. Es gibt kaum einen gr\u00f6\u00dferen Einsatz im Stadtgebiet ohne eine Alarmierung von Nord. Hinz erinnerte daran, dass bei dem Einsatz bei der Fa. Teclac, um ein Haar vier Einsatzkr\u00e4fte ihr Leben verloren h\u00e4tten. Dass es bei dem gef\u00e4hrlichen Dienst vergleichsweise wenige Unf\u00e4lle g\u00e4be, sei auch auf die gute Ausbildung zur\u00fcckzuf\u00fchren. Am St\u00fctzpunkt Nord stehen daf\u00fcr\u00c2\u00a0 gute Ausbildungs- und Trainingsm\u00f6glichkeiten zur Verf\u00fcgung.<\/p>\n<p>Als wichtiges Mittel f\u00fcr die Sicherstellung der Tagesalarmsicherheit hat sich die Doppelmitgliedschaft einiger Feuerwehrkameraden erwiesen. Diese Kameraden wohnen au\u00dferhalb Fuldas und arbeiten in der N\u00e4he der St\u00fctzpunkte Nord oder Fulda Mitte. Der St\u00fctzpunkt Nord ist mit seiner N\u00e4he zur Fachhochschule und zum Gewerbegebiet daf\u00fcr ideal. Aufgrund der erfolgreichen Teilnahme an Lehrg\u00e4nge und Fortbildungen konnte der Amtsleiter den stellvertretenden Wehrf\u00fchrer der Feuerwehr Nord, J\u00fcrgen Dietrich, zum Oberbrandmeister bef\u00f6rdern.<\/p>\n<p><strong>25 Jahre aktive Mitgliedschaft<\/strong><\/p>\n<p>F\u00fcr 25 Jahre aktive Mitgliedschaft wurde Andreas Sauer das silberne Brandschutzehrenzeichen des Landes Hessen, die Plakette des Kurhessisch-Waldeckschen Feuerwehrverbandes in Bronze und die St.-Florians-Medaillie der Stadt Fulda \u00fcberreicht. Kai Riedel, Oliver Gr\u00fcnkorn, Ulrich Schmelter, Uwe Sauer und Marco Brenzel wurden f\u00fcr Ihre erfolgreiche Teilnahme an den Feuerwehrleistungs\u00fcbungen mit dem silbernen Leistungsabzeichen geehrt. F\u00fcr 40 Jahre Mitgliedschaft in der Feuerwehr Lehnerz wurde Frau Elfriede Biewald geehrt.<\/p>\n<p>Abschlie\u00dfend berichteten die beiden Vereinsvorst\u00e4nde Claus Hillenbrand und Markus Weber \u00fcber die zahlreichen Aktivit\u00e4ten der Feuerwehrvereine Lehnerz und Niesig. So wurde unter anderem ein Werbe- und Informationstag veranstaltet, bei welchem zahlreiche Besucher sich ein Bild \u00fcber die Arbeit der Feuerwehr machen konnten. Dank der finanziellen Unterst\u00fctzung der Vereine, konnte die Ausr\u00fcstung der Aktiven um warme Winterkleidung erg\u00e4nzt werden. Auch die Anschaffung verschiedener Sportger\u00e4te, f\u00fcr die pers\u00f6nliche Fitness der Einsatzkr\u00e4fte, war so m\u00f6glich.<\/p>\n","protected":false},"excerpt":{"rendered":"<div class=\"tmnf_excerpt\"><p>Fulda. Zur Jahreshauptversammlung der Freiwillige Feuerwehr Fulda Nord konnte Wehrf\u00fchrer Dieter Br\u00e4hler Oberb\u00fcrgermeister Gerhard M\u00f6ller sowie G\u00e4ste aus der Politik und befreundeter Vereine begr\u00fc\u00dfen. 2010 hatten die Feuerwehrleute des St\u00fctzpunktes Nord 65 Eins\u00e4tze zu bew\u00e4ltigen. Um den vielf\u00e4ltigen Anforderungen bei diesen Eins\u00e4tzen gerecht zu werden, wurden von den Aktiven 4925 \u00dcbungs- und Ausbildungsstunden erbracht. Neben &hellip;<\/p>\n<\/div>","protected":false},"author":1,"featured_media":0,"comment_status":"closed","ping_status":"closed","sticky":false,"template":"","format":"standard","meta":{"footnotes":""},"categories":[1,71],"tags":[],"class_list":["post-86731","post","type-post","status-publish","format-standard","hentry","category-startseite","category-feuerwehr"],"_links":{"self":[{"href":"https:\/\/www.fuldaernachrichten.de\/index.php?rest_route=\/wp\/v2\/posts\/86731","targetHints":{"allow":["GET"]}}],"collection":[{"href":"https:\/\/www.fuldaernachrichten.de\/index.php?rest_route=\/wp\/v2\/posts"}],"about":[{"href":"https:\/\/www.fuldaernachrichten.de\/index.php?rest_route=\/wp\/v2\/types\/post"}],"author":[{"embeddable":true,"href":"https:\/\/www.fuldaernachrichten.de\/index.php?rest_route=\/wp\/v2\/users\/1"}],"replies":[{"embeddable":true,"href":"https:\/\/www.fuldaernachrichten.de\/index.php?rest_route=%2Fwp%2Fv2%2Fcomments&post=86731"}],"version-history":[{"count":0,"href":"https:\/\/www.fuldaernachrichten.de\/index.php?rest_route=\/wp\/v2\/posts\/86731\/revisions"}],"wp:attachment":[{"href":"https:\/\/www.fuldaernachrichten.de\/index.php?rest_route=%2Fwp%2Fv2%2Fmedia&parent=86731"}],"wp:term":[{"taxonomy":"category","embeddable":true,"href":"https:\/\/www.fuldaernachrichten.de\/index.php?rest_route=%2Fwp%2Fv2%2Fcategories&post=86731"},{"taxonomy":"post_tag","embeddable":true,"href":"https:\/\/www.fuldaernachrichten.de\/index.php?rest_route=%2Fwp%2Fv2%2Ftags&post=86731"}],"curies":[{"name":"wp","href":"https:\/\/api.w.org\/{rel}","templated":true}]}}