{"id":8667,"date":"2008-04-10T00:32:55","date_gmt":"2008-04-09T22:32:55","guid":{"rendered":"http:\/\/www.schoene-nachrichten.de\/?p=8667"},"modified":"2008-04-10T00:32:55","modified_gmt":"2008-04-09T22:32:55","slug":"bioerdgas-aus-dem-vogelsberg","status":"publish","type":"post","link":"https:\/\/www.fuldaernachrichten.de\/?p=8667","title":{"rendered":"Bioerdgas aus dem Vogelsberg?"},"content":{"rendered":"<p><strong>Lauterbach.<\/strong> K\u00fcrzlich fand in Lauterbach-Maar eine Informationsveranstaltung zum Thema Bioerdgas der Gas- und Wasserversorgung Osthessen GmbH (GWV) f\u00fcr den Kreisbauernverband Vogelsberg e.V. statt. Der Gesch\u00e4ftsf\u00fchrer des Kreisbauernverbandes Vogelsberg, Bernd Stumpf, begr\u00fc\u00dfte rund 15 interessierte Landwirte, die sich \u00fcber die M\u00f6glichkeiten einer Biogaseinspeisung in das GWV-Erdgasnetz informieren wollten.<!--more--><br \/>\nNach den einleitenden Worten Stumpfs erl\u00e4uterte der Referent, Dipl. Phys. Stefan Kunkel von der GWV Osthessen GmbH, wie eine Einspeisung des Biogases zu realisieren ist. Die politischen Rahmenbedingungen wurden bereits in 2007 von der EU geschaffen. Zur Zeit befinden sich einige Gesetze zu dieser Thematik in der Umsetzungsphase.<\/p>\n<p>So wird beispielsweise im Referentenentwurf des EEG (ErneuerbareEnergienGesetz) eine Biogaseinspeisung in Erdgasnetze von 60 Mrd. Kilowattstunden bis zum Jahr 2020 gefordert. Dazu im Vergleich: der Erdgasabsatz der GWV Osthessen lag im Jahr 2006 bei 1,1 Mrd. Kilowattstunden.<\/p>\n<p>Unter technischen und wirtschaftlichen Gesichtspunkten ist die attraktivste Variante die direkte Einspeisung in das Erdgasnetz nach Aufbereitung des Biogases. Hierzu ist jedoch ein hoch industrieller Prozess in rund zehn Arbeitsg\u00e4ngen notwendig, der viel Erfahrung des Anlagenbetreibers erfordert.<\/p>\n<p>In der regen Diskussion, die sich an das Referat anschloss, wurden zahlreiche Detailfragen angesprochen und erl\u00e4utert. Nach rund drei Stunden intensiven Dialogs wurde einvernehmlich festgestellt, dass eine Zusammenarbeit nur regional m\u00f6glich ist \u2013 und sich damit Landwirtschaft und Gas- und Wasserversorgung Osthessen ideal erg\u00e4nzen.<\/p>\n","protected":false},"excerpt":{"rendered":"<div class=\"tmnf_excerpt\"><p>Lauterbach. K\u00fcrzlich fand in Lauterbach-Maar eine Informationsveranstaltung zum Thema Bioerdgas der Gas- und Wasserversorgung Osthessen GmbH (GWV) f\u00fcr den Kreisbauernverband Vogelsberg e.V. statt. Der Gesch\u00e4ftsf\u00fchrer des Kreisbauernverbandes Vogelsberg, Bernd Stumpf, begr\u00fc\u00dfte rund 15 interessierte Landwirte, die sich \u00fcber die M\u00f6glichkeiten einer Biogaseinspeisung in das GWV-Erdgasnetz informieren wollten.<\/p>\n<\/div>","protected":false},"author":1,"featured_media":0,"comment_status":"closed","ping_status":"closed","sticky":false,"template":"","format":"standard","meta":{"footnotes":""},"categories":[1,52],"tags":[],"class_list":["post-8667","post","type-post","status-publish","format-standard","hentry","category-startseite","category-umwelt"],"_links":{"self":[{"href":"https:\/\/www.fuldaernachrichten.de\/index.php?rest_route=\/wp\/v2\/posts\/8667","targetHints":{"allow":["GET"]}}],"collection":[{"href":"https:\/\/www.fuldaernachrichten.de\/index.php?rest_route=\/wp\/v2\/posts"}],"about":[{"href":"https:\/\/www.fuldaernachrichten.de\/index.php?rest_route=\/wp\/v2\/types\/post"}],"author":[{"embeddable":true,"href":"https:\/\/www.fuldaernachrichten.de\/index.php?rest_route=\/wp\/v2\/users\/1"}],"replies":[{"embeddable":true,"href":"https:\/\/www.fuldaernachrichten.de\/index.php?rest_route=%2Fwp%2Fv2%2Fcomments&post=8667"}],"version-history":[{"count":0,"href":"https:\/\/www.fuldaernachrichten.de\/index.php?rest_route=\/wp\/v2\/posts\/8667\/revisions"}],"wp:attachment":[{"href":"https:\/\/www.fuldaernachrichten.de\/index.php?rest_route=%2Fwp%2Fv2%2Fmedia&parent=8667"}],"wp:term":[{"taxonomy":"category","embeddable":true,"href":"https:\/\/www.fuldaernachrichten.de\/index.php?rest_route=%2Fwp%2Fv2%2Fcategories&post=8667"},{"taxonomy":"post_tag","embeddable":true,"href":"https:\/\/www.fuldaernachrichten.de\/index.php?rest_route=%2Fwp%2Fv2%2Ftags&post=8667"}],"curies":[{"name":"wp","href":"https:\/\/api.w.org\/{rel}","templated":true}]}}