{"id":8665,"date":"2008-04-10T00:23:40","date_gmt":"2008-04-09T22:23:40","guid":{"rendered":"http:\/\/www.schoene-nachrichten.de\/?p=8665"},"modified":"2008-04-09T23:46:59","modified_gmt":"2008-04-09T21:46:59","slug":"besuch-in-der-kindertagesstaette-regenbogenland-in-salzgitter","status":"publish","type":"post","link":"https:\/\/www.fuldaernachrichten.de\/?p=8665","title":{"rendered":"Besuch in der Kindertagesst\u00e4tte \u201eRegenbogenland\u201c in Salzgitter"},"content":{"rendered":"<p><a href=\"http:\/\/www.schoene-nachrichten.de\/wp-content\/uploads\/2008\/04\/080409_kita_01.jpg\" rel=\"lightbox[roadtrip]\" target=\"_blank\" title=\"080409_kita_01.jpg\"><img decoding=\"async\" src=\"http:\/\/www.schoene-nachrichten.de\/wp-content\/uploads\/2008\/04\/080409_kita_01.thumbnail.jpg\" alt=\"080409_kita_01.jpg\" align=\"left\" hspace=\"5\" \/><\/a><strong>Burghaun\/Salzgitter.<\/strong> Verbl\u00fcffende \u00c4hnlichkeiten konnte die Leiterin der Kindertagesst\u00e4tte \u201eRegenbogenland\u201c in Burghaun, Susanne Schmidt, feststellen, als sie sich im Internet auf die Suche nach einer vergleichbaren Einrichtung begeben hatte. <!--more--><\/p>\n<p>Im nieders\u00e4chsischen Salzgitter fand sie eine Kinderbetreuungseinrichtung, die nicht nur den gleichen Namen wie ihre Einrichtung in Burghaun hat, nein, die KITA \u201eRegenbogenland\u201c in Salzgitter verf\u00fcgt auch \u00fcber ein vergleichbar umfassendes Betreuungsangebot wie die KITA in Burghaun. Von der Kindergrippe bis zum Hort wird in Salzgitter eine Betreuung f\u00fcr Kinder von 0 bis 12 Jahren unter der Tr\u00e4gerschaft der Arbeiterwohlfahrt geboten.<\/p>\n<p>Mitten im Ortsteil Fredenberg liegt die KITA in Salzgitter. Sie bietet Platz f\u00fcr 135 Kinder zwischen 0 und 12 Jahren, die dort gemeinsam leben und lernen.<\/p>\n<p>Das Angebot in Salzgitter umfasst die Betreuung von 0-3j\u00e4hrigen Kindern. Die  Kindergartengruppen stehen Kindern von 3 Jahren bis zum Schuleintritt offen. Im Hort werden Grundschulkinder betreut.<\/p>\n<p>Die dortige Konzeption besagt. \u201eJedes Kind ist wichtig. Wir bem\u00fchen uns intensiv, die von uns betreuten Kinder kennen zu lernen und f\u00fcr jedes Kind ein individuelles Betreuungs- und Lernangebot zu finden. Alle Kinder sollen bei uns einen Raum finden, in dem sie ihre W\u00fcnsche und Ideen realisieren k\u00f6nnen.\u201c<\/p>\n<p>In einer separaten K\u00fcche wird jeden Tag f\u00fcr die Kinder ein leckeres, frisches und gesundes Mittagessen zubereitet. Auch Krippenkinder, Allergiker oder Muslime bekommen eine Mahlzeit nach ihren Bed\u00fcrfnissen.<\/p>\n<p>Da nach einer Bedarfserhebung der Gemeindeverwaltung Burghaun Ende des Jahres 2007 sich auch Bedarf f\u00fcr die Einrichtung einer Kindergrippe in der Marktgemeinde abzeichnet, besuchten B\u00fcrgermeister Alexander Hohmann und Susanne Schmidt kurzerhand die KITA in Salzgitter, um sich vor Ort \u00fcber die dortige Arbeit und Organisation ein Bild zu machen. Sie zeigten sich beeindruckt von der dortigen Konzeption und nahmen einige wertvolle Anregungen f\u00fcr die Arbeit und die zuk\u00fcnftige Ausgestaltung des Betreuungsangebotes mit nach Burghaun.<\/p>\n","protected":false},"excerpt":{"rendered":"<div class=\"tmnf_excerpt\"><p>Burghaun\/Salzgitter. Verbl\u00fcffende \u00c4hnlichkeiten konnte die Leiterin der Kindertagesst\u00e4tte \u201eRegenbogenland\u201c in Burghaun, Susanne Schmidt, feststellen, als sie sich im Internet auf die Suche nach einer vergleichbaren Einrichtung begeben hatte.<\/p>\n<\/div>","protected":false},"author":1,"featured_media":0,"comment_status":"closed","ping_status":"closed","sticky":false,"template":"","format":"standard","meta":{"footnotes":""},"categories":[1,72,29],"tags":[],"class_list":["post-8665","post","type-post","status-publish","format-standard","hentry","category-startseite","category-jugend","category-politik"],"_links":{"self":[{"href":"https:\/\/www.fuldaernachrichten.de\/index.php?rest_route=\/wp\/v2\/posts\/8665","targetHints":{"allow":["GET"]}}],"collection":[{"href":"https:\/\/www.fuldaernachrichten.de\/index.php?rest_route=\/wp\/v2\/posts"}],"about":[{"href":"https:\/\/www.fuldaernachrichten.de\/index.php?rest_route=\/wp\/v2\/types\/post"}],"author":[{"embeddable":true,"href":"https:\/\/www.fuldaernachrichten.de\/index.php?rest_route=\/wp\/v2\/users\/1"}],"replies":[{"embeddable":true,"href":"https:\/\/www.fuldaernachrichten.de\/index.php?rest_route=%2Fwp%2Fv2%2Fcomments&post=8665"}],"version-history":[{"count":0,"href":"https:\/\/www.fuldaernachrichten.de\/index.php?rest_route=\/wp\/v2\/posts\/8665\/revisions"}],"wp:attachment":[{"href":"https:\/\/www.fuldaernachrichten.de\/index.php?rest_route=%2Fwp%2Fv2%2Fmedia&parent=8665"}],"wp:term":[{"taxonomy":"category","embeddable":true,"href":"https:\/\/www.fuldaernachrichten.de\/index.php?rest_route=%2Fwp%2Fv2%2Fcategories&post=8665"},{"taxonomy":"post_tag","embeddable":true,"href":"https:\/\/www.fuldaernachrichten.de\/index.php?rest_route=%2Fwp%2Fv2%2Ftags&post=8665"}],"curies":[{"name":"wp","href":"https:\/\/api.w.org\/{rel}","templated":true}]}}