{"id":8659,"date":"2008-04-10T00:42:26","date_gmt":"2008-04-09T22:42:26","guid":{"rendered":"http:\/\/www.schoene-nachrichten.de\/?p=8659"},"modified":"2008-04-09T23:53:45","modified_gmt":"2008-04-09T21:53:45","slug":"opel-fahr-seit-ueber-sieben-jahrzehnten-in-fulda-zu-hause","status":"publish","type":"post","link":"https:\/\/www.fuldaernachrichten.de\/?p=8659","title":{"rendered":"Opel-Fahr seit \u00fcber sieben Jahrzehnten in Fulda zu Hause"},"content":{"rendered":"<p><strong>Fulda.<\/strong> Am Fuldaer Martin-Luther-Platz hat alles einmal klein angefangen. Heute ist das Haus Opel Fahr mit Werkstatt, Ausstellungsraum und Gebrauchtwagenschau am Andreasberg zu Hause. 125 Mitarbeiter, davon 12 Verk\u00e4ufer, z\u00e4hlt das heimische Unternehmen, das neben Fulda Dependancen in Hofbieber, Tann, H\u00fcnfeld sowie Bad Salzungen unterh\u00e4lt.<\/p>\n<p><strong>Fotos (3): <\/strong>Michael Schwab<\/p>\n<p><a href=\"http:\/\/www.schoene-nachrichten.de\/wp-content\/uploads\/2008\/04\/080409_opel_03.jpg\" rel=\"lightbox[roadtrip]\" target=\"_blank\" title=\"080409_opel_03.jpg\"><img decoding=\"async\" src=\"http:\/\/www.schoene-nachrichten.de\/wp-content\/uploads\/2008\/04\/080409_opel_03.thumbnail.jpg\" alt=\"080409_opel_03.jpg\" \/><\/a> <a href=\"http:\/\/www.schoene-nachrichten.de\/wp-content\/uploads\/2008\/04\/080409_opel_01.jpg\" rel=\"lightbox[roadtrip]\" target=\"_blank\" title=\"080409_opel_01.jpg\"> <img decoding=\"async\" src=\"http:\/\/www.schoene-nachrichten.de\/wp-content\/uploads\/2008\/04\/080409_opel_01.thumbnail.jpg\" alt=\"080409_opel_01.jpg\" \/><\/a> <a href=\"http:\/\/www.schoene-nachrichten.de\/wp-content\/uploads\/2008\/04\/080409_opel_02.jpg\" rel=\"lightbox[roadtrip]\" target=\"_blank\" title=\"080409_opel_02.jpg\"><img decoding=\"async\" src=\"http:\/\/www.schoene-nachrichten.de\/wp-content\/uploads\/2008\/04\/080409_opel_02.thumbnail.jpg\" alt=\"080409_opel_02.jpg\" \/><\/a><\/p>\n<p><!--more--><br \/>\nFuldas OB und Wirtschaftsdezernent Gerhard M\u00f6ller nutzte die Gelegenheit eines Firmenbesuches, um sich durch Gesch\u00e4ftsf\u00fchrer Reinhard Kolb \u00fcber den aktuellen Stand der Fa. Wolfgang Fahr GmbH &amp; Co. KG in der Region und Opel bundesweit informieren zu lassen.<\/p>\n<p>Bundesweit hat sich  der Opel-Marktanteil in den letzten mehr als 10 Jahren leider negativ entwickelt. Die stramme Umstrukturierung im Haus Opel seit 1. Oktober 2003 hat jedoch Wirkung gezeigt. Die Marke erholt sich von ihrem Abw\u00e4rtstrend. \u201eWir k\u00f6nnen unseren Kunden hervorragende Produkte anbieten\u201c, betont Kolb im Gespr\u00e4ch mit dem OB.<\/p>\n<p>Agila, Zafira, Meriva, Astra oder Corsa sind Modelle mit einem hohen Nutzwert, wie der Corsa, aber auch Fahrzeuge, die sehr emotional die Sinne ansprechen, meint der Opel-Gesch\u00e4ftsf\u00fchrer. In K\u00fcrze erg\u00e4nzt der neue \u201eInsignia\u201c die attraktive Produktpalette. Trotz der Probleme der Mutterhauses ist und bleibt Opel Fahr in Fulda eine feste Gr\u00f6\u00dfe im Pool der Autoanbieter. Mit einem Marktanteil von 16,31 % war das Autohaus am Andreasberg im vergangenen Jahr Marktf\u00fchrer in Fulda.<\/p>\n<p>Wegen der guten Ausgangslage vor Ort und um sich fit f\u00fcr die Zukunft zu machen, hat das heimische Unternehmen noch einiges in n\u00e4chster Zeit vor. \u201eWir planen gr\u00f6\u00dfere bauliche Ver\u00e4nderungen\u201c, k\u00fcndigte Kolb an.<\/p>\n<p>Auch das Mutterhaus hat einiges vor, nachdem die Talsohle inzwischen \u00fcberschritten ist. Da seit Jahren ein scharfer Wettbewerb unter den Werkst\u00e4tten entbrannt ist, soll eine nationale Inspektionswerbeoffensive von Opel eigene Kunden-, aber auch die Fahrer \u00e4lterer Fahrzeuge in die Vertragswerkst\u00e4tten der R\u00fcsselsheimer f\u00fchren. Das Treffen mit Fuldas Wirtschaftsdezernent nutzte Kolb auch, um noch einmal an die Geschichte des Autohauses zu erinnern.<\/p>\n<p>Am 1. September 1937 hatte Dr. Wolfgang Fahr den H\u00e4ndlervertrag mit Opel zum Vertrieb der Marke in der Region abgeschlossen. Fahr war von Haus aus Lehrer und arbeitete im heutigen Dipperzer Ortsteil Finkenhain. Als er mit dem nationalsozialistischen Regime in Konflikt geriet, wechselte er kurz entschlossen sein Metier und wandte sich der Automobilbranche zu.<\/p>\n<p>\u201eNach achtt\u00e4tigen Verhandlungen hatte Fahr den Vertrag mit Opel in der Tasche\u201c, berichtete Kolb. Am Martin-Luther-Platz, wo Kolb selbst noch in die Lehre ging, hatte Fahr dann seinen Gesch\u00e4ftsbetrieb aufgenommen. Heute noch ist Tochter Gudrun Krebs-Fahr mehrheitlich am Autohaus Opel Fahr beteiligt und f\u00fchrt die Familientradition fort.<\/p>\n<p>Erfreut \u00fcber die positive Entwicklung des Fuldaer Unternehmens zeigte sich Wirtschaftsdezernent M\u00f6ller. Die Marke und der Name Opel Fahr haben ihren festen Platz in der Region. M\u00f6ller sicherte zu, jederzeit helfend zur Seite zu stehen, wenn Hilfe der Stadt bei der weiteren Entwicklung von Opel Fahr ben\u00f6tigt werde. (mb)<\/p>\n","protected":false},"excerpt":{"rendered":"<div class=\"tmnf_excerpt\"><p>Fulda. Am Fuldaer Martin-Luther-Platz hat alles einmal klein angefangen. Heute ist das Haus Opel Fahr mit Werkstatt, Ausstellungsraum und Gebrauchtwagenschau am Andreasberg zu Hause. 125 Mitarbeiter, davon 12 Verk\u00e4ufer, z\u00e4hlt das heimische Unternehmen, das neben Fulda Dependancen in Hofbieber, Tann, H\u00fcnfeld sowie Bad Salzungen unterh\u00e4lt. Fotos (3): Michael Schwab<\/p>\n<\/div>","protected":false},"author":1,"featured_media":0,"comment_status":"closed","ping_status":"closed","sticky":false,"template":"","format":"standard","meta":{"footnotes":""},"categories":[1,35,29],"tags":[],"class_list":["post-8659","post","type-post","status-publish","format-standard","hentry","category-startseite","category-auto","category-politik"],"_links":{"self":[{"href":"https:\/\/www.fuldaernachrichten.de\/index.php?rest_route=\/wp\/v2\/posts\/8659","targetHints":{"allow":["GET"]}}],"collection":[{"href":"https:\/\/www.fuldaernachrichten.de\/index.php?rest_route=\/wp\/v2\/posts"}],"about":[{"href":"https:\/\/www.fuldaernachrichten.de\/index.php?rest_route=\/wp\/v2\/types\/post"}],"author":[{"embeddable":true,"href":"https:\/\/www.fuldaernachrichten.de\/index.php?rest_route=\/wp\/v2\/users\/1"}],"replies":[{"embeddable":true,"href":"https:\/\/www.fuldaernachrichten.de\/index.php?rest_route=%2Fwp%2Fv2%2Fcomments&post=8659"}],"version-history":[{"count":0,"href":"https:\/\/www.fuldaernachrichten.de\/index.php?rest_route=\/wp\/v2\/posts\/8659\/revisions"}],"wp:attachment":[{"href":"https:\/\/www.fuldaernachrichten.de\/index.php?rest_route=%2Fwp%2Fv2%2Fmedia&parent=8659"}],"wp:term":[{"taxonomy":"category","embeddable":true,"href":"https:\/\/www.fuldaernachrichten.de\/index.php?rest_route=%2Fwp%2Fv2%2Fcategories&post=8659"},{"taxonomy":"post_tag","embeddable":true,"href":"https:\/\/www.fuldaernachrichten.de\/index.php?rest_route=%2Fwp%2Fv2%2Ftags&post=8659"}],"curies":[{"name":"wp","href":"https:\/\/api.w.org\/{rel}","templated":true}]}}