{"id":8652,"date":"2008-04-10T00:23:24","date_gmt":"2008-04-09T22:23:24","guid":{"rendered":"http:\/\/www.schoene-nachrichten.de\/?p=8652"},"modified":"2008-04-09T23:26:41","modified_gmt":"2008-04-09T21:26:41","slug":"waermepumpen-aktionswochen-uewag-praesentiert-fachvortraege","status":"publish","type":"post","link":"https:\/\/www.fuldaernachrichten.de\/?p=8652","title":{"rendered":"W\u00e4rmepumpen-Aktionswochen: \u00dcWAG pr\u00e4sentiert Fachvortr\u00e4ge"},"content":{"rendered":"<p><strong>Fulda.<\/strong> Im Rahmen der W\u00e4rmepumpen-Aktionswochen pr\u00e4sentiert die \u00dcWAG in ihrem Kundenzentrum in der Fuldaer Bahnhofstra\u00dfe am Freitag, 18. April 2008, drei Fachvortr\u00e4ge zur Nutzung von Umweltw\u00e4rme&#8230;<!--more--><\/p>\n<p>Egbert Tippelt von der Viessmann Werke GmbH &amp; Co. KG aus Allendorf berichtet ab 17:15 Uhr \u00fcber \u201eNeuere Entwicklungen in der W\u00e4rmepumpentechnik\u201c und stellt die Funktionsweise des vielseitigen Heizsystems vor. Gesch\u00e4ftsf\u00fchrer Dipl.-Ing. J\u00f6rg Uhde von der TERRA THERM Erdw\u00e4rme GmbH referiert \u00fcber das \u201eHeizen und K\u00fchlen mit Erdw\u00e4rme\u201c. Beginn seines Vortrags ist um 17:45 Uhr.<\/p>\n<p>\u201eZinsg\u00fcnstige F\u00f6rderdarlehen der KfW f\u00fcr W\u00e4rmepumpen\u201c sind ab 18:15 Uhr das Thema von Alexandra M\u00f6ller von der Sparkasse Fulda. Anschlie\u00dfend besteht bei einem kleinen Imbiss Gelegenheit zum Gespr\u00e4ch mit den Referenten und den Fachleuten aller an den W\u00e4rmepumpen-Aktionswochen beteiligten Unternehmen und Organisationen (\u00dcWAG, TERRA THERM Erdw\u00e4rme GmbH, Energie-Kreis Osthessen, Sparkasse Fulda und VR Genossenschaftsbank Fulda eG).<\/p>\n<p>Die W\u00e4rmepumpen-Aktionswochen dauern bis einschlie\u00dflich 30. April 2008. Die Informationsausstellung kann t\u00e4glich w\u00e4hrend der \u00d6ffnungszeiten von 09:00 bis 19:00 (samstags bis 13:00 Uhr) und am 18. und 25. April 2008 bis 20:00 Uhr im Kundenzentrum der \u00dcWAG besichtigt werden. Der Eintritt zur Ausstellung und zu allen Vortr\u00e4gen ist frei.<\/p>\n","protected":false},"excerpt":{"rendered":"<div class=\"tmnf_excerpt\"><p>Fulda. Im Rahmen der W\u00e4rmepumpen-Aktionswochen pr\u00e4sentiert die \u00dcWAG in ihrem Kundenzentrum in der Fuldaer Bahnhofstra\u00dfe am Freitag, 18. April 2008, drei Fachvortr\u00e4ge zur Nutzung von Umweltw\u00e4rme&#8230;<\/p>\n<\/div>","protected":false},"author":1,"featured_media":0,"comment_status":"closed","ping_status":"closed","sticky":false,"template":"","format":"standard","meta":{"footnotes":""},"categories":[35,52],"tags":[],"class_list":["post-8652","post","type-post","status-publish","format-standard","hentry","category-auto","category-umwelt"],"_links":{"self":[{"href":"https:\/\/www.fuldaernachrichten.de\/index.php?rest_route=\/wp\/v2\/posts\/8652","targetHints":{"allow":["GET"]}}],"collection":[{"href":"https:\/\/www.fuldaernachrichten.de\/index.php?rest_route=\/wp\/v2\/posts"}],"about":[{"href":"https:\/\/www.fuldaernachrichten.de\/index.php?rest_route=\/wp\/v2\/types\/post"}],"author":[{"embeddable":true,"href":"https:\/\/www.fuldaernachrichten.de\/index.php?rest_route=\/wp\/v2\/users\/1"}],"replies":[{"embeddable":true,"href":"https:\/\/www.fuldaernachrichten.de\/index.php?rest_route=%2Fwp%2Fv2%2Fcomments&post=8652"}],"version-history":[{"count":0,"href":"https:\/\/www.fuldaernachrichten.de\/index.php?rest_route=\/wp\/v2\/posts\/8652\/revisions"}],"wp:attachment":[{"href":"https:\/\/www.fuldaernachrichten.de\/index.php?rest_route=%2Fwp%2Fv2%2Fmedia&parent=8652"}],"wp:term":[{"taxonomy":"category","embeddable":true,"href":"https:\/\/www.fuldaernachrichten.de\/index.php?rest_route=%2Fwp%2Fv2%2Fcategories&post=8652"},{"taxonomy":"post_tag","embeddable":true,"href":"https:\/\/www.fuldaernachrichten.de\/index.php?rest_route=%2Fwp%2Fv2%2Ftags&post=8652"}],"curies":[{"name":"wp","href":"https:\/\/api.w.org\/{rel}","templated":true}]}}