{"id":865,"date":"2007-01-17T00:01:14","date_gmt":"2007-01-16T23:01:14","guid":{"rendered":"http:\/\/www.schoene-nachrichten.de\/?p=865"},"modified":"2007-01-17T00:30:18","modified_gmt":"2007-01-16T23:30:18","slug":"schneemangel-in-der-rhon-gute-pistenverhaltnisse-in-tirol","status":"publish","type":"post","link":"https:\/\/www.fuldaernachrichten.de\/?p=865","title":{"rendered":"Schneemangel in der Rh\u00f6n &#8211; gute Pistenverh\u00e4ltnisse in Tirol"},"content":{"rendered":"<p><strong>Tipp f\u00fcr Winterurlauber.<\/strong> In der Rh\u00f6n l\u00e4sst der Schnee auf sich warten, aber die Pistenverh\u00e4ltnisse in Nord- und Osttirol sind gut bis sehr gut. Das vermelden zumindest die\u00c2\u00a0f\u00fcnf Tiroler Gletscher sowie die betreffenden Wintersportzentren. Eine Beeintr\u00e4chtigung des Skispa\u00dfes gebe es derzeit nur auf s\u00fcdlichen H\u00e4ngen, die den Sonnenstrahlen ausgesetzt sind. In solchen F\u00e4llen sei die Talabfahrt nur eingeschr\u00e4nkt m\u00f6glich. Detaillierte Schnee- und Pisteninfos werden t\u00e4glich auf <a href=\"http:\/\/www.tirol.at\/schneebericht\" target=\"_blank\">www.tirol.at\/schneebericht<\/a> aktualisiert. Dort steht schwarz auf wei\u00df, wie es auf den Tiroler Pisten aussieht.<\/p>\n<p>\u00c2\u00a0<\/p>\n<p>Fotos (3):\u00c2\u00a0Tirol Info<\/p>\n<p>\u00c2\u00a0<\/p>\n<p><a title=\"Fotos (3): Tirol Info\" href=\"http:\/\/www.schoene-nachrichten.de\/wp-content\/uploads\/2007\/01\/070117_schnee_1.jpg\" target=\"_blank\"><img decoding=\"async\" id=\"image867\" height=\"96\" alt=\"070117_schnee_1.jpg\" src=\"http:\/\/www.schoene-nachrichten.de\/wp-content\/uploads\/2007\/01\/070117_schnee_1.thumbnail.jpg\" \/><\/a>\u00c2\u00a0<a title=\"Fotos (3): Tirol Info\" href=\"http:\/\/www.schoene-nachrichten.de\/wp-content\/uploads\/2007\/01\/070117_schnee_3.jpg\" target=\"_blank\"><img decoding=\"async\" id=\"image869\" height=\"96\" alt=\"070117_schnee_3.jpg\" src=\"http:\/\/www.schoene-nachrichten.de\/wp-content\/uploads\/2007\/01\/070117_schnee_3.thumbnail.jpg\" \/><\/a>\u00c2\u00a0<a title=\"Fotos (3): Tirol Info\" href=\"http:\/\/www.schoene-nachrichten.de\/wp-content\/uploads\/2007\/01\/070117_schnee_2.jpg\" target=\"_blank\"><img decoding=\"async\" id=\"image868\" height=\"96\" alt=\"070117_schnee_2.jpg\" src=\"http:\/\/www.schoene-nachrichten.de\/wp-content\/uploads\/2007\/01\/070117_schnee_2.thumbnail.jpg\" \/><\/a><\/p>\n","protected":false},"excerpt":{"rendered":"<div class=\"tmnf_excerpt\"><p>Tipp f\u00fcr Winterurlauber. In der Rh\u00f6n l\u00e4sst der Schnee auf sich warten, aber die Pistenverh\u00e4ltnisse in Nord- und Osttirol sind gut bis sehr gut. Das vermelden zumindest die\u00c2\u00a0f\u00fcnf Tiroler Gletscher sowie die betreffenden Wintersportzentren. Eine Beeintr\u00e4chtigung des Skispa\u00dfes gebe es derzeit nur auf s\u00fcdlichen H\u00e4ngen, die den Sonnenstrahlen ausgesetzt sind. In solchen F\u00e4llen sei die &hellip;<\/p>\n<\/div>","protected":false},"author":1,"featured_media":0,"comment_status":"closed","ping_status":"closed","sticky":false,"template":"","format":"standard","meta":{"footnotes":""},"categories":[1,46],"tags":[],"class_list":["post-865","post","type-post","status-publish","format-standard","hentry","category-startseite","category-sport"],"_links":{"self":[{"href":"https:\/\/www.fuldaernachrichten.de\/index.php?rest_route=\/wp\/v2\/posts\/865","targetHints":{"allow":["GET"]}}],"collection":[{"href":"https:\/\/www.fuldaernachrichten.de\/index.php?rest_route=\/wp\/v2\/posts"}],"about":[{"href":"https:\/\/www.fuldaernachrichten.de\/index.php?rest_route=\/wp\/v2\/types\/post"}],"author":[{"embeddable":true,"href":"https:\/\/www.fuldaernachrichten.de\/index.php?rest_route=\/wp\/v2\/users\/1"}],"replies":[{"embeddable":true,"href":"https:\/\/www.fuldaernachrichten.de\/index.php?rest_route=%2Fwp%2Fv2%2Fcomments&post=865"}],"version-history":[{"count":0,"href":"https:\/\/www.fuldaernachrichten.de\/index.php?rest_route=\/wp\/v2\/posts\/865\/revisions"}],"wp:attachment":[{"href":"https:\/\/www.fuldaernachrichten.de\/index.php?rest_route=%2Fwp%2Fv2%2Fmedia&parent=865"}],"wp:term":[{"taxonomy":"category","embeddable":true,"href":"https:\/\/www.fuldaernachrichten.de\/index.php?rest_route=%2Fwp%2Fv2%2Fcategories&post=865"},{"taxonomy":"post_tag","embeddable":true,"href":"https:\/\/www.fuldaernachrichten.de\/index.php?rest_route=%2Fwp%2Fv2%2Ftags&post=865"}],"curies":[{"name":"wp","href":"https:\/\/api.w.org\/{rel}","templated":true}]}}