{"id":8627,"date":"2008-04-09T00:22:59","date_gmt":"2008-04-08T22:22:59","guid":{"rendered":"http:\/\/www.schoene-nachrichten.de\/?p=8627"},"modified":"2008-04-08T23:38:33","modified_gmt":"2008-04-08T21:38:33","slug":"erfolgreicher-start-des-damenteams-iris-thurnherr-und-christina-kaiser-in-frankreich","status":"publish","type":"post","link":"https:\/\/www.fuldaernachrichten.de\/?p=8627","title":{"rendered":"Erfolgreicher Start des Damenteams Iris Thurnherr und Christina Kaiser in Frankreich"},"content":{"rendered":"<p><strong>Motorsport.<\/strong> Mit Ihrem Suzuki Swift Sport trat das Damenteam am 28. und 29. M\u00e4rz 2008 bei der Rallye &#8220;Pays du Gier&#8221; in Frankreich an. Die sehr langen Wertungspr\u00fcfungen auf bis zu 1500 H\u00f6henmetern, die schnellen Bergpassagen und die vielen aufeinanderfolgenden Kurven ohne Auslaufzonen, zeigten schon im Voraus, dass es eine der bislang anspruchsvollsten Veranstaltungen der beiden M\u00e4dels werden w\u00fcrde.<\/p>\n<p><a href=\"http:\/\/www.schoene-nachrichten.de\/wp-content\/uploads\/2008\/04\/080408_rallye_france1.jpg\" rel=\"lightbox[roadtrip]\" title=\"080408_rallye_france1.jpg\"><img decoding=\"async\" src=\"http:\/\/www.schoene-nachrichten.de\/wp-content\/uploads\/2008\/04\/080408_rallye_france1.thumbnail.jpg\" alt=\"080408_rallye_france1.jpg\" \/><\/a> <a href=\"http:\/\/www.schoene-nachrichten.de\/wp-content\/uploads\/2008\/04\/080408_rallye_france2.jpg\" rel=\"lightbox[roadtrip]\" title=\"080408_rallye_france2.jpg\"><img decoding=\"async\" src=\"http:\/\/www.schoene-nachrichten.de\/wp-content\/uploads\/2008\/04\/080408_rallye_france2.thumbnail.jpg\" alt=\"080408_rallye_france2.jpg\" \/><\/a><\/p>\n<p><!--more-->Am sp\u00e4ten Freitagabend starteten sie unter 154 Teilnehmern gegen 22:30 Uhr auf die ersten zwei Wertungspr\u00fcfungen, die \u00fcber eine Distanz von ca. 30 Kilometern verliefen. Der Regen kurz vor dem Start, wurde schon auf der ersten WP vielen Teilnehmern zum Verh\u00e4ngnis. Iris und Christina konnten den ersten Tag mit einem guten sechsten Platz und als zweitbeste Schweizer Starter in ihrer Klasse abschlie\u00dfen.<\/p>\n<p>Strahlender Sonnenschein am Samstagmorgen stimmte Iris und Christina positiv und die Vorfreude auf den anstehenden Tag, an dem noch acht weitere anspruchsvolle Wertungspr\u00fcfungen auf sie warteten, war gro\u00df. Die Ladies lie\u00dfen es vor den Massen an Zuschauern richtig krachen und lieferten beachtliche Zeiten ab. Am Ende der Rallye wurden Iris und Christina f\u00fcr Ihre Leistungen mit einem f\u00fcnften Platz von 15 Startern in der Klasse, als zweitbeste Schweizer und dem 59. Gesamtrang belohnt. Obwohl sie von f\u00fcnf teilnehmenden Damenteams mit dem leistungsschw\u00e4chsten Auto antraten, konnten sie auch die Damenwertung f\u00fcr sich entscheiden.<\/p>\n<p><strong>Die n\u00e4chste Veranstaltung der beiden wird der Lauf des Suzuki Rallye Cup bei der Rallye Erzgebirge am 11. und 12. April 2008 sein.<\/strong><\/p>\n","protected":false},"excerpt":{"rendered":"<div class=\"tmnf_excerpt\"><p>Motorsport. Mit Ihrem Suzuki Swift Sport trat das Damenteam am 28. und 29. M\u00e4rz 2008 bei der Rallye &#8220;Pays du Gier&#8221; in Frankreich an. Die sehr langen Wertungspr\u00fcfungen auf bis zu 1500 H\u00f6henmetern, die schnellen Bergpassagen und die vielen aufeinanderfolgenden Kurven ohne Auslaufzonen, zeigten schon im Voraus, dass es eine der bislang anspruchsvollsten Veranstaltungen der &hellip;<\/p>\n<\/div>","protected":false},"author":1,"featured_media":0,"comment_status":"closed","ping_status":"closed","sticky":false,"template":"","format":"standard","meta":{"footnotes":""},"categories":[1,35,72,46],"tags":[],"class_list":["post-8627","post","type-post","status-publish","format-standard","hentry","category-startseite","category-auto","category-jugend","category-sport"],"_links":{"self":[{"href":"https:\/\/www.fuldaernachrichten.de\/index.php?rest_route=\/wp\/v2\/posts\/8627","targetHints":{"allow":["GET"]}}],"collection":[{"href":"https:\/\/www.fuldaernachrichten.de\/index.php?rest_route=\/wp\/v2\/posts"}],"about":[{"href":"https:\/\/www.fuldaernachrichten.de\/index.php?rest_route=\/wp\/v2\/types\/post"}],"author":[{"embeddable":true,"href":"https:\/\/www.fuldaernachrichten.de\/index.php?rest_route=\/wp\/v2\/users\/1"}],"replies":[{"embeddable":true,"href":"https:\/\/www.fuldaernachrichten.de\/index.php?rest_route=%2Fwp%2Fv2%2Fcomments&post=8627"}],"version-history":[{"count":0,"href":"https:\/\/www.fuldaernachrichten.de\/index.php?rest_route=\/wp\/v2\/posts\/8627\/revisions"}],"wp:attachment":[{"href":"https:\/\/www.fuldaernachrichten.de\/index.php?rest_route=%2Fwp%2Fv2%2Fmedia&parent=8627"}],"wp:term":[{"taxonomy":"category","embeddable":true,"href":"https:\/\/www.fuldaernachrichten.de\/index.php?rest_route=%2Fwp%2Fv2%2Fcategories&post=8627"},{"taxonomy":"post_tag","embeddable":true,"href":"https:\/\/www.fuldaernachrichten.de\/index.php?rest_route=%2Fwp%2Fv2%2Ftags&post=8627"}],"curies":[{"name":"wp","href":"https:\/\/api.w.org\/{rel}","templated":true}]}}