{"id":86188,"date":"2011-05-20T00:05:45","date_gmt":"2011-05-20T00:05:45","guid":{"rendered":"http:\/\/www.fuldaer-nachrichten.de\/?p=86188"},"modified":"2011-05-20T15:01:57","modified_gmt":"2011-05-20T15:01:57","slug":"gartenlust-in-edlem-ambiente-das-furstliche-gartenfest-schloss-fasanerie-noch-bis-zum-sonntag","status":"publish","type":"post","link":"https:\/\/www.fuldaernachrichten.de\/?p=86188","title":{"rendered":"Gartenlust in edlem Ambiente: Das F\u00fcrstliche Gartenfest Schloss Fasanerie noch bis zum Sonntag"},"content":{"rendered":"<p><a title=\"Foto: Marzena Traber\" rel=\"lightbox[roadtrip]\" href=\"..\/wp-content\/uploads\/2011\/05\/_Gartenfest_198.jpg\" target=\"_blank\"><img decoding=\"async\" src=\"..\/wp-content\/uploads\/2011\/05\/_Gartenfest_198.jpg\" alt=\"_Gartenfest_198.jpg\" width=\"560\" \/><\/a><\/p>\n<p><strong>Fulda. <\/strong>Das 12. F\u00fcrstliche Gartenfest auf Schloss Fasanerie bei Fulda pr\u00e4sentiert sich noch bis Sonntag, 22. Mai, als Schaufenster f\u00fcr gehobene Gartenkultur und Lebensart. Unter der Schirmherrschaft von Moritz Landgraf von Hessen sind \u00fcber 160 ausgesuchte internationale Aussteller mit Pflanzen, Rarit\u00e4ten, hochwertigen Garten- und Landhausaccessoires, Handwerkskunst, ausgefallener Landmode und allerlei K\u00f6stlichkeiten vertreten. Rund um das diesj\u00e4hrige Sonderthema \u201eG\u00e4rten f\u00fcr alle Sinne\u201c gibt es ein breitgef\u00e4chertes Vortragsprogramm unter anderem zu den Themen \u00e2\u20ac\u0161Kochen mit Bl\u00fcten\u00e2\u20ac\u02dc, \u00e2\u20ac\u0161Sinnliche Duftg\u00e4rten \u00e2\u20ac\u02dc und \u00e2\u20ac\u0161G\u00e4rten &amp; Gl\u00fcck\u00e2\u20ac\u02dc. Viele detailreich gestaltete Schaug\u00e4rten dienen als Anregung f\u00fcr die Gestaltung des eigenen Gartens. Und auch die Kunst kommt nicht zu kurz: Kleinkunst und klassische Konzerte im edlen Ambiente des Schlosses bereichern das Rahmenprogramm.<\/p>\n<p><strong>Fotos (208):<\/strong> Marzena Traber<!--more--><\/p>\n<p><a title=\"Foto: Marzena Traber\" rel=\"lightbox[roadtrip]\" href=\"http:\/\/www.fuldaer-nachrichten.de\/wp-content\/uploads\/2011\/05\/_Gartenfest_027.jpg\" target=\"_blank\"><img decoding=\"async\" src=\"http:\/\/www.fuldaer-nachrichten.de\/wp-content\/uploads\/2011\/05\/_Gartenfest_027.thumbnail.jpg\" alt=\"_Gartenfest_027.jpg\" width=\"265\" \/><\/a> <a title=\"Foto: Marzena Traber\" rel=\"lightbox[roadtrip]\" href=\"..\/wp-content\/uploads\/2011\/05\/_Gartenfest_028.jpg\" target=\"_blank\"><img decoding=\"async\" src=\"http:\/\/www.fuldaer-nachrichten.de\/wp-content\/uploads\/2011\/05\/_Gartenfest_028.thumbnail.jpg\" alt=\"_Gartenfest_028.jpg\" width=\"265\" \/><\/a><\/p>\n<p><a title=\"Foto: Marzena Traber\" rel=\"lightbox[roadtrip]\" href=\"http:\/\/www.fuldaer-nachrichten.de\/wp-content\/uploads\/2011\/05\/_Gartenfest_001.jpg\" target=\"_blank\"><img decoding=\"async\" src=\"http:\/\/www.fuldaer-nachrichten.de\/wp-content\/uploads\/2011\/05\/_Gartenfest_001.thumbnail.jpg\" alt=\"_Gartenfest_001.jpg\" width=\"265\" \/><\/a> <a title=\"Foto: Marzena Traber\" rel=\"lightbox[roadtrip]\" href=\"http:\/\/www.fuldaer-nachrichten.de\/wp-content\/uploads\/2011\/05\/_Gartenfest_002.jpg\" target=\"_blank\"><img decoding=\"async\" src=\"http:\/\/www.fuldaer-nachrichten.de\/wp-content\/uploads\/2011\/05\/_Gartenfest_002.thumbnail.jpg\" alt=\"_Gartenfest_002.jpg\" width=\"265\" \/><\/a><\/p>\n<p><a title=\"Foto: Marzena Traber\" rel=\"lightbox[roadtrip]\" href=\"http:\/\/www.fuldaer-nachrichten.de\/wp-content\/uploads\/2011\/05\/_Gartenfest_003.jpg\" target=\"_blank\"><img decoding=\"async\" src=\"http:\/\/www.fuldaer-nachrichten.de\/wp-content\/uploads\/2011\/05\/_Gartenfest_003.thumbnail.jpg\" alt=\"_Gartenfest_003.jpg\" width=\"265\" \/><\/a> <a title=\"Foto: Marzena Traber\" rel=\"lightbox[roadtrip]\" href=\"http:\/\/www.fuldaer-nachrichten.de\/wp-content\/uploads\/2011\/05\/_Gartenfest_004.jpg\" target=\"_blank\"><img decoding=\"async\" src=\"http:\/\/www.fuldaer-nachrichten.de\/wp-content\/uploads\/2011\/05\/_Gartenfest_004.thumbnail.jpg\" alt=\"_Gartenfest_004.jpg\" width=\"265\" \/><\/a><\/p>\n<p><strong>Das F\u00fcrstliche Gartenfest<\/strong><\/p>\n<p>Veranstaltungsort: Schloss Fasanerie in Eichenzell bei Fulda<br \/>\nVeranstalter: Hessische Hausstiftung, S.K.H. Donatus Prinz von Hessen<\/p>\n<p>\u00d6ffnungszeiten: 19.-22. Mai 2011<\/p>\n<p>Donnerstag, 19. bis Samstag, 21. Mai 10:00 \u201319:00 Uhr<br \/>\nSonntag, 22. Mai 10:00 \u2013 18:00 Uhr<\/p>\n<p>Eintrittspreise:<\/p>\n<ul>\n<li>Tageskarte: 12 Euro<\/li>\n<li>Dauerkarte: 24 Euro<\/li>\n<li>Kinder unter 14 Jahren kostenlos<\/li>\n<li> Schwerbehinderte, Sch\u00fcler und Studenten bis 26 Jahre: (nur mit g\u00fcltigem Ausweis) 10 Euro<\/li>\n<li>Gruppen: (ab 20 Personen im Vorverkauf) pro Person 10 Euro<\/li>\n<\/ul>\n<p>Parken und Shuttleservice, Besucherkatalog, alle Fachvortr\u00e4ge, Parkf\u00fchrungen und das Rahmenunterhaltungsprogramm sind im Eintrittspreis enthalten. \u201eHundesitting\u201c in speziellem Bereich im Park (kostenlos). Hunde d\u00fcrfen nicht auf das Ausstellungsgel\u00e4nde mitgef\u00fchrt werden.<\/p>\n<p>Website: <a href=\"http:\/\/www.gartenfest.de\" target=\"_blank\">www.gartenfest.de<\/a>.<\/p>\n<p><a title=\"Foto: Marzena Traber\" rel=\"lightbox[roadtrip]\" href=\"http:\/\/www.fuldaer-nachrichten.de\/wp-content\/uploads\/2011\/05\/_Gartenfest_005.jpg\" target=\"_blank\"><img decoding=\"async\" src=\"http:\/\/www.fuldaer-nachrichten.de\/wp-content\/uploads\/2011\/05\/_Gartenfest_005.thumbnail.jpg\" alt=\"_Gartenfest_005.jpg\" width=\"265\" \/><\/a> <a title=\"Foto: Marzena Traber\" rel=\"lightbox[roadtrip]\" href=\"http:\/\/www.fuldaer-nachrichten.de\/wp-content\/uploads\/2011\/05\/_Gartenfest_006.jpg\" target=\"_blank\"><img decoding=\"async\" src=\"http:\/\/www.fuldaer-nachrichten.de\/wp-content\/uploads\/2011\/05\/_Gartenfest_006.thumbnail.jpg\" alt=\"_Gartenfest_006.jpg\" width=\"265\" \/><\/a><\/p>\n<p><a title=\"Foto: Marzena Traber\" rel=\"lightbox[roadtrip]\" href=\"http:\/\/www.fuldaer-nachrichten.de\/wp-content\/uploads\/2011\/05\/_Gartenfest_007.jpg\" target=\"_blank\"><img decoding=\"async\" src=\"http:\/\/www.fuldaer-nachrichten.de\/wp-content\/uploads\/2011\/05\/_Gartenfest_007.thumbnail.jpg\" alt=\"_Gartenfest_007.jpg\" width=\"265\" \/><\/a> <a title=\"Foto: Marzena Traber\" rel=\"lightbox[roadtrip]\" href=\"http:\/\/www.fuldaer-nachrichten.de\/wp-content\/uploads\/2011\/05\/_Gartenfest_008.jpg\" target=\"_blank\"><img decoding=\"async\" src=\"http:\/\/www.fuldaer-nachrichten.de\/wp-content\/uploads\/2011\/05\/_Gartenfest_008.thumbnail.jpg\" alt=\"_Gartenfest_008.jpg\" width=\"265\" \/><\/a><\/p>\n<p><a title=\"Foto: Marzena Traber\" rel=\"lightbox[roadtrip]\" href=\"http:\/\/www.fuldaer-nachrichten.de\/wp-content\/uploads\/2011\/05\/_Gartenfest_010.jpg\" target=\"_blank\"><img decoding=\"async\" src=\"http:\/\/www.fuldaer-nachrichten.de\/wp-content\/uploads\/2011\/05\/_Gartenfest_010.thumbnail.jpg\" alt=\"_Gartenfest_010.jpg\" width=\"265\" \/><\/a> <a title=\"Foto: Marzena Traber\" rel=\"lightbox[roadtrip]\" href=\"http:\/\/www.fuldaer-nachrichten.de\/wp-content\/uploads\/2011\/05\/_Gartenfest_014.jpg\" target=\"_blank\"><img decoding=\"async\" src=\"http:\/\/www.fuldaer-nachrichten.de\/wp-content\/uploads\/2011\/05\/_Gartenfest_014.thumbnail.jpg\" alt=\"_Gartenfest_014.jpg\" width=\"265\" \/><\/a><\/p>\n<p><a title=\"Foto: Marzena Traber\" rel=\"lightbox[roadtrip]\" href=\"http:\/\/www.fuldaer-nachrichten.de\/wp-content\/uploads\/2011\/05\/_Gartenfest_011.jpg\" target=\"_blank\"><img decoding=\"async\" src=\"http:\/\/www.fuldaer-nachrichten.de\/wp-content\/uploads\/2011\/05\/_Gartenfest_011.thumbnail.jpg\" alt=\"_Gartenfest_011.jpg\" width=\"265\" \/><\/a> <a title=\"Foto: Marzena Traber\" rel=\"lightbox[roadtrip]\" href=\"http:\/\/www.fuldaer-nachrichten.de\/wp-content\/uploads\/2011\/05\/_Gartenfest_012.jpg\" target=\"_blank\"><img decoding=\"async\" src=\"http:\/\/www.fuldaer-nachrichten.de\/wp-content\/uploads\/2011\/05\/_Gartenfest_012.thumbnail.jpg\" alt=\"_Gartenfest_012.jpg\" width=\"265\" \/><\/a><\/p>\n<p><a title=\"Foto: Marzena Traber\" rel=\"lightbox[roadtrip]\" href=\"http:\/\/www.fuldaer-nachrichten.de\/wp-content\/uploads\/2011\/05\/_Gartenfest_013.jpg\" target=\"_blank\"><img decoding=\"async\" src=\"http:\/\/www.fuldaer-nachrichten.de\/wp-content\/uploads\/2011\/05\/_Gartenfest_013.thumbnail.jpg\" alt=\"_Gartenfest_013.jpg\" width=\"265\" \/><\/a> <a title=\"Foto: Marzena Traber\" rel=\"lightbox[roadtrip]\" href=\"http:\/\/www.fuldaer-nachrichten.de\/wp-content\/uploads\/2011\/05\/_Gartenfest_009.jpg\" target=\"_blank\"><img decoding=\"async\" src=\"http:\/\/www.fuldaer-nachrichten.de\/wp-content\/uploads\/2011\/05\/_Gartenfest_009.thumbnail.jpg\" alt=\"_Gartenfest_009.jpg\" width=\"265\" \/><\/a><\/p>\n<p><a title=\"Foto: Marzena Traber\" rel=\"lightbox[roadtrip]\" href=\"http:\/\/www.fuldaer-nachrichten.de\/wp-content\/uploads\/2011\/05\/_Gartenfest_015.jpg\" target=\"_blank\"><img decoding=\"async\" src=\"http:\/\/www.fuldaer-nachrichten.de\/wp-content\/uploads\/2011\/05\/_Gartenfest_015.thumbnail.jpg\" alt=\"_Gartenfest_015.jpg\" width=\"265\" \/><\/a> <a title=\"Foto: Marzena Traber\" rel=\"lightbox[roadtrip]\" href=\"http:\/\/www.fuldaer-nachrichten.de\/wp-content\/uploads\/2011\/05\/_Gartenfest_016.jpg\" target=\"_blank\"><img decoding=\"async\" src=\"http:\/\/www.fuldaer-nachrichten.de\/wp-content\/uploads\/2011\/05\/_Gartenfest_016.thumbnail.jpg\" alt=\"_Gartenfest_016.jpg\" width=\"265\" \/><\/a><\/p>\n<p><a title=\"Foto: Marzena Traber\" rel=\"lightbox[roadtrip]\" href=\"http:\/\/www.fuldaer-nachrichten.de\/wp-content\/uploads\/2011\/05\/_Gartenfest_017.jpg\" target=\"_blank\"><img decoding=\"async\" src=\"http:\/\/www.fuldaer-nachrichten.de\/wp-content\/uploads\/2011\/05\/_Gartenfest_017.thumbnail.jpg\" alt=\"_Gartenfest_017.jpg\" width=\"265\" \/><\/a> <a title=\"Foto: Marzena Traber\" rel=\"lightbox[roadtrip]\" href=\"http:\/\/www.fuldaer-nachrichten.de\/wp-content\/uploads\/2011\/05\/_Gartenfest_018.jpg\" target=\"_blank\"><img decoding=\"async\" src=\"http:\/\/www.fuldaer-nachrichten.de\/wp-content\/uploads\/2011\/05\/_Gartenfest_018.thumbnail.jpg\" alt=\"_Gartenfest_018.jpg\" width=\"265\" \/><\/a><\/p>\n<p><a title=\"Foto: Marzena Traber\" rel=\"lightbox[roadtrip]\" href=\"http:\/\/www.fuldaer-nachrichten.de\/wp-content\/uploads\/2011\/05\/_Gartenfest_019.jpg\" target=\"_blank\"><img decoding=\"async\" src=\"http:\/\/www.fuldaer-nachrichten.de\/wp-content\/uploads\/2011\/05\/_Gartenfest_019.thumbnail.jpg\" alt=\"_Gartenfest_019.jpg\" width=\"265\" \/><\/a> <a title=\"Foto: Marzena Traber\" rel=\"lightbox[roadtrip]\" href=\"http:\/\/www.fuldaer-nachrichten.de\/wp-content\/uploads\/2011\/05\/_Gartenfest_020.jpg\" target=\"_blank\"><img decoding=\"async\" src=\"http:\/\/www.fuldaer-nachrichten.de\/wp-content\/uploads\/2011\/05\/_Gartenfest_020.thumbnail.jpg\" alt=\"_Gartenfest_020.jpg\" width=\"265\" \/><\/a><\/p>\n<p><a title=\"Foto: Marzena Traber\" rel=\"lightbox[roadtrip]\" href=\"http:\/\/www.fuldaer-nachrichten.de\/wp-content\/uploads\/2011\/05\/_Gartenfest_021.jpg\" target=\"_blank\"><img decoding=\"async\" src=\"http:\/\/www.fuldaer-nachrichten.de\/wp-content\/uploads\/2011\/05\/_Gartenfest_021.thumbnail.jpg\" alt=\"_Gartenfest_021.jpg\" width=\"265\" \/><\/a> <a title=\"Foto: Marzena Traber\" rel=\"lightbox[roadtrip]\" href=\"http:\/\/www.fuldaer-nachrichten.de\/wp-content\/uploads\/2011\/05\/_Gartenfest_022.jpg\" target=\"_blank\"><img decoding=\"async\" src=\"http:\/\/www.fuldaer-nachrichten.de\/wp-content\/uploads\/2011\/05\/_Gartenfest_022.thumbnail.jpg\" alt=\"_Gartenfest_022.jpg\" width=\"265\" \/><\/a><\/p>\n<p><a title=\"Foto: Marzena Traber\" rel=\"lightbox[roadtrip]\" href=\"http:\/\/www.fuldaer-nachrichten.de\/wp-content\/uploads\/2011\/05\/_Gartenfest_023.jpg\" target=\"_blank\"><img decoding=\"async\" src=\"http:\/\/www.fuldaer-nachrichten.de\/wp-content\/uploads\/2011\/05\/_Gartenfest_023.thumbnail.jpg\" alt=\"_Gartenfest_023.jpg\" width=\"265\" \/><\/a> <a title=\"Foto: Marzena Traber\" rel=\"lightbox[roadtrip]\" href=\"http:\/\/www.fuldaer-nachrichten.de\/wp-content\/uploads\/2011\/05\/_Gartenfest_030.jpg\" target=\"_blank\"><img decoding=\"async\" src=\"http:\/\/www.fuldaer-nachrichten.de\/wp-content\/uploads\/2011\/05\/_Gartenfest_030.thumbnail.jpg\" alt=\"_Gartenfest_030.jpg\" width=\"265\" \/><\/a><\/p>\n<p><a title=\"Foto: Marzena Traber\" rel=\"lightbox[roadtrip]\" href=\"http:\/\/www.fuldaer-nachrichten.de\/wp-content\/uploads\/2011\/05\/_Gartenfest_025.jpg\" target=\"_blank\"><img decoding=\"async\" src=\"http:\/\/www.fuldaer-nachrichten.de\/wp-content\/uploads\/2011\/05\/_Gartenfest_025.thumbnail.jpg\" alt=\"_Gartenfest_025.jpg\" width=\"265\" \/><\/a> <a title=\"Foto: Marzena Traber\" rel=\"lightbox[roadtrip]\" href=\"http:\/\/www.fuldaer-nachrichten.de\/wp-content\/uploads\/2011\/05\/_Gartenfest_026.jpg\" target=\"_blank\"><img decoding=\"async\" src=\"http:\/\/www.fuldaer-nachrichten.de\/wp-content\/uploads\/2011\/05\/_Gartenfest_026.thumbnail.jpg\" alt=\"_Gartenfest_026.jpg\" width=\"265\" \/><\/a><\/p>\n<p><a title=\"Foto: Marzena Traber\" rel=\"lightbox[roadtrip]\" href=\"http:\/\/www.fuldaer-nachrichten.de\/wp-content\/uploads\/2011\/05\/_Gartenfest_029.jpg\" target=\"_blank\"><img decoding=\"async\" src=\"http:\/\/www.fuldaer-nachrichten.de\/wp-content\/uploads\/2011\/05\/_Gartenfest_029.thumbnail.jpg\" alt=\"_Gartenfest_029.jpg\" width=\"265\" \/><\/a> <a title=\"Foto: Marzena Traber\" rel=\"lightbox[roadtrip]\" href=\"http:\/\/www.fuldaer-nachrichten.de\/wp-content\/uploads\/2011\/05\/_Gartenfest_024.jpg\" target=\"_blank\"><img decoding=\"async\" src=\"http:\/\/www.fuldaer-nachrichten.de\/wp-content\/uploads\/2011\/05\/_Gartenfest_024.thumbnail.jpg\" alt=\"_Gartenfest_024.jpg\" width=\"265\" \/><\/a><\/p>\n<p><a title=\"Foto: Marzena Traber\" rel=\"lightbox[roadtrip]\" href=\"http:\/\/www.fuldaer-nachrichten.de\/wp-content\/uploads\/2011\/05\/_Gartenfest_031.jpg\" target=\"_blank\"><img decoding=\"async\" src=\"http:\/\/www.fuldaer-nachrichten.de\/wp-content\/uploads\/2011\/05\/_Gartenfest_031.thumbnail.jpg\" alt=\"_Gartenfest_031.jpg\" width=\"265\" \/><\/a> <a title=\"Foto: Marzena Traber\" rel=\"lightbox[roadtrip]\" href=\"http:\/\/www.fuldaer-nachrichten.de\/wp-content\/uploads\/2011\/05\/_Gartenfest_032.jpg\" target=\"_blank\"><img decoding=\"async\" src=\"http:\/\/www.fuldaer-nachrichten.de\/wp-content\/uploads\/2011\/05\/_Gartenfest_032.thumbnail.jpg\" alt=\"_Gartenfest_032.jpg\" width=\"265\" \/><\/a><\/p>\n<p><a title=\"Foto: Marzena Traber\" rel=\"lightbox[roadtrip]\" href=\"http:\/\/www.fuldaer-nachrichten.de\/wp-content\/uploads\/2011\/05\/_Gartenfest_034.jpg\" target=\"_blank\"><img decoding=\"async\" src=\"http:\/\/www.fuldaer-nachrichten.de\/wp-content\/uploads\/2011\/05\/_Gartenfest_034.thumbnail.jpg\" alt=\"_Gartenfest_034.jpg\" width=\"265\" \/><\/a> <a title=\"Foto: Marzena Traber\" rel=\"lightbox[roadtrip]\" href=\"http:\/\/www.fuldaer-nachrichten.de\/wp-content\/uploads\/2011\/05\/_Gartenfest_036.jpg\" target=\"_blank\"><img decoding=\"async\" src=\"http:\/\/www.fuldaer-nachrichten.de\/wp-content\/uploads\/2011\/05\/_Gartenfest_036.thumbnail.jpg\" alt=\"_Gartenfest_036.jpg\" width=\"265\" \/><\/a><\/p>\n<p><a title=\"Foto: Marzena Traber\" rel=\"lightbox[roadtrip]\" href=\"http:\/\/www.fuldaer-nachrichten.de\/wp-content\/uploads\/2011\/05\/_Gartenfest_035.jpg\" target=\"_blank\"><img decoding=\"async\" src=\"http:\/\/www.fuldaer-nachrichten.de\/wp-content\/uploads\/2011\/05\/_Gartenfest_035.thumbnail.jpg\" alt=\"_Gartenfest_035.jpg\" width=\"265\" \/><\/a> <a title=\"Foto: Marzena Traber\" rel=\"lightbox[roadtrip]\" href=\"http:\/\/www.fuldaer-nachrichten.de\/wp-content\/uploads\/2011\/05\/_Gartenfest_033.jpg\" target=\"_blank\"><img decoding=\"async\" src=\"http:\/\/www.fuldaer-nachrichten.de\/wp-content\/uploads\/2011\/05\/_Gartenfest_033.thumbnail.jpg\" alt=\"_Gartenfest_033.jpg\" width=\"265\" \/><\/a><\/p>\n<p><a title=\"Foto: Marzena Traber\" rel=\"lightbox[roadtrip]\" href=\"http:\/\/www.fuldaer-nachrichten.de\/wp-content\/uploads\/2011\/05\/_Gartenfest_037.jpg\" target=\"_blank\"><img decoding=\"async\" src=\"http:\/\/www.fuldaer-nachrichten.de\/wp-content\/uploads\/2011\/05\/_Gartenfest_037.thumbnail.jpg\" alt=\"_Gartenfest_037.jpg\" width=\"265\" \/><\/a> <a title=\"Foto: Marzena Traber\" rel=\"lightbox[roadtrip]\" href=\"http:\/\/www.fuldaer-nachrichten.de\/wp-content\/uploads\/2011\/05\/_Gartenfest_038.jpg\" target=\"_blank\"><img decoding=\"async\" src=\"http:\/\/www.fuldaer-nachrichten.de\/wp-content\/uploads\/2011\/05\/_Gartenfest_038.thumbnail.jpg\" alt=\"_Gartenfest_038.jpg\" width=\"265\" \/><\/a><\/p>\n<p><a title=\"Foto: Marzena Traber\" rel=\"lightbox[roadtrip]\" href=\"http:\/\/www.fuldaer-nachrichten.de\/wp-content\/uploads\/2011\/05\/_Gartenfest_039.jpg\" target=\"_blank\"><img decoding=\"async\" src=\"http:\/\/www.fuldaer-nachrichten.de\/wp-content\/uploads\/2011\/05\/_Gartenfest_039.thumbnail.jpg\" alt=\"_Gartenfest_039.jpg\" width=\"265\" \/><\/a> <a title=\"Foto: Marzena Traber\" rel=\"lightbox[roadtrip]\" href=\"http:\/\/www.fuldaer-nachrichten.de\/wp-content\/uploads\/2011\/05\/_Gartenfest_040.jpg\" target=\"_blank\"><img decoding=\"async\" src=\"http:\/\/www.fuldaer-nachrichten.de\/wp-content\/uploads\/2011\/05\/_Gartenfest_040.thumbnail.jpg\" alt=\"_Gartenfest_040.jpg\" width=\"265\" \/><\/a><\/p>\n<p><a title=\"Foto: Marzena Traber\" rel=\"lightbox[roadtrip]\" href=\"http:\/\/www.fuldaer-nachrichten.de\/wp-content\/uploads\/2011\/05\/_Gartenfest_041.jpg\" target=\"_blank\"><img decoding=\"async\" src=\"http:\/\/www.fuldaer-nachrichten.de\/wp-content\/uploads\/2011\/05\/_Gartenfest_041.thumbnail.jpg\" alt=\"_Gartenfest_041.jpg\" width=\"265\" \/><\/a> <a title=\"Foto: Marzena Traber\" rel=\"lightbox[roadtrip]\" href=\"http:\/\/www.fuldaer-nachrichten.de\/wp-content\/uploads\/2011\/05\/_Gartenfest_042.jpg\" target=\"_blank\"><img decoding=\"async\" src=\"http:\/\/www.fuldaer-nachrichten.de\/wp-content\/uploads\/2011\/05\/_Gartenfest_042.thumbnail.jpg\" alt=\"_Gartenfest_042.jpg\" width=\"265\" \/><\/a><\/p>\n<p><a title=\"Foto: Marzena Traber\" rel=\"lightbox[roadtrip]\" href=\"http:\/\/www.fuldaer-nachrichten.de\/wp-content\/uploads\/2011\/05\/_Gartenfest_043.jpg\" target=\"_blank\"><img decoding=\"async\" src=\"http:\/\/www.fuldaer-nachrichten.de\/wp-content\/uploads\/2011\/05\/_Gartenfest_043.thumbnail.jpg\" alt=\"_Gartenfest_043.jpg\" width=\"265\" \/><\/a> <a title=\"Foto: Marzena Traber\" rel=\"lightbox[roadtrip]\" href=\"http:\/\/www.fuldaer-nachrichten.de\/wp-content\/uploads\/2011\/05\/_Gartenfest_045.jpg\" target=\"_blank\"><img decoding=\"async\" src=\"http:\/\/www.fuldaer-nachrichten.de\/wp-content\/uploads\/2011\/05\/_Gartenfest_045.thumbnail.jpg\" alt=\"_Gartenfest_045.jpg\" width=\"265\" \/><\/a><\/p>\n<p><a title=\"Foto: Marzena Traber\" rel=\"lightbox[roadtrip]\" href=\"http:\/\/www.fuldaer-nachrichten.de\/wp-content\/uploads\/2011\/05\/_Gartenfest_044.jpg\" target=\"_blank\"><img decoding=\"async\" src=\"http:\/\/www.fuldaer-nachrichten.de\/wp-content\/uploads\/2011\/05\/_Gartenfest_044.thumbnail.jpg\" alt=\"_Gartenfest_044.jpg\" width=\"265\" \/><\/a> <a title=\"Foto: Marzena Traber\" rel=\"lightbox[roadtrip]\" href=\"http:\/\/www.fuldaer-nachrichten.de\/wp-content\/uploads\/2011\/05\/_Gartenfest_046.jpg\" target=\"_blank\"><img decoding=\"async\" src=\"http:\/\/www.fuldaer-nachrichten.de\/wp-content\/uploads\/2011\/05\/_Gartenfest_046.thumbnail.jpg\" alt=\"_Gartenfest_046.jpg\" width=\"265\" \/><\/a><\/p>\n<p><a title=\"Foto: Marzena Traber\" rel=\"lightbox[roadtrip]\" href=\"http:\/\/www.fuldaer-nachrichten.de\/wp-content\/uploads\/2011\/05\/_Gartenfest_047.jpg\" target=\"_blank\"><img decoding=\"async\" src=\"http:\/\/www.fuldaer-nachrichten.de\/wp-content\/uploads\/2011\/05\/_Gartenfest_047.thumbnail.jpg\" alt=\"_Gartenfest_047.jpg\" width=\"265\" \/><\/a> <a title=\"Foto: Marzena Traber\" rel=\"lightbox[roadtrip]\" href=\"http:\/\/www.fuldaer-nachrichten.de\/wp-content\/uploads\/2011\/05\/_Gartenfest_048.jpg\" target=\"_blank\"><img decoding=\"async\" src=\"http:\/\/www.fuldaer-nachrichten.de\/wp-content\/uploads\/2011\/05\/_Gartenfest_048.thumbnail.jpg\" alt=\"_Gartenfest_048.jpg\" width=\"265\" \/><\/a><\/p>\n<p><a title=\"Foto: Marzena Traber\" rel=\"lightbox[roadtrip]\" href=\"http:\/\/www.fuldaer-nachrichten.de\/wp-content\/uploads\/2011\/05\/_Gartenfest_050.jpg\" target=\"_blank\"><img decoding=\"async\" src=\"http:\/\/www.fuldaer-nachrichten.de\/wp-content\/uploads\/2011\/05\/_Gartenfest_050.thumbnail.jpg\" alt=\"_Gartenfest_050.jpg\" width=\"265\" \/><\/a> <a title=\"Foto: Marzena Traber\" rel=\"lightbox[roadtrip]\" href=\"http:\/\/www.fuldaer-nachrichten.de\/wp-content\/uploads\/2011\/05\/_Gartenfest_052.jpg\" target=\"_blank\"><img decoding=\"async\" src=\"http:\/\/www.fuldaer-nachrichten.de\/wp-content\/uploads\/2011\/05\/_Gartenfest_052.thumbnail.jpg\" alt=\"_Gartenfest_052.jpg\" width=\"265\" \/><\/a><\/p>\n<p><a title=\"Foto: Marzena Traber\" rel=\"lightbox[roadtrip]\" href=\"http:\/\/www.fuldaer-nachrichten.de\/wp-content\/uploads\/2011\/05\/_Gartenfest_051.jpg\" target=\"_blank\"><img decoding=\"async\" src=\"http:\/\/www.fuldaer-nachrichten.de\/wp-content\/uploads\/2011\/05\/_Gartenfest_051.thumbnail.jpg\" alt=\"_Gartenfest_051.jpg\" width=\"265\" \/><\/a> <a title=\"Foto: Marzena Traber\" rel=\"lightbox[roadtrip]\" href=\"http:\/\/www.fuldaer-nachrichten.de\/wp-content\/uploads\/2011\/05\/_Gartenfest_049.jpg\" target=\"_blank\"><img decoding=\"async\" src=\"http:\/\/www.fuldaer-nachrichten.de\/wp-content\/uploads\/2011\/05\/_Gartenfest_049.thumbnail.jpg\" alt=\"_Gartenfest_049.jpg\" width=\"265\" \/><\/a><\/p>\n<p><a title=\"Foto: Marzena Traber\" rel=\"lightbox[roadtrip]\" href=\"http:\/\/www.fuldaer-nachrichten.de\/wp-content\/uploads\/2011\/05\/_Gartenfest_053.jpg\" target=\"_blank\"><img decoding=\"async\" src=\"http:\/\/www.fuldaer-nachrichten.de\/wp-content\/uploads\/2011\/05\/_Gartenfest_053.thumbnail.jpg\" alt=\"_Gartenfest_053.jpg\" width=\"265\" \/><\/a> <a title=\"Foto: Marzena Traber\" rel=\"lightbox[roadtrip]\" href=\"http:\/\/www.fuldaer-nachrichten.de\/wp-content\/uploads\/2011\/05\/_Gartenfest_054.jpg\" target=\"_blank\"><img decoding=\"async\" src=\"http:\/\/www.fuldaer-nachrichten.de\/wp-content\/uploads\/2011\/05\/_Gartenfest_054.thumbnail.jpg\" alt=\"_Gartenfest_054.jpg\" width=\"265\" \/><\/a><\/p>\n<p><a title=\"Foto: Marzena Traber\" rel=\"lightbox[roadtrip]\" href=\"http:\/\/www.fuldaer-nachrichten.de\/wp-content\/uploads\/2011\/05\/_Gartenfest_055.jpg\" target=\"_blank\"><img decoding=\"async\" src=\"http:\/\/www.fuldaer-nachrichten.de\/wp-content\/uploads\/2011\/05\/_Gartenfest_055.thumbnail.jpg\" alt=\"_Gartenfest_055.jpg\" width=\"265\" \/><\/a> <a title=\"Foto: Marzena Traber\" rel=\"lightbox[roadtrip]\" href=\"http:\/\/www.fuldaer-nachrichten.de\/wp-content\/uploads\/2011\/05\/_Gartenfest_056.jpg\" target=\"_blank\"><img decoding=\"async\" src=\"http:\/\/www.fuldaer-nachrichten.de\/wp-content\/uploads\/2011\/05\/_Gartenfest_056.thumbnail.jpg\" alt=\"_Gartenfest_056.jpg\" width=\"265\" \/><\/a><\/p>\n<p><a title=\"Foto: Marzena Traber\" rel=\"lightbox[roadtrip]\" href=\"http:\/\/www.fuldaer-nachrichten.de\/wp-content\/uploads\/2011\/05\/_Gartenfest_057.jpg\" target=\"_blank\"><img decoding=\"async\" src=\"http:\/\/www.fuldaer-nachrichten.de\/wp-content\/uploads\/2011\/05\/_Gartenfest_057.thumbnail.jpg\" alt=\"_Gartenfest_057.jpg\" width=\"265\" \/><\/a> <a title=\"Foto: Marzena Traber\" rel=\"lightbox[roadtrip]\" href=\"http:\/\/www.fuldaer-nachrichten.de\/wp-content\/uploads\/2011\/05\/_Gartenfest_058.jpg\" target=\"_blank\"><img decoding=\"async\" src=\"http:\/\/www.fuldaer-nachrichten.de\/wp-content\/uploads\/2011\/05\/_Gartenfest_058.thumbnail.jpg\" alt=\"_Gartenfest_058.jpg\" width=\"265\" \/><\/a><\/p>\n<p><a title=\"Foto: Marzena Traber\" rel=\"lightbox[roadtrip]\" href=\"http:\/\/www.fuldaer-nachrichten.de\/wp-content\/uploads\/2011\/05\/_Gartenfest_059.jpg\" target=\"_blank\"><img decoding=\"async\" src=\"http:\/\/www.fuldaer-nachrichten.de\/wp-content\/uploads\/2011\/05\/_Gartenfest_059.thumbnail.jpg\" alt=\"_Gartenfest_059.jpg\" width=\"265\" \/><\/a> <a title=\"Foto: Marzena Traber\" rel=\"lightbox[roadtrip]\" href=\"http:\/\/www.fuldaer-nachrichten.de\/wp-content\/uploads\/2011\/05\/_Gartenfest_068.jpg\" target=\"_blank\"><img decoding=\"async\" src=\"http:\/\/www.fuldaer-nachrichten.de\/wp-content\/uploads\/2011\/05\/_Gartenfest_068.thumbnail.jpg\" alt=\"_Gartenfest_068.jpg\" width=\"265\" \/><\/a><\/p>\n<p><a title=\"Foto: Marzena Traber\" rel=\"lightbox[roadtrip]\" href=\"http:\/\/www.fuldaer-nachrichten.de\/wp-content\/uploads\/2011\/05\/_Gartenfest_061.jpg\" target=\"_blank\"><img decoding=\"async\" src=\"http:\/\/www.fuldaer-nachrichten.de\/wp-content\/uploads\/2011\/05\/_Gartenfest_061.thumbnail.jpg\" alt=\"_Gartenfest_061.jpg\" width=\"265\" \/><\/a> <a title=\"Foto: Marzena Traber\" rel=\"lightbox[roadtrip]\" href=\"http:\/\/www.fuldaer-nachrichten.de\/wp-content\/uploads\/2011\/05\/_Gartenfest_062.jpg\" target=\"_blank\"><img decoding=\"async\" src=\"http:\/\/www.fuldaer-nachrichten.de\/wp-content\/uploads\/2011\/05\/_Gartenfest_062.thumbnail.jpg\" alt=\"_Gartenfest_062.jpg\" width=\"265\" \/><\/a><\/p>\n<p><a title=\"Foto: Marzena Traber\" rel=\"lightbox[roadtrip]\" href=\"http:\/\/www.fuldaer-nachrichten.de\/wp-content\/uploads\/2011\/05\/_Gartenfest_063.jpg\" target=\"_blank\"><img decoding=\"async\" src=\"http:\/\/www.fuldaer-nachrichten.de\/wp-content\/uploads\/2011\/05\/_Gartenfest_063.thumbnail.jpg\" alt=\"_Gartenfest_063.jpg\" width=\"265\" \/><\/a> <a title=\"Foto: Marzena Traber\" rel=\"lightbox[roadtrip]\" href=\"http:\/\/www.fuldaer-nachrichten.de\/wp-content\/uploads\/2011\/05\/_Gartenfest_064.jpg\" target=\"_blank\"><img decoding=\"async\" src=\"http:\/\/www.fuldaer-nachrichten.de\/wp-content\/uploads\/2011\/05\/_Gartenfest_064.thumbnail.jpg\" alt=\"_Gartenfest_064.jpg\" width=\"265\" \/><\/a><\/p>\n<p><a title=\"Foto: Marzena Traber\" rel=\"lightbox[roadtrip]\" href=\"http:\/\/www.fuldaer-nachrichten.de\/wp-content\/uploads\/2011\/05\/_Gartenfest_065.jpg\" target=\"_blank\"><img decoding=\"async\" src=\"http:\/\/www.fuldaer-nachrichten.de\/wp-content\/uploads\/2011\/05\/_Gartenfest_065.thumbnail.jpg\" alt=\"_Gartenfest_065.jpg\" width=\"265\" \/><\/a> <a title=\"Foto: Marzena Traber\" rel=\"lightbox[roadtrip]\" href=\"http:\/\/www.fuldaer-nachrichten.de\/wp-content\/uploads\/2011\/05\/_Gartenfest_066.jpg\" target=\"_blank\"><img decoding=\"async\" src=\"http:\/\/www.fuldaer-nachrichten.de\/wp-content\/uploads\/2011\/05\/_Gartenfest_066.thumbnail.jpg\" alt=\"_Gartenfest_066.jpg\" width=\"265\" \/><\/a><\/p>\n<p><a title=\"Foto: Marzena Traber\" rel=\"lightbox[roadtrip]\" href=\"http:\/\/www.fuldaer-nachrichten.de\/wp-content\/uploads\/2011\/05\/_Gartenfest_067.jpg\" target=\"_blank\"><img decoding=\"async\" src=\"http:\/\/www.fuldaer-nachrichten.de\/wp-content\/uploads\/2011\/05\/_Gartenfest_067.thumbnail.jpg\" alt=\"_Gartenfest_067.jpg\" width=\"265\" \/><\/a> <a title=\"Foto: Marzena Traber\" rel=\"lightbox[roadtrip]\" href=\"http:\/\/www.fuldaer-nachrichten.de\/wp-content\/uploads\/2011\/05\/_Gartenfest_060.jpg\" target=\"_blank\"><img decoding=\"async\" src=\"http:\/\/www.fuldaer-nachrichten.de\/wp-content\/uploads\/2011\/05\/_Gartenfest_060.thumbnail.jpg\" alt=\"_Gartenfest_060.jpg\" width=\"265\" \/><\/a><\/p>\n<p><a title=\"Foto: Marzena Traber\" rel=\"lightbox[roadtrip]\" href=\"http:\/\/www.fuldaer-nachrichten.de\/wp-content\/uploads\/2011\/05\/_Gartenfest_069.jpg\" target=\"_blank\"><img decoding=\"async\" src=\"http:\/\/www.fuldaer-nachrichten.de\/wp-content\/uploads\/2011\/05\/_Gartenfest_069.thumbnail.jpg\" alt=\"_Gartenfest_069.jpg\" width=\"265\" \/><\/a> <a title=\"Foto: Marzena Traber\" rel=\"lightbox[roadtrip]\" href=\"http:\/\/www.fuldaer-nachrichten.de\/wp-content\/uploads\/2011\/05\/_Gartenfest_071.jpg\" target=\"_blank\"><img decoding=\"async\" src=\"http:\/\/www.fuldaer-nachrichten.de\/wp-content\/uploads\/2011\/05\/_Gartenfest_071.thumbnail.jpg\" alt=\"_Gartenfest_071.jpg\" width=\"265\" \/><\/a><\/p>\n<p><a title=\"Foto: Marzena Traber\" rel=\"lightbox[roadtrip]\" href=\"http:\/\/www.fuldaer-nachrichten.de\/wp-content\/uploads\/2011\/05\/_Gartenfest_070.jpg\" target=\"_blank\"><img decoding=\"async\" src=\"http:\/\/www.fuldaer-nachrichten.de\/wp-content\/uploads\/2011\/05\/_Gartenfest_070.thumbnail.jpg\" alt=\"_Gartenfest_070.jpg\" width=\"265\" \/><\/a> <a title=\"Foto: Marzena Traber\" rel=\"lightbox[roadtrip]\" href=\"http:\/\/www.fuldaer-nachrichten.de\/wp-content\/uploads\/2011\/05\/_Gartenfest_072.jpg\" target=\"_blank\"><img decoding=\"async\" src=\"http:\/\/www.fuldaer-nachrichten.de\/wp-content\/uploads\/2011\/05\/_Gartenfest_072.thumbnail.jpg\" alt=\"_Gartenfest_072.jpg\" width=\"265\" \/><\/a><\/p>\n<p><a title=\"Foto: Marzena Traber\" rel=\"lightbox[roadtrip]\" href=\"http:\/\/www.fuldaer-nachrichten.de\/wp-content\/uploads\/2011\/05\/_Gartenfest_073.jpg\" target=\"_blank\"><img decoding=\"async\" src=\"http:\/\/www.fuldaer-nachrichten.de\/wp-content\/uploads\/2011\/05\/_Gartenfest_073.thumbnail.jpg\" alt=\"_Gartenfest_073.jpg\" width=\"265\" \/><\/a> <a title=\"Foto: Marzena Traber\" rel=\"lightbox[roadtrip]\" href=\"http:\/\/www.fuldaer-nachrichten.de\/wp-content\/uploads\/2011\/05\/_Gartenfest_074.jpg\" target=\"_blank\"><img decoding=\"async\" src=\"http:\/\/www.fuldaer-nachrichten.de\/wp-content\/uploads\/2011\/05\/_Gartenfest_074.thumbnail.jpg\" alt=\"_Gartenfest_074.jpg\" width=\"265\" \/><\/a><\/p>\n<p><a title=\"Foto: Marzena Traber\" rel=\"lightbox[roadtrip]\" href=\"http:\/\/www.fuldaer-nachrichten.de\/wp-content\/uploads\/2011\/05\/_Gartenfest_075.jpg\" target=\"_blank\"><img decoding=\"async\" src=\"http:\/\/www.fuldaer-nachrichten.de\/wp-content\/uploads\/2011\/05\/_Gartenfest_075.thumbnail.jpg\" alt=\"_Gartenfest_075.jpg\" width=\"265\" \/><\/a> <a title=\"Foto: Marzena Traber\" rel=\"lightbox[roadtrip]\" href=\"http:\/\/www.fuldaer-nachrichten.de\/wp-content\/uploads\/2011\/05\/_Gartenfest_076.jpg\" target=\"_blank\"><img decoding=\"async\" src=\"http:\/\/www.fuldaer-nachrichten.de\/wp-content\/uploads\/2011\/05\/_Gartenfest_076.thumbnail.jpg\" alt=\"_Gartenfest_076.jpg\" width=\"265\" \/><\/a><\/p>\n<p><a title=\"Foto: Marzena Traber\" rel=\"lightbox[roadtrip]\" href=\"http:\/\/www.fuldaer-nachrichten.de\/wp-content\/uploads\/2011\/05\/_Gartenfest_077.jpg\" target=\"_blank\"><img decoding=\"async\" src=\"http:\/\/www.fuldaer-nachrichten.de\/wp-content\/uploads\/2011\/05\/_Gartenfest_077.thumbnail.jpg\" alt=\"_Gartenfest_077.jpg\" width=\"265\" \/><\/a> <a title=\"Foto: Marzena Traber\" rel=\"lightbox[roadtrip]\" href=\"http:\/\/www.fuldaer-nachrichten.de\/wp-content\/uploads\/2011\/05\/_Gartenfest_079.jpg\" target=\"_blank\"><img decoding=\"async\" src=\"http:\/\/www.fuldaer-nachrichten.de\/wp-content\/uploads\/2011\/05\/_Gartenfest_079.thumbnail.jpg\" alt=\"_Gartenfest_079.jpg\" width=\"265\" \/><\/a><a title=\"Foto: Marzena Traber\" rel=\"lightbox[roadtrip]\" href=\"http:\/\/www.fuldaer-nachrichten.de\/wp-content\/uploads\/2011\/05\/_Gartenfest_079.jpg\" target=\"_blank\"> <\/a><\/p>\n<p><a title=\"Foto: Marzena Traber\" rel=\"lightbox[roadtrip]\" href=\"http:\/\/www.fuldaer-nachrichten.de\/wp-content\/uploads\/2011\/05\/_Gartenfest_078.jpg\" target=\"_blank\"><img decoding=\"async\" src=\"http:\/\/www.fuldaer-nachrichten.de\/wp-content\/uploads\/2011\/05\/_Gartenfest_078.thumbnail.jpg\" alt=\"_Gartenfest_078.jpg\" width=\"265\" \/><\/a> <a title=\"Foto: Marzena Traber\" rel=\"lightbox[roadtrip]\" href=\"http:\/\/www.fuldaer-nachrichten.de\/wp-content\/uploads\/2011\/05\/_Gartenfest_080.jpg\" target=\"_blank\"><img decoding=\"async\" src=\"http:\/\/www.fuldaer-nachrichten.de\/wp-content\/uploads\/2011\/05\/_Gartenfest_080.thumbnail.jpg\" alt=\"_Gartenfest_080.jpg\" width=\"265\" \/><\/a><\/p>\n<p><a title=\"Foto: Marzena Traber\" rel=\"lightbox[roadtrip]\" href=\"http:\/\/www.fuldaer-nachrichten.de\/wp-content\/uploads\/2011\/05\/_Gartenfest_081.jpg\" target=\"_blank\"><img decoding=\"async\" src=\"http:\/\/www.fuldaer-nachrichten.de\/wp-content\/uploads\/2011\/05\/_Gartenfest_081.thumbnail.jpg\" alt=\"_Gartenfest_081.jpg\" width=\"265\" \/><\/a> <a title=\"Foto: Marzena Traber\" rel=\"lightbox[roadtrip]\" href=\"http:\/\/www.fuldaer-nachrichten.de\/wp-content\/uploads\/2011\/05\/_Gartenfest_088.jpg\" target=\"_blank\"><img decoding=\"async\" src=\"http:\/\/www.fuldaer-nachrichten.de\/wp-content\/uploads\/2011\/05\/_Gartenfest_088.thumbnail.jpg\" alt=\"_Gartenfest_088.jpg\" width=\"265\" \/><\/a><\/p>\n<p><a title=\"Foto: Marzena Traber\" rel=\"lightbox[roadtrip]\" href=\"http:\/\/www.fuldaer-nachrichten.de\/wp-content\/uploads\/2011\/05\/_Gartenfest_083.jpg\" target=\"_blank\"><img decoding=\"async\" src=\"http:\/\/www.fuldaer-nachrichten.de\/wp-content\/uploads\/2011\/05\/_Gartenfest_083.thumbnail.jpg\" alt=\"_Gartenfest_083.jpg\" width=\"265\" \/><\/a> <a title=\"Foto: Marzena Traber\" rel=\"lightbox[roadtrip]\" href=\"http:\/\/www.fuldaer-nachrichten.de\/wp-content\/uploads\/2011\/05\/_Gartenfest_084.jpg\" target=\"_blank\"><img decoding=\"async\" src=\"http:\/\/www.fuldaer-nachrichten.de\/wp-content\/uploads\/2011\/05\/_Gartenfest_084.thumbnail.jpg\" alt=\"_Gartenfest_084.jpg\" width=\"265\" \/><\/a><\/p>\n<p><a title=\"Foto: Marzena Traber\" rel=\"lightbox[roadtrip]\" href=\"http:\/\/www.fuldaer-nachrichten.de\/wp-content\/uploads\/2011\/05\/_Gartenfest_085.jpg\" target=\"_blank\"><img decoding=\"async\" src=\"http:\/\/www.fuldaer-nachrichten.de\/wp-content\/uploads\/2011\/05\/_Gartenfest_085.thumbnail.jpg\" alt=\"_Gartenfest_085.jpg\" width=\"265\" \/><\/a> <a title=\"Foto: Marzena Traber\" rel=\"lightbox[roadtrip]\" href=\"http:\/\/www.fuldaer-nachrichten.de\/wp-content\/uploads\/2011\/05\/_Gartenfest_086.jpg\" target=\"_blank\"><img decoding=\"async\" src=\"http:\/\/www.fuldaer-nachrichten.de\/wp-content\/uploads\/2011\/05\/_Gartenfest_086.thumbnail.jpg\" alt=\"_Gartenfest_086.jpg\" width=\"265\" \/><\/a><\/p>\n<p><a title=\"Foto: Marzena Traber\" rel=\"lightbox[roadtrip]\" href=\"http:\/\/www.fuldaer-nachrichten.de\/wp-content\/uploads\/2011\/05\/_Gartenfest_087.jpg\" target=\"_blank\"><img decoding=\"async\" src=\"http:\/\/www.fuldaer-nachrichten.de\/wp-content\/uploads\/2011\/05\/_Gartenfest_087.thumbnail.jpg\" alt=\"_Gartenfest_087.jpg\" width=\"265\" \/><\/a> <a title=\"Foto: Marzena Traber\" rel=\"lightbox[roadtrip]\" href=\"http:\/\/www.fuldaer-nachrichten.de\/wp-content\/uploads\/2011\/05\/_Gartenfest_082.jpg\" target=\"_blank\"><img decoding=\"async\" src=\"http:\/\/www.fuldaer-nachrichten.de\/wp-content\/uploads\/2011\/05\/_Gartenfest_082.thumbnail.jpg\" alt=\"_Gartenfest_082.jpg\" width=\"265\" \/><\/a><\/p>\n<p><a title=\"Foto: Marzena Traber\" rel=\"lightbox[roadtrip]\" href=\"http:\/\/www.fuldaer-nachrichten.de\/wp-content\/uploads\/2011\/05\/_Gartenfest_089.jpg\" target=\"_blank\"><img decoding=\"async\" src=\"http:\/\/www.fuldaer-nachrichten.de\/wp-content\/uploads\/2011\/05\/_Gartenfest_089.thumbnail.jpg\" alt=\"_Gartenfest_089.jpg\" width=\"265\" \/><\/a> <a title=\"Foto: Marzena Traber\" rel=\"lightbox[roadtrip]\" href=\"http:\/\/www.fuldaer-nachrichten.de\/wp-content\/uploads\/2011\/05\/_Gartenfest_090.jpg\" target=\"_blank\"><img decoding=\"async\" src=\"http:\/\/www.fuldaer-nachrichten.de\/wp-content\/uploads\/2011\/05\/_Gartenfest_090.thumbnail.jpg\" alt=\"_Gartenfest_090.jpg\" width=\"265\" \/><\/a><\/p>\n<p><a title=\"Foto: Marzena Traber\" rel=\"lightbox[roadtrip]\" href=\"http:\/\/www.fuldaer-nachrichten.de\/wp-content\/uploads\/2011\/05\/_Gartenfest_091.jpg\" target=\"_blank\"><img decoding=\"async\" src=\"http:\/\/www.fuldaer-nachrichten.de\/wp-content\/uploads\/2011\/05\/_Gartenfest_091.thumbnail.jpg\" alt=\"_Gartenfest_091.jpg\" width=\"265\" \/><\/a> <a title=\"Foto: Marzena Traber\" rel=\"lightbox[roadtrip]\" href=\"http:\/\/www.fuldaer-nachrichten.de\/wp-content\/uploads\/2011\/05\/_Gartenfest_092.jpg\" target=\"_blank\"><img decoding=\"async\" src=\"http:\/\/www.fuldaer-nachrichten.de\/wp-content\/uploads\/2011\/05\/_Gartenfest_092.thumbnail.jpg\" alt=\"_Gartenfest_092.jpg\" width=\"265\" \/><\/a><\/p>\n<p><a title=\"Foto: Marzena Traber\" rel=\"lightbox[roadtrip]\" href=\"http:\/\/www.fuldaer-nachrichten.de\/wp-content\/uploads\/2011\/05\/_Gartenfest_094.jpg\" target=\"_blank\"><img decoding=\"async\" src=\"http:\/\/www.fuldaer-nachrichten.de\/wp-content\/uploads\/2011\/05\/_Gartenfest_094.thumbnail.jpg\" alt=\"_Gartenfest_094.jpg\" width=\"265\" \/><\/a> <a title=\"Foto: Marzena Traber\" rel=\"lightbox[roadtrip]\" href=\"http:\/\/www.fuldaer-nachrichten.de\/wp-content\/uploads\/2011\/05\/_Gartenfest_096.jpg\" target=\"_blank\"><img decoding=\"async\" src=\"http:\/\/www.fuldaer-nachrichten.de\/wp-content\/uploads\/2011\/05\/_Gartenfest_096.thumbnail.jpg\" alt=\"_Gartenfest_096.jpg\" width=\"265\" \/><\/a><\/p>\n<p><a title=\"Foto: Marzena Traber\" rel=\"lightbox[roadtrip]\" href=\"http:\/\/www.fuldaer-nachrichten.de\/wp-content\/uploads\/2011\/05\/_Gartenfest_095.jpg\" target=\"_blank\"><img decoding=\"async\" src=\"http:\/\/www.fuldaer-nachrichten.de\/wp-content\/uploads\/2011\/05\/_Gartenfest_095.thumbnail.jpg\" alt=\"_Gartenfest_095.jpg\" width=\"265\" \/><\/a> <a title=\"Foto: Marzena Traber\" rel=\"lightbox[roadtrip]\" href=\"http:\/\/www.fuldaer-nachrichten.de\/wp-content\/uploads\/2011\/05\/_Gartenfest_093.jpg\" target=\"_blank\"><img decoding=\"async\" src=\"http:\/\/www.fuldaer-nachrichten.de\/wp-content\/uploads\/2011\/05\/_Gartenfest_093.thumbnail.jpg\" alt=\"_Gartenfest_093.jpg\" width=\"265\" \/><\/a><\/p>\n<p><a title=\"Foto: Marzena Traber\" rel=\"lightbox[roadtrip]\" href=\"http:\/\/www.fuldaer-nachrichten.de\/wp-content\/uploads\/2011\/05\/_Gartenfest_097.jpg\" target=\"_blank\"><img decoding=\"async\" src=\"http:\/\/www.fuldaer-nachrichten.de\/wp-content\/uploads\/2011\/05\/_Gartenfest_097.thumbnail.jpg\" alt=\"_Gartenfest_097.jpg\" width=\"265\" \/><\/a> <a title=\"Foto: Marzena Traber\" rel=\"lightbox[roadtrip]\" href=\"http:\/\/www.fuldaer-nachrichten.de\/wp-content\/uploads\/2011\/05\/_Gartenfest_098.jpg\" target=\"_blank\"><img decoding=\"async\" src=\"http:\/\/www.fuldaer-nachrichten.de\/wp-content\/uploads\/2011\/05\/_Gartenfest_098.thumbnail.jpg\" alt=\"_Gartenfest_098.jpg\" width=\"265\" \/><\/a><\/p>\n<p><a title=\"Foto: Marzena Traber\" rel=\"lightbox[roadtrip]\" href=\"http:\/\/www.fuldaer-nachrichten.de\/wp-content\/uploads\/2011\/05\/_Gartenfest_099.jpg\" target=\"_blank\"><img decoding=\"async\" src=\"http:\/\/www.fuldaer-nachrichten.de\/wp-content\/uploads\/2011\/05\/_Gartenfest_099.thumbnail.jpg\" alt=\"_Gartenfest_099.jpg\" width=\"265\" \/><\/a> <a title=\"Foto: Marzena Traber\" rel=\"lightbox[roadtrip]\" href=\"http:\/\/www.fuldaer-nachrichten.de\/wp-content\/uploads\/2011\/05\/_Gartenfest_100.jpg\" target=\"_blank\"><img decoding=\"async\" src=\"http:\/\/www.fuldaer-nachrichten.de\/wp-content\/uploads\/2011\/05\/_Gartenfest_100.thumbnail.jpg\" alt=\"_Gartenfest_100.jpg\" width=\"265\" \/><\/a><\/p>\n<p><a title=\"Foto: Marzena Traber\" rel=\"lightbox[roadtrip]\" href=\"http:\/\/www.fuldaer-nachrichten.de\/wp-content\/uploads\/2011\/05\/_Gartenfest_102.jpg\" target=\"_blank\"><img decoding=\"async\" src=\"http:\/\/www.fuldaer-nachrichten.de\/wp-content\/uploads\/2011\/05\/_Gartenfest_102.thumbnail.jpg\" alt=\"_Gartenfest_102.jpg\" width=\"265\" \/><\/a> <a title=\"Foto: Marzena Traber\" rel=\"lightbox[roadtrip]\" href=\"http:\/\/www.fuldaer-nachrichten.de\/wp-content\/uploads\/2011\/05\/_Gartenfest_106.jpg\" target=\"_blank\"><img decoding=\"async\" src=\"http:\/\/www.fuldaer-nachrichten.de\/wp-content\/uploads\/2011\/05\/_Gartenfest_106.thumbnail.jpg\" alt=\"_Gartenfest_106.jpg\" width=\"265\" \/><\/a><\/p>\n<p><a title=\"Foto: Marzena Traber\" rel=\"lightbox[roadtrip]\" href=\"http:\/\/www.fuldaer-nachrichten.de\/wp-content\/uploads\/2011\/05\/_Gartenfest_103.jpg\" target=\"_blank\"><img decoding=\"async\" src=\"http:\/\/www.fuldaer-nachrichten.de\/wp-content\/uploads\/2011\/05\/_Gartenfest_103.thumbnail.jpg\" alt=\"_Gartenfest_103.jpg\" width=\"265\" \/><\/a> <a title=\"Foto: Marzena Traber\" rel=\"lightbox[roadtrip]\" href=\"http:\/\/www.fuldaer-nachrichten.de\/wp-content\/uploads\/2011\/05\/_Gartenfest_104.jpg\" target=\"_blank\"><img decoding=\"async\" src=\"http:\/\/www.fuldaer-nachrichten.de\/wp-content\/uploads\/2011\/05\/_Gartenfest_104.thumbnail.jpg\" alt=\"_Gartenfest_104.jpg\" width=\"265\" \/><\/a><\/p>\n<p><a title=\"Foto: Marzena Traber\" rel=\"lightbox[roadtrip]\" href=\"http:\/\/www.fuldaer-nachrichten.de\/wp-content\/uploads\/2011\/05\/_Gartenfest_105.jpg\" target=\"_blank\"><img decoding=\"async\" src=\"http:\/\/www.fuldaer-nachrichten.de\/wp-content\/uploads\/2011\/05\/_Gartenfest_105.thumbnail.jpg\" alt=\"_Gartenfest_105.jpg\" width=\"265\" \/><\/a> <a title=\"Foto: Marzena Traber\" rel=\"lightbox[roadtrip]\" href=\"http:\/\/www.fuldaer-nachrichten.de\/wp-content\/uploads\/2011\/05\/_Gartenfest_101.jpg\" target=\"_blank\"><img decoding=\"async\" src=\"http:\/\/www.fuldaer-nachrichten.de\/wp-content\/uploads\/2011\/05\/_Gartenfest_101.thumbnail.jpg\" alt=\"_Gartenfest_101.jpg\" width=\"265\" \/><\/a><\/p>\n<p><a title=\"Foto: Marzena Traber\" rel=\"lightbox[roadtrip]\" href=\"http:\/\/www.fuldaer-nachrichten.de\/wp-content\/uploads\/2011\/05\/_Gartenfest_107.jpg\" target=\"_blank\"><img decoding=\"async\" src=\"http:\/\/www.fuldaer-nachrichten.de\/wp-content\/uploads\/2011\/05\/_Gartenfest_107.thumbnail.jpg\" alt=\"_Gartenfest_107.jpg\" width=\"265\" \/><\/a> <a title=\"Foto: Marzena Traber\" rel=\"lightbox[roadtrip]\" href=\"http:\/\/www.fuldaer-nachrichten.de\/wp-content\/uploads\/2011\/05\/_Gartenfest_108.jpg\" target=\"_blank\"><img decoding=\"async\" src=\"http:\/\/www.fuldaer-nachrichten.de\/wp-content\/uploads\/2011\/05\/_Gartenfest_108.thumbnail.jpg\" alt=\"_Gartenfest_108.jpg\" width=\"265\" \/><\/a><\/p>\n<p><a title=\"Foto: Marzena Traber\" rel=\"lightbox[roadtrip]\" href=\"http:\/\/www.fuldaer-nachrichten.de\/wp-content\/uploads\/2011\/05\/_Gartenfest_109.jpg\" target=\"_blank\"><img decoding=\"async\" src=\"http:\/\/www.fuldaer-nachrichten.de\/wp-content\/uploads\/2011\/05\/_Gartenfest_109.thumbnail.jpg\" alt=\"_Gartenfest_109.jpg\" width=\"265\" \/><\/a> <a title=\"Foto: Marzena Traber\" rel=\"lightbox[roadtrip]\" href=\"http:\/\/www.fuldaer-nachrichten.de\/wp-content\/uploads\/2011\/05\/_Gartenfest_120.jpg\" target=\"_blank\"><img decoding=\"async\" src=\"http:\/\/www.fuldaer-nachrichten.de\/wp-content\/uploads\/2011\/05\/_Gartenfest_120.thumbnail.jpg\" alt=\"_Gartenfest_120.jpg\" width=\"265\" \/><\/a><\/p>\n<p><a title=\"Foto: Marzena Traber\" rel=\"lightbox[roadtrip]\" href=\"http:\/\/www.fuldaer-nachrichten.de\/wp-content\/uploads\/2011\/05\/_Gartenfest_111.jpg\" target=\"_blank\"><img decoding=\"async\" src=\"http:\/\/www.fuldaer-nachrichten.de\/wp-content\/uploads\/2011\/05\/_Gartenfest_111.thumbnail.jpg\" alt=\"_Gartenfest_111.jpg\" width=\"265\" \/><\/a> <a title=\"Foto: Marzena Traber\" rel=\"lightbox[roadtrip]\" href=\"http:\/\/www.fuldaer-nachrichten.de\/wp-content\/uploads\/2011\/05\/_Gartenfest_112.jpg\" target=\"_blank\"><img decoding=\"async\" src=\"http:\/\/www.fuldaer-nachrichten.de\/wp-content\/uploads\/2011\/05\/_Gartenfest_112.thumbnail.jpg\" alt=\"_Gartenfest_112.jpg\" width=\"265\" \/><\/a><\/p>\n<p><a title=\"Foto: Marzena Traber\" rel=\"lightbox[roadtrip]\" href=\"http:\/\/www.fuldaer-nachrichten.de\/wp-content\/uploads\/2011\/05\/_Gartenfest_113.jpg\" target=\"_blank\"><img decoding=\"async\" src=\"http:\/\/www.fuldaer-nachrichten.de\/wp-content\/uploads\/2011\/05\/_Gartenfest_113.thumbnail.jpg\" alt=\"_Gartenfest_113.jpg\" width=\"265\" \/><\/a> <a title=\"Foto: Marzena Traber\" rel=\"lightbox[roadtrip]\" href=\"http:\/\/www.fuldaer-nachrichten.de\/wp-content\/uploads\/2011\/05\/_Gartenfest_114.jpg\" target=\"_blank\"><img decoding=\"async\" src=\"http:\/\/www.fuldaer-nachrichten.de\/wp-content\/uploads\/2011\/05\/_Gartenfest_114.thumbnail.jpg\" alt=\"_Gartenfest_114.jpg\" width=\"265\" \/><\/a><\/p>\n<p><a title=\"Foto: Marzena Traber\" rel=\"lightbox[roadtrip]\" href=\"http:\/\/www.fuldaer-nachrichten.de\/wp-content\/uploads\/2011\/05\/_Gartenfest_115.jpg\" target=\"_blank\"><img decoding=\"async\" src=\"http:\/\/www.fuldaer-nachrichten.de\/wp-content\/uploads\/2011\/05\/_Gartenfest_115.thumbnail.jpg\" alt=\"_Gartenfest_115.jpg\" width=\"265\" \/><\/a> <a title=\"Foto: Marzena Traber\" rel=\"lightbox[roadtrip]\" href=\"http:\/\/www.fuldaer-nachrichten.de\/wp-content\/uploads\/2011\/05\/_Gartenfest_116.jpg\" target=\"_blank\"><img decoding=\"async\" src=\"http:\/\/www.fuldaer-nachrichten.de\/wp-content\/uploads\/2011\/05\/_Gartenfest_116.thumbnail.jpg\" alt=\"_Gartenfest_116.jpg\" width=\"265\" \/><\/a><\/p>\n<p><a title=\"Foto: Marzena Traber\" rel=\"lightbox[roadtrip]\" href=\"http:\/\/www.fuldaer-nachrichten.de\/wp-content\/uploads\/2011\/05\/_Gartenfest_117.jpg\" target=\"_blank\"><img decoding=\"async\" src=\"http:\/\/www.fuldaer-nachrichten.de\/wp-content\/uploads\/2011\/05\/_Gartenfest_117.thumbnail.jpg\" alt=\"_Gartenfest_117.jpg\" width=\"265\" \/><\/a> <a title=\"Foto: Marzena Traber\" rel=\"lightbox[roadtrip]\" href=\"http:\/\/www.fuldaer-nachrichten.de\/wp-content\/uploads\/2011\/05\/_Gartenfest_118.jpg\" target=\"_blank\"><img decoding=\"async\" src=\"http:\/\/www.fuldaer-nachrichten.de\/wp-content\/uploads\/2011\/05\/_Gartenfest_118.thumbnail.jpg\" alt=\"_Gartenfest_118.jpg\" width=\"265\" \/><\/a><\/p>\n<p><a title=\"Foto: Marzena Traber\" rel=\"lightbox[roadtrip]\" href=\"http:\/\/www.fuldaer-nachrichten.de\/wp-content\/uploads\/2011\/05\/_Gartenfest_119.jpg\" target=\"_blank\"><img decoding=\"async\" src=\"http:\/\/www.fuldaer-nachrichten.de\/wp-content\/uploads\/2011\/05\/_Gartenfest_119.thumbnail.jpg\" alt=\"_Gartenfest_119.jpg\" width=\"265\" \/><\/a> <a title=\"Foto: Marzena Traber\" rel=\"lightbox[roadtrip]\" href=\"http:\/\/www.fuldaer-nachrichten.de\/wp-content\/uploads\/2011\/05\/_Gartenfest_110.jpg\" target=\"_blank\"><img decoding=\"async\" src=\"http:\/\/www.fuldaer-nachrichten.de\/wp-content\/uploads\/2011\/05\/_Gartenfest_110.thumbnail.jpg\" alt=\"_Gartenfest_110.jpg\" width=\"265\" \/><\/a><\/p>\n<p><a title=\"Foto: Marzena Traber\" rel=\"lightbox[roadtrip]\" href=\"http:\/\/www.fuldaer-nachrichten.de\/wp-content\/uploads\/2011\/05\/_Gartenfest_121.jpg\" target=\"_blank\"><img decoding=\"async\" src=\"http:\/\/www.fuldaer-nachrichten.de\/wp-content\/uploads\/2011\/05\/_Gartenfest_121.thumbnail.jpg\" alt=\"_Gartenfest_121.jpg\" width=\"265\" \/><\/a> <a title=\"Foto: Marzena Traber\" rel=\"lightbox[roadtrip]\" href=\"http:\/\/www.fuldaer-nachrichten.de\/wp-content\/uploads\/2011\/05\/_Gartenfest_122.jpg\" target=\"_blank\"><img decoding=\"async\" src=\"http:\/\/www.fuldaer-nachrichten.de\/wp-content\/uploads\/2011\/05\/_Gartenfest_122.thumbnail.jpg\" alt=\"_Gartenfest_122.jpg\" width=\"265\" \/><\/a><\/p>\n<p><a title=\"Foto: Marzena Traber\" rel=\"lightbox[roadtrip]\" href=\"http:\/\/www.fuldaer-nachrichten.de\/wp-content\/uploads\/2011\/05\/_Gartenfest_123.jpg\" target=\"_blank\"><img decoding=\"async\" src=\"http:\/\/www.fuldaer-nachrichten.de\/wp-content\/uploads\/2011\/05\/_Gartenfest_123.thumbnail.jpg\" alt=\"_Gartenfest_123.jpg\" width=\"265\" \/><\/a> <a title=\"Foto: Marzena Traber\" rel=\"lightbox[roadtrip]\" href=\"http:\/\/www.fuldaer-nachrichten.de\/wp-content\/uploads\/2011\/05\/_Gartenfest_129.jpg\" target=\"_blank\"><img decoding=\"async\" src=\"http:\/\/www.fuldaer-nachrichten.de\/wp-content\/uploads\/2011\/05\/_Gartenfest_129.thumbnail.jpg\" alt=\"_Gartenfest_129.jpg\" width=\"265\" \/><\/a><\/p>\n<p><a title=\"Foto: Marzena Traber\" rel=\"lightbox[roadtrip]\" href=\"http:\/\/www.fuldaer-nachrichten.de\/wp-content\/uploads\/2011\/05\/_Gartenfest_125.jpg\" target=\"_blank\"><img decoding=\"async\" src=\"http:\/\/www.fuldaer-nachrichten.de\/wp-content\/uploads\/2011\/05\/_Gartenfest_125.thumbnail.jpg\" alt=\"_Gartenfest_125.jpg\" width=\"265\" \/><\/a> <a title=\"Foto: Marzena Traber\" rel=\"lightbox[roadtrip]\" href=\"http:\/\/www.fuldaer-nachrichten.de\/wp-content\/uploads\/2011\/05\/_Gartenfest_126.jpg\" target=\"_blank\"><img decoding=\"async\" src=\"http:\/\/www.fuldaer-nachrichten.de\/wp-content\/uploads\/2011\/05\/_Gartenfest_126.thumbnail.jpg\" alt=\"_Gartenfest_126.jpg\" width=\"265\" \/><\/a><\/p>\n<p><a title=\"Foto: Marzena Traber\" rel=\"lightbox[roadtrip]\" href=\"http:\/\/www.fuldaer-nachrichten.de\/wp-content\/uploads\/2011\/05\/_Gartenfest_127.jpg\" target=\"_blank\"><img decoding=\"async\" src=\"http:\/\/www.fuldaer-nachrichten.de\/wp-content\/uploads\/2011\/05\/_Gartenfest_127.thumbnail.jpg\" alt=\"_Gartenfest_127.jpg\" width=\"265\" \/><\/a> <a title=\"Foto: Marzena Traber\" rel=\"lightbox[roadtrip]\" href=\"http:\/\/www.fuldaer-nachrichten.de\/wp-content\/uploads\/2011\/05\/_Gartenfest_128.jpg\" target=\"_blank\"><img decoding=\"async\" src=\"http:\/\/www.fuldaer-nachrichten.de\/wp-content\/uploads\/2011\/05\/_Gartenfest_128.thumbnail.jpg\" alt=\"_Gartenfest_128.jpg\" width=\"265\" \/><\/a><\/p>\n<p><a title=\"Foto: Marzena Traber\" rel=\"lightbox[roadtrip]\" href=\"http:\/\/www.fuldaer-nachrichten.de\/wp-content\/uploads\/2011\/05\/_Gartenfest_124.jpg\" target=\"_blank\"><img decoding=\"async\" src=\"http:\/\/www.fuldaer-nachrichten.de\/wp-content\/uploads\/2011\/05\/_Gartenfest_124.thumbnail.jpg\" alt=\"_Gartenfest_124.jpg\" width=\"265\" \/><\/a> <a title=\"Foto: Marzena Traber\" rel=\"lightbox[roadtrip]\" href=\"http:\/\/www.fuldaer-nachrichten.de\/wp-content\/uploads\/2011\/05\/_Gartenfest_130.jpg\" target=\"_blank\"><img decoding=\"async\" src=\"http:\/\/www.fuldaer-nachrichten.de\/wp-content\/uploads\/2011\/05\/_Gartenfest_130.thumbnail.jpg\" alt=\"_Gartenfest_130.jpg\" width=\"265\" \/><\/a><\/p>\n<p><a title=\"Foto: Marzena Traber\" rel=\"lightbox[roadtrip]\" href=\"http:\/\/www.fuldaer-nachrichten.de\/wp-content\/uploads\/2011\/05\/_Gartenfest_131.jpg\" target=\"_blank\"><img decoding=\"async\" src=\"http:\/\/www.fuldaer-nachrichten.de\/wp-content\/uploads\/2011\/05\/_Gartenfest_131.thumbnail.jpg\" alt=\"_Gartenfest_131.jpg\" width=\"265\" \/><\/a> <a title=\"Foto: Marzena Traber\" rel=\"lightbox[roadtrip]\" href=\"http:\/\/www.fuldaer-nachrichten.de\/wp-content\/uploads\/2011\/05\/_Gartenfest_132.jpg\" target=\"_blank\"><img decoding=\"async\" src=\"http:\/\/www.fuldaer-nachrichten.de\/wp-content\/uploads\/2011\/05\/_Gartenfest_132.thumbnail.jpg\" alt=\"_Gartenfest_132.jpg\" width=\"265\" \/><\/a><\/p>\n<p><a title=\"Foto: Marzena Traber\" rel=\"lightbox[roadtrip]\" href=\"http:\/\/www.fuldaer-nachrichten.de\/wp-content\/uploads\/2011\/05\/_Gartenfest_133.jpg\" target=\"_blank\"><img decoding=\"async\" src=\"http:\/\/www.fuldaer-nachrichten.de\/wp-content\/uploads\/2011\/05\/_Gartenfest_133.thumbnail.jpg\" alt=\"_Gartenfest_133.jpg\" width=\"265\" \/><\/a> <a title=\"Foto: Marzena Traber\" rel=\"lightbox[roadtrip]\" href=\"http:\/\/www.fuldaer-nachrichten.de\/wp-content\/uploads\/2011\/05\/_Gartenfest_134.jpg\" target=\"_blank\"><img decoding=\"async\" src=\"http:\/\/www.fuldaer-nachrichten.de\/wp-content\/uploads\/2011\/05\/_Gartenfest_134.thumbnail.jpg\" alt=\"_Gartenfest_134.jpg\" width=\"265\" \/><\/a><\/p>\n<p><a title=\"Foto: Marzena Traber\" rel=\"lightbox[roadtrip]\" href=\"http:\/\/www.fuldaer-nachrichten.de\/wp-content\/uploads\/2011\/05\/_Gartenfest_136.jpg\" target=\"_blank\"><img decoding=\"async\" src=\"http:\/\/www.fuldaer-nachrichten.de\/wp-content\/uploads\/2011\/05\/_Gartenfest_136.thumbnail.jpg\" alt=\"_Gartenfest_136.jpg\" width=\"265\" \/><\/a> <a title=\"Foto: Marzena Traber\" rel=\"lightbox[roadtrip]\" href=\"http:\/\/www.fuldaer-nachrichten.de\/wp-content\/uploads\/2011\/05\/_Gartenfest_137.jpg\" target=\"_blank\"><img decoding=\"async\" src=\"http:\/\/www.fuldaer-nachrichten.de\/wp-content\/uploads\/2011\/05\/_Gartenfest_137.thumbnail.jpg\" alt=\"_Gartenfest_137.jpg\" width=\"265\" \/><\/a><a title=\"Foto: Marzena Traber\" rel=\"lightbox[roadtrip]\" href=\"http:\/\/www.fuldaer-nachrichten.de\/wp-content\/uploads\/2011\/05\/_Gartenfest_137.jpg\" target=\"_blank\"> <\/a><\/p>\n<p><a title=\"Foto: Marzena Traber\" rel=\"lightbox[roadtrip]\" href=\"http:\/\/www.fuldaer-nachrichten.de\/wp-content\/uploads\/2011\/05\/_Gartenfest_135.jpg\" target=\"_blank\"><img decoding=\"async\" src=\"http:\/\/www.fuldaer-nachrichten.de\/wp-content\/uploads\/2011\/05\/_Gartenfest_135.thumbnail.jpg\" alt=\"_Gartenfest_135.jpg\" width=\"265\" \/><\/a> <a title=\"Foto: Marzena Traber\" rel=\"lightbox[roadtrip]\" href=\"http:\/\/www.fuldaer-nachrichten.de\/wp-content\/uploads\/2011\/05\/_Gartenfest_138.jpg\" target=\"_blank\"><img decoding=\"async\" src=\"http:\/\/www.fuldaer-nachrichten.de\/wp-content\/uploads\/2011\/05\/_Gartenfest_138.thumbnail.jpg\" alt=\"_Gartenfest_138.jpg\" width=\"265\" \/><\/a><\/p>\n<p><a title=\"Foto: Marzena Traber\" rel=\"lightbox[roadtrip]\" href=\"http:\/\/www.fuldaer-nachrichten.de\/wp-content\/uploads\/2011\/05\/_Gartenfest_139.jpg\" target=\"_blank\"><img decoding=\"async\" src=\"http:\/\/www.fuldaer-nachrichten.de\/wp-content\/uploads\/2011\/05\/_Gartenfest_139.thumbnail.jpg\" alt=\"_Gartenfest_139.jpg\" width=\"265\" \/><\/a> <a title=\"Foto: Marzena Traber\" rel=\"lightbox[roadtrip]\" href=\"http:\/\/www.fuldaer-nachrichten.de\/wp-content\/uploads\/2011\/05\/_Gartenfest_140.jpg\" target=\"_blank\"><img decoding=\"async\" src=\"http:\/\/www.fuldaer-nachrichten.de\/wp-content\/uploads\/2011\/05\/_Gartenfest_140.thumbnail.jpg\" alt=\"_Gartenfest_140.jpg\" width=\"265\" \/><\/a><\/p>\n<p><a title=\"Foto: Marzena Traber\" rel=\"lightbox[roadtrip]\" href=\"http:\/\/www.fuldaer-nachrichten.de\/wp-content\/uploads\/2011\/05\/_Gartenfest_141.jpg\" target=\"_blank\"><img decoding=\"async\" src=\"http:\/\/www.fuldaer-nachrichten.de\/wp-content\/uploads\/2011\/05\/_Gartenfest_141.thumbnail.jpg\" alt=\"_Gartenfest_141.jpg\" width=\"265\" \/><\/a> <a title=\"Foto: Marzena Traber\" rel=\"lightbox[roadtrip]\" href=\"http:\/\/www.fuldaer-nachrichten.de\/wp-content\/uploads\/2011\/05\/_Gartenfest_142.jpg\" target=\"_blank\"><img decoding=\"async\" src=\"http:\/\/www.fuldaer-nachrichten.de\/wp-content\/uploads\/2011\/05\/_Gartenfest_142.thumbnail.jpg\" alt=\"_Gartenfest_142.jpg\" width=\"265\" \/><\/a><\/p>\n<p><a title=\"Foto: Marzena Traber\" rel=\"lightbox[roadtrip]\" href=\"http:\/\/www.fuldaer-nachrichten.de\/wp-content\/uploads\/2011\/05\/_Gartenfest_143.jpg\" target=\"_blank\"><img decoding=\"async\" src=\"http:\/\/www.fuldaer-nachrichten.de\/wp-content\/uploads\/2011\/05\/_Gartenfest_143.thumbnail.jpg\" alt=\"_Gartenfest_143.jpg\" width=\"265\" \/><\/a> <a title=\"Foto: Marzena Traber\" rel=\"lightbox[roadtrip]\" href=\"http:\/\/www.fuldaer-nachrichten.de\/wp-content\/uploads\/2011\/05\/_Gartenfest_144.jpg\" target=\"_blank\"><img decoding=\"async\" src=\"http:\/\/www.fuldaer-nachrichten.de\/wp-content\/uploads\/2011\/05\/_Gartenfest_144.thumbnail.jpg\" alt=\"_Gartenfest_144.jpg\" width=\"265\" \/><\/a><\/p>\n<p><a title=\"Foto: Marzena Traber\" rel=\"lightbox[roadtrip]\" href=\"http:\/\/www.fuldaer-nachrichten.de\/wp-content\/uploads\/2011\/05\/_Gartenfest_145.jpg\" target=\"_blank\"><img decoding=\"async\" src=\"http:\/\/www.fuldaer-nachrichten.de\/wp-content\/uploads\/2011\/05\/_Gartenfest_145.thumbnail.jpg\" alt=\"_Gartenfest_145.jpg\" width=\"265\" \/><\/a> <a title=\"Foto: Marzena Traber\" rel=\"lightbox[roadtrip]\" href=\"http:\/\/www.fuldaer-nachrichten.de\/wp-content\/uploads\/2011\/05\/_Gartenfest_146.jpg\" target=\"_blank\"><img decoding=\"async\" src=\"http:\/\/www.fuldaer-nachrichten.de\/wp-content\/uploads\/2011\/05\/_Gartenfest_146.thumbnail.jpg\" alt=\"_Gartenfest_146.jpg\" width=\"265\" \/><\/a><\/p>\n<p><a title=\"Foto: Marzena Traber\" rel=\"lightbox[roadtrip]\" href=\"http:\/\/www.fuldaer-nachrichten.de\/wp-content\/uploads\/2011\/05\/_Gartenfest_147.jpg\" target=\"_blank\"><img decoding=\"async\" src=\"http:\/\/www.fuldaer-nachrichten.de\/wp-content\/uploads\/2011\/05\/_Gartenfest_147.thumbnail.jpg\" alt=\"_Gartenfest_147.jpg\" width=\"265\" \/><\/a> <a title=\"Foto: Marzena Traber\" rel=\"lightbox[roadtrip]\" href=\"http:\/\/www.fuldaer-nachrichten.de\/wp-content\/uploads\/2011\/05\/_Gartenfest_148.jpg\" target=\"_blank\"><img decoding=\"async\" src=\"http:\/\/www.fuldaer-nachrichten.de\/wp-content\/uploads\/2011\/05\/_Gartenfest_148.thumbnail.jpg\" alt=\"_Gartenfest_148.jpg\" width=\"265\" \/><\/a><\/p>\n<p><a title=\"Foto: Marzena Traber\" rel=\"lightbox[roadtrip]\" href=\"http:\/\/www.fuldaer-nachrichten.de\/wp-content\/uploads\/2011\/05\/_Gartenfest_149.jpg\" target=\"_blank\"><img decoding=\"async\" src=\"http:\/\/www.fuldaer-nachrichten.de\/wp-content\/uploads\/2011\/05\/_Gartenfest_149.thumbnail.jpg\" alt=\"_Gartenfest_149.jpg\" width=\"265\" \/><\/a> <a title=\"Foto: Marzena Traber\" rel=\"lightbox[roadtrip]\" href=\"http:\/\/www.fuldaer-nachrichten.de\/wp-content\/uploads\/2011\/05\/_Gartenfest_150.jpg\" target=\"_blank\"><img decoding=\"async\" src=\"http:\/\/www.fuldaer-nachrichten.de\/wp-content\/uploads\/2011\/05\/_Gartenfest_150.thumbnail.jpg\" alt=\"_Gartenfest_150.jpg\" width=\"265\" \/><\/a><\/p>\n<p><a title=\"Foto: Marzena Traber\" rel=\"lightbox[roadtrip]\" href=\"http:\/\/www.fuldaer-nachrichten.de\/wp-content\/uploads\/2011\/05\/_Gartenfest_151.jpg\" target=\"_blank\"><img decoding=\"async\" src=\"http:\/\/www.fuldaer-nachrichten.de\/wp-content\/uploads\/2011\/05\/_Gartenfest_151.thumbnail.jpg\" alt=\"_Gartenfest_151.jpg\" width=\"265\" \/><\/a> <a title=\"Foto: Marzena Traber\" rel=\"lightbox[roadtrip]\" href=\"http:\/\/www.fuldaer-nachrichten.de\/wp-content\/uploads\/2011\/05\/_Gartenfest_152.jpg\" target=\"_blank\"><img decoding=\"async\" src=\"http:\/\/www.fuldaer-nachrichten.de\/wp-content\/uploads\/2011\/05\/_Gartenfest_152.thumbnail.jpg\" alt=\"_Gartenfest_152.jpg\" width=\"265\" \/><\/a><\/p>\n<p><a title=\"Foto: Marzena Traber\" rel=\"lightbox[roadtrip]\" href=\"http:\/\/www.fuldaer-nachrichten.de\/wp-content\/uploads\/2011\/05\/_Gartenfest_153.jpg\" target=\"_blank\"><img decoding=\"async\" src=\"http:\/\/www.fuldaer-nachrichten.de\/wp-content\/uploads\/2011\/05\/_Gartenfest_153.thumbnail.jpg\" alt=\"_Gartenfest_153.jpg\" width=\"265\" \/><\/a> <a title=\"Foto: Marzena Traber\" rel=\"lightbox[roadtrip]\" href=\"http:\/\/www.fuldaer-nachrichten.de\/wp-content\/uploads\/2011\/05\/_Gartenfest_154.jpg\" target=\"_blank\"><img decoding=\"async\" src=\"http:\/\/www.fuldaer-nachrichten.de\/wp-content\/uploads\/2011\/05\/_Gartenfest_154.thumbnail.jpg\" alt=\"_Gartenfest_154.jpg\" width=\"265\" \/><\/a><\/p>\n<p><a title=\"Foto: Marzena Traber\" rel=\"lightbox[roadtrip]\" href=\"http:\/\/www.fuldaer-nachrichten.de\/wp-content\/uploads\/2011\/05\/_Gartenfest_155.jpg\" target=\"_blank\"><img decoding=\"async\" src=\"http:\/\/www.fuldaer-nachrichten.de\/wp-content\/uploads\/2011\/05\/_Gartenfest_155.thumbnail.jpg\" alt=\"_Gartenfest_155.jpg\" width=\"265\" \/><\/a> <a title=\"Foto: Marzena Traber\" rel=\"lightbox[roadtrip]\" href=\"http:\/\/www.fuldaer-nachrichten.de\/wp-content\/uploads\/2011\/05\/_Gartenfest_156.jpg\" target=\"_blank\"><img decoding=\"async\" src=\"http:\/\/www.fuldaer-nachrichten.de\/wp-content\/uploads\/2011\/05\/_Gartenfest_156.thumbnail.jpg\" alt=\"_Gartenfest_156.jpg\" width=\"265\" \/><\/a><\/p>\n<p><a title=\"Foto: Marzena Traber\" rel=\"lightbox[roadtrip]\" href=\"http:\/\/www.fuldaer-nachrichten.de\/wp-content\/uploads\/2011\/05\/_Gartenfest_157.jpg\" target=\"_blank\"><img decoding=\"async\" src=\"http:\/\/www.fuldaer-nachrichten.de\/wp-content\/uploads\/2011\/05\/_Gartenfest_157.thumbnail.jpg\" alt=\"_Gartenfest_157.jpg\" width=\"265\" \/><\/a> <a title=\"Foto: Marzena Traber\" rel=\"lightbox[roadtrip]\" href=\"http:\/\/www.fuldaer-nachrichten.de\/wp-content\/uploads\/2011\/05\/_Gartenfest_161.jpg\" target=\"_blank\"><img decoding=\"async\" src=\"http:\/\/www.fuldaer-nachrichten.de\/wp-content\/uploads\/2011\/05\/_Gartenfest_161.thumbnail.jpg\" alt=\"_Gartenfest_161.jpg\" width=\"265\" \/><\/a><\/p>\n<p><a title=\"Foto: Marzena Traber\" rel=\"lightbox[roadtrip]\" href=\"http:\/\/www.fuldaer-nachrichten.de\/wp-content\/uploads\/2011\/05\/_Gartenfest_159.jpg\" target=\"_blank\"><img decoding=\"async\" src=\"http:\/\/www.fuldaer-nachrichten.de\/wp-content\/uploads\/2011\/05\/_Gartenfest_159.thumbnail.jpg\" alt=\"_Gartenfest_159.jpg\" width=\"265\" \/><\/a> <a title=\"Foto: Marzena Traber\" rel=\"lightbox[roadtrip]\" href=\"http:\/\/www.fuldaer-nachrichten.de\/wp-content\/uploads\/2011\/05\/_Gartenfest_160.jpg\" target=\"_blank\"><img decoding=\"async\" src=\"http:\/\/www.fuldaer-nachrichten.de\/wp-content\/uploads\/2011\/05\/_Gartenfest_160.thumbnail.jpg\" alt=\"_Gartenfest_160.jpg\" width=\"265\" \/><\/a><\/p>\n<p><a title=\"Foto: Marzena Traber\" rel=\"lightbox[roadtrip]\" href=\"http:\/\/www.fuldaer-nachrichten.de\/wp-content\/uploads\/2011\/05\/_Gartenfest_158.jpg\" target=\"_blank\"><img decoding=\"async\" src=\"http:\/\/www.fuldaer-nachrichten.de\/wp-content\/uploads\/2011\/05\/_Gartenfest_158.thumbnail.jpg\" alt=\"_Gartenfest_158.jpg\" width=\"265\" \/><\/a> <a title=\"Foto: Marzena Traber\" rel=\"lightbox[roadtrip]\" href=\"http:\/\/www.fuldaer-nachrichten.de\/wp-content\/uploads\/2011\/05\/_Gartenfest_162.jpg\" target=\"_blank\"><img decoding=\"async\" src=\"http:\/\/www.fuldaer-nachrichten.de\/wp-content\/uploads\/2011\/05\/_Gartenfest_162.thumbnail.jpg\" alt=\"_Gartenfest_162.jpg\" width=\"265\" \/><\/a><\/p>\n<p><a title=\"Foto: Marzena Traber\" rel=\"lightbox[roadtrip]\" href=\"http:\/\/www.fuldaer-nachrichten.de\/wp-content\/uploads\/2011\/05\/_Gartenfest_163.jpg\" target=\"_blank\"><img decoding=\"async\" src=\"http:\/\/www.fuldaer-nachrichten.de\/wp-content\/uploads\/2011\/05\/_Gartenfest_163.thumbnail.jpg\" alt=\"_Gartenfest_163.jpg\" width=\"265\" \/><\/a> <a title=\"Foto: Marzena Traber\" rel=\"lightbox[roadtrip]\" href=\"http:\/\/www.fuldaer-nachrichten.de\/wp-content\/uploads\/2011\/05\/_Gartenfest_164.jpg\" target=\"_blank\"><img decoding=\"async\" src=\"http:\/\/www.fuldaer-nachrichten.de\/wp-content\/uploads\/2011\/05\/_Gartenfest_164.thumbnail.jpg\" alt=\"_Gartenfest_164.jpg\" width=\"265\" \/><\/a><\/p>\n<p><a title=\"Foto: Marzena Traber\" rel=\"lightbox[roadtrip]\" href=\"http:\/\/www.fuldaer-nachrichten.de\/wp-content\/uploads\/2011\/05\/_Gartenfest_165.jpg\" target=\"_blank\"><img decoding=\"async\" src=\"http:\/\/www.fuldaer-nachrichten.de\/wp-content\/uploads\/2011\/05\/_Gartenfest_165.thumbnail.jpg\" alt=\"_Gartenfest_165.jpg\" width=\"265\" \/><\/a> <a title=\"Foto: Marzena Traber\" rel=\"lightbox[roadtrip]\" href=\"http:\/\/www.fuldaer-nachrichten.de\/wp-content\/uploads\/2011\/05\/_Gartenfest_167.jpg\" target=\"_blank\"><img decoding=\"async\" src=\"http:\/\/www.fuldaer-nachrichten.de\/wp-content\/uploads\/2011\/05\/_Gartenfest_167.thumbnail.jpg\" alt=\"_Gartenfest_167.jpg\" width=\"265\" \/><\/a><\/p>\n<p><a title=\"Foto: Marzena Traber\" rel=\"lightbox[roadtrip]\" href=\"http:\/\/www.fuldaer-nachrichten.de\/wp-content\/uploads\/2011\/05\/_Gartenfest_166.jpg\" target=\"_blank\"><img decoding=\"async\" src=\"http:\/\/www.fuldaer-nachrichten.de\/wp-content\/uploads\/2011\/05\/_Gartenfest_166.thumbnail.jpg\" alt=\"_Gartenfest_166.jpg\" width=\"265\" \/><\/a> <a title=\"Foto: Marzena Traber\" rel=\"lightbox[roadtrip]\" href=\"http:\/\/www.fuldaer-nachrichten.de\/wp-content\/uploads\/2011\/05\/_Gartenfest_168.jpg\" target=\"_blank\"><img decoding=\"async\" src=\"http:\/\/www.fuldaer-nachrichten.de\/wp-content\/uploads\/2011\/05\/_Gartenfest_168.thumbnail.jpg\" alt=\"_Gartenfest_168.jpg\" width=\"265\" \/><\/a><\/p>\n<p><a title=\"Foto: Marzena Traber\" rel=\"lightbox[roadtrip]\" href=\"http:\/\/www.fuldaer-nachrichten.de\/wp-content\/uploads\/2011\/05\/_Gartenfest_169.jpg\" target=\"_blank\"><img decoding=\"async\" src=\"http:\/\/www.fuldaer-nachrichten.de\/wp-content\/uploads\/2011\/05\/_Gartenfest_169.thumbnail.jpg\" alt=\"_Gartenfest_169.jpg\" width=\"265\" \/><\/a> <a title=\"Foto: Marzena Traber\" rel=\"lightbox[roadtrip]\" href=\"http:\/\/www.fuldaer-nachrichten.de\/wp-content\/uploads\/2011\/05\/_Gartenfest_170.jpg\" target=\"_blank\"><img decoding=\"async\" src=\"http:\/\/www.fuldaer-nachrichten.de\/wp-content\/uploads\/2011\/05\/_Gartenfest_170.thumbnail.jpg\" alt=\"_Gartenfest_170.jpg\" width=\"265\" \/><\/a><\/p>\n<p><a title=\"Foto: Marzena Traber\" rel=\"lightbox[roadtrip]\" href=\"http:\/\/www.fuldaer-nachrichten.de\/wp-content\/uploads\/2011\/05\/_Gartenfest_172.jpg\" target=\"_blank\"><img decoding=\"async\" src=\"http:\/\/www.fuldaer-nachrichten.de\/wp-content\/uploads\/2011\/05\/_Gartenfest_172.thumbnail.jpg\" alt=\"_Gartenfest_172.jpg\" width=\"265\" \/><\/a> <a title=\"Foto: Marzena Traber\" rel=\"lightbox[roadtrip]\" href=\"http:\/\/www.fuldaer-nachrichten.de\/wp-content\/uploads\/2011\/05\/_Gartenfest_176.jpg\" target=\"_blank\"><img decoding=\"async\" src=\"http:\/\/www.fuldaer-nachrichten.de\/wp-content\/uploads\/2011\/05\/_Gartenfest_176.thumbnail.jpg\" alt=\"_Gartenfest_176.jpg\" width=\"265\" \/><\/a><\/p>\n<p><a title=\"Foto: Marzena Traber\" rel=\"lightbox[roadtrip]\" href=\"http:\/\/www.fuldaer-nachrichten.de\/wp-content\/uploads\/2011\/05\/_Gartenfest_173.jpg\" target=\"_blank\"><img decoding=\"async\" src=\"http:\/\/www.fuldaer-nachrichten.de\/wp-content\/uploads\/2011\/05\/_Gartenfest_173.thumbnail.jpg\" alt=\"_Gartenfest_173.jpg\" width=\"265\" \/><\/a> <a title=\"Foto: Marzena Traber\" rel=\"lightbox[roadtrip]\" href=\"http:\/\/www.fuldaer-nachrichten.de\/wp-content\/uploads\/2011\/05\/_Gartenfest_174.jpg\" target=\"_blank\"><img decoding=\"async\" src=\"http:\/\/www.fuldaer-nachrichten.de\/wp-content\/uploads\/2011\/05\/_Gartenfest_174.thumbnail.jpg\" alt=\"_Gartenfest_174.jpg\" width=\"265\" \/><\/a><\/p>\n<p><a title=\"Foto: Marzena Traber\" rel=\"lightbox[roadtrip]\" href=\"http:\/\/www.fuldaer-nachrichten.de\/wp-content\/uploads\/2011\/05\/_Gartenfest_175.jpg\" target=\"_blank\"><img decoding=\"async\" src=\"http:\/\/www.fuldaer-nachrichten.de\/wp-content\/uploads\/2011\/05\/_Gartenfest_175.thumbnail.jpg\" alt=\"_Gartenfest_175.jpg\" width=\"265\" \/><\/a> <a title=\"Foto: Marzena Traber\" rel=\"lightbox[roadtrip]\" href=\"http:\/\/www.fuldaer-nachrichten.de\/wp-content\/uploads\/2011\/05\/_Gartenfest_171.jpg\" target=\"_blank\"><img decoding=\"async\" src=\"http:\/\/www.fuldaer-nachrichten.de\/wp-content\/uploads\/2011\/05\/_Gartenfest_171.thumbnail.jpg\" alt=\"_Gartenfest_171.jpg\" width=\"265\" \/><\/a><\/p>\n<p><a title=\"Foto: Marzena Traber\" rel=\"lightbox[roadtrip]\" href=\"http:\/\/www.fuldaer-nachrichten.de\/wp-content\/uploads\/2011\/05\/_Gartenfest_178.jpg\" target=\"_blank\"><img decoding=\"async\" src=\"http:\/\/www.fuldaer-nachrichten.de\/wp-content\/uploads\/2011\/05\/_Gartenfest_178.thumbnail.jpg\" alt=\"_Gartenfest_178.jpg\" width=\"265\" \/><\/a> <a title=\"Foto: Marzena Traber\" rel=\"lightbox[roadtrip]\" href=\"http:\/\/www.fuldaer-nachrichten.de\/wp-content\/uploads\/2011\/05\/_Gartenfest_179.jpg\" target=\"_blank\"><img decoding=\"async\" src=\"http:\/\/www.fuldaer-nachrichten.de\/wp-content\/uploads\/2011\/05\/_Gartenfest_179.thumbnail.jpg\" alt=\"_Gartenfest_179.jpg\" width=\"265\" \/><\/a><\/p>\n<p><a title=\"Foto: Marzena Traber\" rel=\"lightbox[roadtrip]\" href=\"http:\/\/www.fuldaer-nachrichten.de\/wp-content\/uploads\/2011\/05\/_Gartenfest_177.jpg\" target=\"_blank\"><img decoding=\"async\" src=\"http:\/\/www.fuldaer-nachrichten.de\/wp-content\/uploads\/2011\/05\/_Gartenfest_177.thumbnail.jpg\" alt=\"_Gartenfest_177.jpg\" width=\"265\" \/><\/a> <a title=\"Foto: Marzena Traber\" rel=\"lightbox[roadtrip]\" href=\"http:\/\/www.fuldaer-nachrichten.de\/wp-content\/uploads\/2011\/05\/_Gartenfest_180.jpg\" target=\"_blank\"><img decoding=\"async\" src=\"http:\/\/www.fuldaer-nachrichten.de\/wp-content\/uploads\/2011\/05\/_Gartenfest_180.thumbnail.jpg\" alt=\"_Gartenfest_180.jpg\" width=\"265\" \/><\/a><\/p>\n<p><a title=\"Foto: Marzena Traber\" rel=\"lightbox[roadtrip]\" href=\"http:\/\/www.fuldaer-nachrichten.de\/wp-content\/uploads\/2011\/05\/_Gartenfest_181.jpg\" target=\"_blank\"><img decoding=\"async\" src=\"http:\/\/www.fuldaer-nachrichten.de\/wp-content\/uploads\/2011\/05\/_Gartenfest_181.thumbnail.jpg\" alt=\"_Gartenfest_181.jpg\" width=\"265\" \/><\/a> <a title=\"Foto: Marzena Traber\" rel=\"lightbox[roadtrip]\" href=\"http:\/\/www.fuldaer-nachrichten.de\/wp-content\/uploads\/2011\/05\/_Gartenfest_186.jpg\" target=\"_blank\"><img decoding=\"async\" src=\"http:\/\/www.fuldaer-nachrichten.de\/wp-content\/uploads\/2011\/05\/_Gartenfest_186.thumbnail.jpg\" alt=\"_Gartenfest_186.jpg\" width=\"265\" \/><\/a><\/p>\n<p><a title=\"Foto: Marzena Traber\" rel=\"lightbox[roadtrip]\" href=\"http:\/\/www.fuldaer-nachrichten.de\/wp-content\/uploads\/2011\/05\/_Gartenfest_183.jpg\" target=\"_blank\"><img decoding=\"async\" src=\"http:\/\/www.fuldaer-nachrichten.de\/wp-content\/uploads\/2011\/05\/_Gartenfest_183.thumbnail.jpg\" alt=\"_Gartenfest_183.jpg\" width=\"265\" \/><\/a> <a title=\"Foto: Marzena Traber\" rel=\"lightbox[roadtrip]\" href=\"http:\/\/www.fuldaer-nachrichten.de\/wp-content\/uploads\/2011\/05\/_Gartenfest_184.jpg\" target=\"_blank\"><img decoding=\"async\" src=\"http:\/\/www.fuldaer-nachrichten.de\/wp-content\/uploads\/2011\/05\/_Gartenfest_184.thumbnail.jpg\" alt=\"_Gartenfest_184.jpg\" width=\"265\" \/><\/a><\/p>\n<p><a title=\"Foto: Marzena Traber\" rel=\"lightbox[roadtrip]\" href=\"http:\/\/www.fuldaer-nachrichten.de\/wp-content\/uploads\/2011\/05\/_Gartenfest_185.jpg\" target=\"_blank\"><img decoding=\"async\" src=\"http:\/\/www.fuldaer-nachrichten.de\/wp-content\/uploads\/2011\/05\/_Gartenfest_185.thumbnail.jpg\" alt=\"_Gartenfest_185.jpg\" width=\"265\" \/><\/a> <a title=\"Foto: Marzena Traber\" rel=\"lightbox[roadtrip]\" href=\"http:\/\/www.fuldaer-nachrichten.de\/wp-content\/uploads\/2011\/05\/_Gartenfest_182.jpg\" target=\"_blank\"><img decoding=\"async\" src=\"http:\/\/www.fuldaer-nachrichten.de\/wp-content\/uploads\/2011\/05\/_Gartenfest_182.thumbnail.jpg\" alt=\"_Gartenfest_182.jpg\" width=\"265\" \/><\/a><\/p>\n<p><a title=\"Foto: Marzena Traber\" rel=\"lightbox[roadtrip]\" href=\"http:\/\/www.fuldaer-nachrichten.de\/wp-content\/uploads\/2011\/05\/_Gartenfest_187.jpg\" target=\"_blank\"><img decoding=\"async\" src=\"http:\/\/www.fuldaer-nachrichten.de\/wp-content\/uploads\/2011\/05\/_Gartenfest_187.thumbnail.jpg\" alt=\"_Gartenfest_187.jpg\" width=\"265\" \/><\/a> <a title=\"Foto: Marzena Traber\" rel=\"lightbox[roadtrip]\" href=\"http:\/\/www.fuldaer-nachrichten.de\/wp-content\/uploads\/2011\/05\/_Gartenfest_192.jpg\" target=\"_blank\"><img decoding=\"async\" src=\"http:\/\/www.fuldaer-nachrichten.de\/wp-content\/uploads\/2011\/05\/_Gartenfest_192.thumbnail.jpg\" alt=\"_Gartenfest_192.jpg\" width=\"265\" \/><\/a><\/p>\n<p><a title=\"Foto: Marzena Traber\" rel=\"lightbox[roadtrip]\" href=\"http:\/\/www.fuldaer-nachrichten.de\/wp-content\/uploads\/2011\/05\/_Gartenfest_189.jpg\" target=\"_blank\"><img decoding=\"async\" src=\"http:\/\/www.fuldaer-nachrichten.de\/wp-content\/uploads\/2011\/05\/_Gartenfest_189.thumbnail.jpg\" alt=\"_Gartenfest_189.jpg\" width=\"265\" \/><\/a> <a title=\"Foto: Marzena Traber\" rel=\"lightbox[roadtrip]\" href=\"http:\/\/www.fuldaer-nachrichten.de\/wp-content\/uploads\/2011\/05\/_Gartenfest_190.jpg\" target=\"_blank\"><img decoding=\"async\" src=\"http:\/\/www.fuldaer-nachrichten.de\/wp-content\/uploads\/2011\/05\/_Gartenfest_190.thumbnail.jpg\" alt=\"_Gartenfest_190.jpg\" width=\"265\" \/><\/a><\/p>\n<p><a title=\"Foto: Marzena Traber\" rel=\"lightbox[roadtrip]\" href=\"http:\/\/www.fuldaer-nachrichten.de\/wp-content\/uploads\/2011\/05\/_Gartenfest_191.jpg\" target=\"_blank\"><img decoding=\"async\" src=\"http:\/\/www.fuldaer-nachrichten.de\/wp-content\/uploads\/2011\/05\/_Gartenfest_191.thumbnail.jpg\" alt=\"_Gartenfest_191.jpg\" width=\"265\" \/><\/a> <a title=\"Foto: Marzena Traber\" rel=\"lightbox[roadtrip]\" href=\"http:\/\/www.fuldaer-nachrichten.de\/wp-content\/uploads\/2011\/05\/_Gartenfest_188.jpg\" target=\"_blank\"><img decoding=\"async\" src=\"http:\/\/www.fuldaer-nachrichten.de\/wp-content\/uploads\/2011\/05\/_Gartenfest_188.thumbnail.jpg\" alt=\"_Gartenfest_188.jpg\" width=\"265\" \/><\/a><\/p>\n<p><a title=\"Foto: Marzena Traber\" rel=\"lightbox[roadtrip]\" href=\"http:\/\/www.fuldaer-nachrichten.de\/wp-content\/uploads\/2011\/05\/_Gartenfest_193.jpg\" target=\"_blank\"><img decoding=\"async\" src=\"http:\/\/www.fuldaer-nachrichten.de\/wp-content\/uploads\/2011\/05\/_Gartenfest_193.thumbnail.jpg\" alt=\"_Gartenfest_193.jpg\" width=\"265\" \/><\/a> <a title=\"Foto: Marzena Traber\" rel=\"lightbox[roadtrip]\" href=\"http:\/\/www.fuldaer-nachrichten.de\/wp-content\/uploads\/2011\/05\/_Gartenfest_194.jpg\" target=\"_blank\"><img decoding=\"async\" src=\"http:\/\/www.fuldaer-nachrichten.de\/wp-content\/uploads\/2011\/05\/_Gartenfest_194.thumbnail.jpg\" alt=\"_Gartenfest_194.jpg\" width=\"265\" \/><\/a><\/p>\n<p><a title=\"Foto: Marzena Traber\" rel=\"lightbox[roadtrip]\" href=\"http:\/\/www.fuldaer-nachrichten.de\/wp-content\/uploads\/2011\/05\/_Gartenfest_195.jpg\" target=\"_blank\"><img decoding=\"async\" src=\"http:\/\/www.fuldaer-nachrichten.de\/wp-content\/uploads\/2011\/05\/_Gartenfest_195.thumbnail.jpg\" alt=\"_Gartenfest_195.jpg\" width=\"265\" \/><\/a> <a title=\"Foto: Marzena Traber\" rel=\"lightbox[roadtrip]\" href=\"http:\/\/www.fuldaer-nachrichten.de\/wp-content\/uploads\/2011\/05\/_Gartenfest_196.jpg\" target=\"_blank\"><img decoding=\"async\" src=\"http:\/\/www.fuldaer-nachrichten.de\/wp-content\/uploads\/2011\/05\/_Gartenfest_196.thumbnail.jpg\" alt=\"_Gartenfest_196.jpg\" width=\"265\" \/><\/a><\/p>\n<p><a title=\"Foto: Marzena Traber\" rel=\"lightbox[roadtrip]\" href=\"http:\/\/www.fuldaer-nachrichten.de\/wp-content\/uploads\/2011\/05\/_Gartenfest_197.jpg\" target=\"_blank\"><img decoding=\"async\" src=\"http:\/\/www.fuldaer-nachrichten.de\/wp-content\/uploads\/2011\/05\/_Gartenfest_197.thumbnail.jpg\" alt=\"_Gartenfest_197.jpg\" width=\"265\" \/><\/a> <a title=\"Foto: Marzena Traber\" rel=\"lightbox[roadtrip]\" href=\"http:\/\/www.fuldaer-nachrichten.de\/wp-content\/uploads\/2011\/05\/_Gartenfest_198.jpg\" target=\"_blank\"><img decoding=\"async\" src=\"http:\/\/www.fuldaer-nachrichten.de\/wp-content\/uploads\/2011\/05\/_Gartenfest_198.thumbnail.jpg\" alt=\"_Gartenfest_198.jpg\" width=\"265\" \/><\/a><\/p>\n<p><a title=\"Foto: Marzena Traber\" rel=\"lightbox[roadtrip]\" href=\"http:\/\/www.fuldaer-nachrichten.de\/wp-content\/uploads\/2011\/05\/_Gartenfest_199.jpg\" target=\"_blank\"><img decoding=\"async\" src=\"http:\/\/www.fuldaer-nachrichten.de\/wp-content\/uploads\/2011\/05\/_Gartenfest_199.thumbnail.jpg\" alt=\"_Gartenfest_199.jpg\" width=\"265\" \/><\/a> <a title=\"Foto: Marzena Traber\" rel=\"lightbox[roadtrip]\" href=\"http:\/\/www.fuldaer-nachrichten.de\/wp-content\/uploads\/2011\/05\/_Gartenfest_200.jpg\" target=\"_blank\"><img decoding=\"async\" src=\"http:\/\/www.fuldaer-nachrichten.de\/wp-content\/uploads\/2011\/05\/_Gartenfest_200.thumbnail.jpg\" alt=\"_Gartenfest_200.jpg\" width=\"265\" \/><\/a><\/p>\n<p><a title=\"Foto: Marzena Traber\" rel=\"lightbox[roadtrip]\" href=\"http:\/\/www.fuldaer-nachrichten.de\/wp-content\/uploads\/2011\/05\/_Gartenfest_201.jpg\" target=\"_blank\"><img decoding=\"async\" src=\"http:\/\/www.fuldaer-nachrichten.de\/wp-content\/uploads\/2011\/05\/_Gartenfest_201.thumbnail.jpg\" alt=\"_Gartenfest_201.jpg\" width=\"265\" \/><\/a> <a title=\"Foto: Marzena Traber\" rel=\"lightbox[roadtrip]\" href=\"http:\/\/www.fuldaer-nachrichten.de\/wp-content\/uploads\/2011\/05\/_Gartenfest_202.jpg\" target=\"_blank\"><img decoding=\"async\" src=\"http:\/\/www.fuldaer-nachrichten.de\/wp-content\/uploads\/2011\/05\/_Gartenfest_202.thumbnail.jpg\" alt=\"_Gartenfest_202.jpg\" width=\"265\" \/><\/a><\/p>\n<p><a title=\"Foto: Marzena Traber\" rel=\"lightbox[roadtrip]\" href=\"http:\/\/www.fuldaer-nachrichten.de\/wp-content\/uploads\/2011\/05\/_Gartenfest_205.jpg\" target=\"_blank\"><img decoding=\"async\" src=\"http:\/\/www.fuldaer-nachrichten.de\/wp-content\/uploads\/2011\/05\/_Gartenfest_205.thumbnail.jpg\" alt=\"_Gartenfest_205.jpg\" width=\"265\" \/><\/a> <a title=\"Foto: Marzena Traber\" rel=\"lightbox[roadtrip]\" href=\"http:\/\/www.fuldaer-nachrichten.de\/wp-content\/uploads\/2011\/05\/_Gartenfest_206.jpg\" target=\"_blank\"><img decoding=\"async\" src=\"http:\/\/www.fuldaer-nachrichten.de\/wp-content\/uploads\/2011\/05\/_Gartenfest_206.thumbnail.jpg\" alt=\"_Gartenfest_206.jpg\" width=\"265\" \/><\/a><\/p>\n<p><a title=\"Foto: Marzena Traber\" rel=\"lightbox[roadtrip]\" href=\"http:\/\/www.fuldaer-nachrichten.de\/wp-content\/uploads\/2011\/05\/_Gartenfest_207.jpg\" target=\"_blank\"><img decoding=\"async\" src=\"http:\/\/www.fuldaer-nachrichten.de\/wp-content\/uploads\/2011\/05\/_Gartenfest_207.thumbnail.jpg\" alt=\"_Gartenfest_207.jpg\" width=\"265\" \/><\/a> <a title=\"Foto: Marzena Traber\" rel=\"lightbox[roadtrip]\" href=\"http:\/\/www.fuldaer-nachrichten.de\/wp-content\/uploads\/2011\/05\/_Gartenfest_208.jpg\" target=\"_blank\"><img decoding=\"async\" src=\"http:\/\/www.fuldaer-nachrichten.de\/wp-content\/uploads\/2011\/05\/_Gartenfest_208.thumbnail.jpg\" alt=\"_Gartenfest_208.jpg\" width=\"265\" \/><\/a><\/p>\n<p><a title=\"Foto: Marzena Traber\" rel=\"lightbox[roadtrip]\" href=\"http:\/\/www.fuldaer-nachrichten.de\/wp-content\/uploads\/2011\/05\/_Gartenfest_203.jpg\" target=\"_blank\"><img decoding=\"async\" src=\"http:\/\/www.fuldaer-nachrichten.de\/wp-content\/uploads\/2011\/05\/_Gartenfest_203.thumbnail.jpg\" alt=\"_Gartenfest_203.jpg\" width=\"265\" \/><\/a> <a title=\"Foto: Marzena Traber\" rel=\"lightbox[roadtrip]\" href=\"http:\/\/www.fuldaer-nachrichten.de\/wp-content\/uploads\/2011\/05\/_Gartenfest_204.jpg\" target=\"_blank\"><img decoding=\"async\" src=\"http:\/\/www.fuldaer-nachrichten.de\/wp-content\/uploads\/2011\/05\/_Gartenfest_204.thumbnail.jpg\" alt=\"_Gartenfest_204.jpg\" width=\"265\" \/><\/a><\/p>\n","protected":false},"excerpt":{"rendered":"<div class=\"tmnf_excerpt\"><p>Fulda. Das 12. F\u00fcrstliche Gartenfest auf Schloss Fasanerie bei Fulda pr\u00e4sentiert sich noch bis Sonntag, 22. Mai, als Schaufenster f\u00fcr gehobene Gartenkultur und Lebensart. Unter der Schirmherrschaft von Moritz Landgraf von Hessen sind \u00fcber 160 ausgesuchte internationale Aussteller mit Pflanzen, Rarit\u00e4ten, hochwertigen Garten- und Landhausaccessoires, Handwerkskunst, ausgefallener Landmode und allerlei K\u00f6stlichkeiten vertreten. Rund um das &hellip;<\/p>\n<\/div>","protected":false},"author":1,"featured_media":0,"comment_status":"closed","ping_status":"closed","sticky":false,"template":"","format":"standard","meta":{"footnotes":""},"categories":[1,54,44,78],"tags":[],"class_list":["post-86188","post","type-post","status-publish","format-standard","hentry","category-startseite","category-bildergalerien","category-kultur","category-topthema"],"_links":{"self":[{"href":"https:\/\/www.fuldaernachrichten.de\/index.php?rest_route=\/wp\/v2\/posts\/86188","targetHints":{"allow":["GET"]}}],"collection":[{"href":"https:\/\/www.fuldaernachrichten.de\/index.php?rest_route=\/wp\/v2\/posts"}],"about":[{"href":"https:\/\/www.fuldaernachrichten.de\/index.php?rest_route=\/wp\/v2\/types\/post"}],"author":[{"embeddable":true,"href":"https:\/\/www.fuldaernachrichten.de\/index.php?rest_route=\/wp\/v2\/users\/1"}],"replies":[{"embeddable":true,"href":"https:\/\/www.fuldaernachrichten.de\/index.php?rest_route=%2Fwp%2Fv2%2Fcomments&post=86188"}],"version-history":[{"count":1,"href":"https:\/\/www.fuldaernachrichten.de\/index.php?rest_route=\/wp\/v2\/posts\/86188\/revisions"}],"predecessor-version":[{"id":86218,"href":"https:\/\/www.fuldaernachrichten.de\/index.php?rest_route=\/wp\/v2\/posts\/86188\/revisions\/86218"}],"wp:attachment":[{"href":"https:\/\/www.fuldaernachrichten.de\/index.php?rest_route=%2Fwp%2Fv2%2Fmedia&parent=86188"}],"wp:term":[{"taxonomy":"category","embeddable":true,"href":"https:\/\/www.fuldaernachrichten.de\/index.php?rest_route=%2Fwp%2Fv2%2Fcategories&post=86188"},{"taxonomy":"post_tag","embeddable":true,"href":"https:\/\/www.fuldaernachrichten.de\/index.php?rest_route=%2Fwp%2Fv2%2Ftags&post=86188"}],"curies":[{"name":"wp","href":"https:\/\/api.w.org\/{rel}","templated":true}]}}