{"id":8617,"date":"2008-04-08T00:48:05","date_gmt":"2008-04-07T22:48:05","guid":{"rendered":"http:\/\/www.schoene-nachrichten.de\/?p=8617"},"modified":"2008-04-07T20:35:45","modified_gmt":"2008-04-07T18:35:45","slug":"kleines-auto-grosse-leistung-smart-center-fulda-versammelte-100000er-club","status":"publish","type":"post","link":"https:\/\/www.fuldaernachrichten.de\/?p=8617","title":{"rendered":"Kleines Auto \u2013 gro\u00dfe Leistung: Smart-Center-Fulda versammelte \u201e100.000er Club\u201c"},"content":{"rendered":"<p><strong>Fulda.<\/strong> Als der Smart anno 1998 auf den Markt kam, war er vor allem eins: vollkommen neu! Das Konzept des City-Flitzers fand schnell Anh\u00e4nger, die vor allem den geringen Verbrauch und die kompakten Ma\u00dfe sch\u00e4tzten. Kein Wunder, passen doch in eine herk\u00f6mmliche Parkl\u00fccke gleich zwei dieser wendigen und trendigen Fahrzeuge. Im Fuldaer Smart-Center versammelten sich nun einige Besitzer nicht mehr ganz taufrischer Modelle zur \u201eTreue-Party\u201c: Sie hatten jeweils schon mehr als 100.000 Kilometer mit ihrem Smart zur\u00fcckgelegt.<\/p>\n<p><strong>Fotos (3):<\/strong> Kerstin Herbst<\/p>\n<p><a href=\"http:\/\/www.schoene-nachrichten.de\/wp-content\/uploads\/2008\/04\/080408_smart3.jpg\" title=\"080408_smart3.jpg\"><img decoding=\"async\" src=\"http:\/\/www.schoene-nachrichten.de\/wp-content\/uploads\/2008\/04\/080408_smart3.thumbnail.jpg\" alt=\"080408_smart3.jpg\" \/><\/a><a href=\"http:\/\/www.schoene-nachrichten.de\/wp-content\/uploads\/2008\/04\/080408_smart1.jpg\" title=\"080408_smart1.jpg\"> <img decoding=\"async\" src=\"http:\/\/www.schoene-nachrichten.de\/wp-content\/uploads\/2008\/04\/080408_smart1.thumbnail.jpg\" alt=\"080408_smart1.jpg\" \/><\/a> <a href=\"http:\/\/www.schoene-nachrichten.de\/wp-content\/uploads\/2008\/04\/080408_smart2.jpg\" title=\"080408_smart2.jpg\"><img decoding=\"async\" src=\"http:\/\/www.schoene-nachrichten.de\/wp-content\/uploads\/2008\/04\/080408_smart2.thumbnail.jpg\" alt=\"080408_smart2.jpg\" \/><!--more--><\/a><\/p>\n<p>Centerleiter Constantin Jdanoff zeigte sich stolz, dass im Einzugsgebiet des Fuldaer Smart-Centers mehr als 100 Fahrzeuge unterwegs seien, die diese Laufleistung erreicht haben. Bei Fingerfood und Drinks dankte er den knapp 30 erschienen G\u00e4ste f\u00fcr deren \u201eTreue\u201c zur Marke und rechnete vor, dass alle Anwesende bereits mehr als zweieinhalb Mal mit ihrem Smart um die Welt gefahren seien. Und auch die Fahrer des Kleinwagens wussten allerhand zu erz\u00e4hlen, was sie auf dieser langen Strecke erlebt haben: 161.000 Kilometer zeigt der Kilometerz\u00e4hler bei Michael Herbst aus Eichenzell an.<\/p>\n<p>Mit seinem Smart CDI f\u00e4hrt er schon seit acht Jahren zu seiner Arbeitsstelle nach H\u00fcnfeld und vertraut dabei, wie er sagt, auf ein \u201ealtes Ger\u00fccht\u201c: \u201eAutos m\u00fcssen auch mal ausgefahren werden. Deswegen fahre ich immer eine Strecke langsam \u00fcber die Bundesstra\u00dfe und den R\u00fcckweg dann z\u00fcgig \u00fcber die Autobahn.\u201c Den Smart h\u00e4lt er f\u00fcr das optimale Auto: G\u00fcnstig in Steuern und Verbrauch sowie spielend leicht einzuparken. Einen Wunsch h\u00e4tte er aber dennoch gerne erf\u00fcllt gewusst: Einen I-Pod-Anschluss zum Nachr\u00fcsten f\u00fcr seinen Smart. \u201eDer neue hat\u00c2\u00b4s\u201c, hat er sich schon erkundigt.<\/p>\n<p>F\u00fcr Carmen Popp aus Hofbieber war ihr Smart auch lange Zeit die optimale L\u00f6sung. Mittlerweile musste sie den Wagen allerdings an ihren Mann abgegeben: \u201eF\u00fcr Familieneink\u00e4ufe hat es immer gereicht, aber ein zweiter Kindersitz war in dem Zweisitzer einfach nicht unterzubringen\u201c, lacht sie. Ihr Sohn m\u00f6chte aber nach wie vor immer gerne Smart fahren, \u201eweil er da vorne sitzen darf\u201c.<\/p>\n<p>Den weitesten Weg hat allerdings zweifelsfrei Werner Ulrich aus Flieden mit seinem Fahrzeug zur\u00fcckgelegt: \u201eSechs Jahre lang, jeden Tag 190 Kilometer nach Frankfurt an die Arbeit.\u201c Das summiert sich mittlerweile zur stolzen Summe von 211504 Kilometern \u201eauf der Uhr\u201c des kleinen Flitzers. \u201eIch war damit sogar schon zweimal auf dem Gro\u00df-Glockner\u201c, erkl\u00e4rt er grinsend, \u201emeine Kollegen, die mit dem Motorrad unterwegs waren, wurden nass im Regen, ich nicht.\u201c Er will seinem Smart auch weiterhin treu bleiben: \u201eDem fehlt ja nix! Der l\u00e4uft wie eine N\u00e4hmaschine!\u201c, lacht Werner Ulrich \u2013 und hat die 300.000 Kilometer schon fest im Blick.<\/p>\n","protected":false},"excerpt":{"rendered":"<div class=\"tmnf_excerpt\"><p>Fulda. Als der Smart anno 1998 auf den Markt kam, war er vor allem eins: vollkommen neu! Das Konzept des City-Flitzers fand schnell Anh\u00e4nger, die vor allem den geringen Verbrauch und die kompakten Ma\u00dfe sch\u00e4tzten. Kein Wunder, passen doch in eine herk\u00f6mmliche Parkl\u00fccke gleich zwei dieser wendigen und trendigen Fahrzeuge. Im Fuldaer Smart-Center versammelten sich &hellip;<\/p>\n<\/div>","protected":false},"author":1,"featured_media":0,"comment_status":"closed","ping_status":"closed","sticky":false,"template":"","format":"standard","meta":{"footnotes":""},"categories":[1,35],"tags":[],"class_list":["post-8617","post","type-post","status-publish","format-standard","hentry","category-startseite","category-auto"],"_links":{"self":[{"href":"https:\/\/www.fuldaernachrichten.de\/index.php?rest_route=\/wp\/v2\/posts\/8617","targetHints":{"allow":["GET"]}}],"collection":[{"href":"https:\/\/www.fuldaernachrichten.de\/index.php?rest_route=\/wp\/v2\/posts"}],"about":[{"href":"https:\/\/www.fuldaernachrichten.de\/index.php?rest_route=\/wp\/v2\/types\/post"}],"author":[{"embeddable":true,"href":"https:\/\/www.fuldaernachrichten.de\/index.php?rest_route=\/wp\/v2\/users\/1"}],"replies":[{"embeddable":true,"href":"https:\/\/www.fuldaernachrichten.de\/index.php?rest_route=%2Fwp%2Fv2%2Fcomments&post=8617"}],"version-history":[{"count":0,"href":"https:\/\/www.fuldaernachrichten.de\/index.php?rest_route=\/wp\/v2\/posts\/8617\/revisions"}],"wp:attachment":[{"href":"https:\/\/www.fuldaernachrichten.de\/index.php?rest_route=%2Fwp%2Fv2%2Fmedia&parent=8617"}],"wp:term":[{"taxonomy":"category","embeddable":true,"href":"https:\/\/www.fuldaernachrichten.de\/index.php?rest_route=%2Fwp%2Fv2%2Fcategories&post=8617"},{"taxonomy":"post_tag","embeddable":true,"href":"https:\/\/www.fuldaernachrichten.de\/index.php?rest_route=%2Fwp%2Fv2%2Ftags&post=8617"}],"curies":[{"name":"wp","href":"https:\/\/api.w.org\/{rel}","templated":true}]}}