{"id":8615,"date":"2008-04-08T00:45:26","date_gmt":"2008-04-07T22:45:26","guid":{"rendered":"http:\/\/www.schoene-nachrichten.de\/?p=8615"},"modified":"2008-04-07T20:12:54","modified_gmt":"2008-04-07T18:12:54","slug":"waermepumpen-aktionswochen-fachvortraege-im-uewag-kundenzentrum","status":"publish","type":"post","link":"https:\/\/www.fuldaernachrichten.de\/?p=8615","title":{"rendered":"W\u00e4rmepumpen-Aktionswochen: Fachvortr\u00e4ge im \u00dcWAG-Kundenzentrum"},"content":{"rendered":"<p><strong>Fulda. <\/strong>Im Rahmen der W\u00e4rmepumpen-Aktionswochen bietet die \u00dcWAG am Mittwoch, 9. April 2008, ab 17:15 Uhr in ihrem Kundenzentrum in der Fuldaer Bahnhofstra\u00dfe zwei Fachvortr\u00e4ge zu den Themen wohnwirtschaftliche Programme der KfW-F\u00f6rderbank, Energieausweis und \u00dcWAG-W\u00e4rmepumpenf\u00f6rderung.<!--more--><\/p>\n<p>Der Titel des ersten Vortrags lautet: \u201eSie bauen\/sanieren \u2013 wir finanzieren: KfW-F\u00f6rderbank!\u201c Die Referentin Silke Apel ist als Beraterin der KfW-Bankengruppe t\u00e4tig. In ihrem Vortrag erl\u00e4utert sie die wohnwirtschaftlichen F\u00f6rderprogramme der KfW, die Bauherren und Modernisierern helfen, die f\u00fcr ihr Vorhaben g\u00fcnstigste Finanzierungsform zu finden. Dabei beleuchtet die Expertin die verschiedenen Varianten, f\u00fcr die es KfW-F\u00f6rderprogramme gibt: Kauf oder Bau von Wohneigentum, energetische Sanierung, Modernisierung oder Einbau von Heizungstechnik auf Basis erneuerbarer Energien.<\/p>\n<p>\u00dcWAG-Energieberater Frank Fleck stellt in seinem Vortrag ab 18:00 Uhr die W\u00e4rmepumpenf\u00f6rderung der \u00dcWAG vor und beantwortet alle Fragen zum Energieausweis f\u00fcr Wohngeb\u00e4ude: Wof\u00fcr wird dieser Ausweis ben\u00f6tigt? Wer braucht ihn? Welche Fristen sind zu beachten? Anschlie\u00dfend haben Besucher die M\u00f6glichkeit, sich die Ausstellungen der an den W\u00e4rmepumpen-Aktionswochen beteiligten Firmen und Organisationen (TERRA THERM Erdw\u00e4rme GmbH, Energie-Kreis Osthessen, Sparkasse Fulda und VR Genossenschaftsbank Fulda eG) im \u00dcWAG-Kundenzentrum anzuschauen.<br \/>\n<strong><br \/>\nDie W\u00e4rmepumpen-Aktionswochen dauern bis einschlie\u00dflich 30. April 2008. Die Informationsausstellung kann t\u00e4glich w\u00e4hrend der \u00d6ffnungszeiten von 09:00 bis 19:00 (samstags bis 13:00 Uhr) und am 9., 18. und 25. April 2008 bis 20:00 Uhr kostenlos im Kundenzentrum der \u00dcWAG besichtigt werden.<\/strong><\/p>\n","protected":false},"excerpt":{"rendered":"<div class=\"tmnf_excerpt\"><p>Fulda. Im Rahmen der W\u00e4rmepumpen-Aktionswochen bietet die \u00dcWAG am Mittwoch, 9. April 2008, ab 17:15 Uhr in ihrem Kundenzentrum in der Fuldaer Bahnhofstra\u00dfe zwei Fachvortr\u00e4ge zu den Themen wohnwirtschaftliche Programme der KfW-F\u00f6rderbank, Energieausweis und \u00dcWAG-W\u00e4rmepumpenf\u00f6rderung.<\/p>\n<\/div>","protected":false},"author":1,"featured_media":0,"comment_status":"closed","ping_status":"closed","sticky":false,"template":"","format":"standard","meta":{"footnotes":""},"categories":[1,52],"tags":[],"class_list":["post-8615","post","type-post","status-publish","format-standard","hentry","category-startseite","category-umwelt"],"_links":{"self":[{"href":"https:\/\/www.fuldaernachrichten.de\/index.php?rest_route=\/wp\/v2\/posts\/8615","targetHints":{"allow":["GET"]}}],"collection":[{"href":"https:\/\/www.fuldaernachrichten.de\/index.php?rest_route=\/wp\/v2\/posts"}],"about":[{"href":"https:\/\/www.fuldaernachrichten.de\/index.php?rest_route=\/wp\/v2\/types\/post"}],"author":[{"embeddable":true,"href":"https:\/\/www.fuldaernachrichten.de\/index.php?rest_route=\/wp\/v2\/users\/1"}],"replies":[{"embeddable":true,"href":"https:\/\/www.fuldaernachrichten.de\/index.php?rest_route=%2Fwp%2Fv2%2Fcomments&post=8615"}],"version-history":[{"count":0,"href":"https:\/\/www.fuldaernachrichten.de\/index.php?rest_route=\/wp\/v2\/posts\/8615\/revisions"}],"wp:attachment":[{"href":"https:\/\/www.fuldaernachrichten.de\/index.php?rest_route=%2Fwp%2Fv2%2Fmedia&parent=8615"}],"wp:term":[{"taxonomy":"category","embeddable":true,"href":"https:\/\/www.fuldaernachrichten.de\/index.php?rest_route=%2Fwp%2Fv2%2Fcategories&post=8615"},{"taxonomy":"post_tag","embeddable":true,"href":"https:\/\/www.fuldaernachrichten.de\/index.php?rest_route=%2Fwp%2Fv2%2Ftags&post=8615"}],"curies":[{"name":"wp","href":"https:\/\/api.w.org\/{rel}","templated":true}]}}