{"id":8603,"date":"2008-04-08T00:33:15","date_gmt":"2008-04-07T22:33:15","guid":{"rendered":"http:\/\/www.schoene-nachrichten.de\/?p=8603"},"modified":"2008-04-07T20:35:58","modified_gmt":"2008-04-07T18:35:58","slug":"ueber-500-baeume-fuer-gutes-klima-gepflanzt","status":"publish","type":"post","link":"https:\/\/www.fuldaernachrichten.de\/?p=8603","title":{"rendered":"\u00dcber 500 B\u00e4ume f\u00fcr gutes Klima gepflanzt"},"content":{"rendered":"<p><strong>Bad Soden-Salm\u00fcnster.<\/strong> Bei bestem Pflanzwetter \u2013 feucht bis regnerisch \u2013 haben bis zu 100 Jugendliche und \u00fcberwiegend junge Erwachsene am Samstag mehr als 500 B\u00e4ume in Bad Soden-Salm\u00fcnster gepflanzt. Die von der katholischen Kirchengemeinde St. Peter und Paul Salm\u00fcnster initiierte Aktion war nicht nur von den Zahlen her sehr erfolgreich, sie hat auch allen Beteiligten viel Freude bereitet.<\/p>\n<p><strong>Fotos (6):<\/strong> Frank L. Seidl<\/p>\n<p><a href=\"http:\/\/www.schoene-nachrichten.de\/wp-content\/uploads\/2008\/04\/kurpark-1-kl.jpg\" rel=\"lightbox[roadtrip]\" target=\"_blank\" title=\"kurpark-1-kl.jpg\"><img decoding=\"async\" src=\"http:\/\/www.schoene-nachrichten.de\/wp-content\/uploads\/2008\/04\/kurpark-1-kl.thumbnail.jpg\" alt=\"kurpark-1-kl.jpg\" \/><\/a><a href=\"http:\/\/www.schoene-nachrichten.de\/wp-content\/uploads\/2008\/04\/munsterbergstrase-1-kl.jpg\" rel=\"lightbox[roadtrip]\" target=\"_blank\" title=\"munsterbergstrase-1-kl.jpg\"> <img decoding=\"async\" src=\"http:\/\/www.schoene-nachrichten.de\/wp-content\/uploads\/2008\/04\/munsterbergstrase-1-kl.thumbnail.jpg\" alt=\"munsterbergstrase-1-kl.jpg\" \/><\/a><a href=\"http:\/\/www.schoene-nachrichten.de\/wp-content\/uploads\/2008\/04\/passions-baum-3-kl.jpg\" rel=\"lightbox[roadtrip]\" target=\"_blank\" title=\"passions-baum-3-kl.jpg\"> <img decoding=\"async\" src=\"http:\/\/www.schoene-nachrichten.de\/wp-content\/uploads\/2008\/04\/passions-baum-3-kl.thumbnail.jpg\" alt=\"passions-baum-3-kl.jpg\" \/><!--more--><\/a><a href=\"http:\/\/www.schoene-nachrichten.de\/wp-content\/uploads\/2008\/04\/munsterbergstrase-1-kl.jpg\" title=\"munsterbergstrase-1-kl.jpg\"> <\/a><\/p>\n<p>Gerade einen Monat Zeit hatte die Vorbereitungsgruppe, um eine gro\u00dfe Umweltaktion zu planen. Entsprechend skeptisch war Ewald Krack vom Vogel- und Naturschutzverein Salm\u00fcnster anfangs: \u201eIch h\u00e4tte nie gedacht, dass wir das schaffen k\u00f6nnen. Aber durch die gute Zusammenarbeit mit allen war das kein Problem.\u201c Genau das zeichnete das Team auch aus: Es wurde nicht lange herumdiskutiert, sondern geplant und organisiert. Und so wurde die Aktion zu einem Erfolg. Viele Helfer und Spender waren sofort zur Unterst\u00fctzung bereit.<\/p>\n<p>Die Gemeindereferentin und Stammeskuratin der Pfadfinder, Rita Kunzmann, war sehr zufrieden und k\u00fcndigte an, dass eine solche Baumpflanzaktion keine Eintagsfliege sein muss: \u201eWir wissen, dass wir mit unserem Einsatz nicht so einfach mal die Welt retten k\u00f6nnen. Uns war aber wichtig, einen Schritt in die richtige Richtung getan zu haben. Wir in der Vorbereitungsgruppe k\u00f6nnen uns gut vorstellen, dass wir in jedem Jahr einen Baumpflanztag machen.\u201c<\/p>\n<p>Auch die Umweltreferentin des Bistums Fulda, Dr. Beatrice van Saan-Klein, wohnte dem Aktionstag aktiv bei und war begeistert: \u201eDas ist eine ganz hervorragende \u201eplant-for-the-planet\u201c-Umweltaktion. Beeindruckend war vor allem, dass so viele Jugendliche Verantwortung f\u00fcr unsere Erde \u00fcbernehmen.\u201c Van Saan-Klein hatte mit einem Vortrag vor den Firmlingen der Kirchengemeinde letzten Herbst die Jugendlichen auf die Idee gebracht, etwas aktiv zu unternehmen.<\/p>\n<p><strong>50 B\u00e4ume im Stadtgebiet<\/strong><\/p>\n<p><a href=\"http:\/\/www.schoene-nachrichten.de\/wp-content\/uploads\/2008\/04\/streuobstwiese-bad-soden-1-kl.jpg\" rel=\"lightbox[roadtrip]\" target=\"_blank\" title=\"streuobstwiese-bad-soden-1-kl.jpg\"><img decoding=\"async\" src=\"http:\/\/www.schoene-nachrichten.de\/wp-content\/uploads\/2008\/04\/streuobstwiese-bad-soden-1-kl.thumbnail.jpg\" alt=\"streuobstwiese-bad-soden-1-kl.jpg\" align=\"left\" hspace=\"5\" \/><\/a>Viele Vereine, Gruppen und auch einzelne Helfer r\u00fcckten mit Gummistiefel, Regenjacke und Spaten an. Vormittags wurden \u00fcber 50 B\u00e4ume an der Salm\u00fcnsterer M\u00fcnsterbergstra\u00dfe, der Bad Sodener Nu\u00dfbaumallee und im Kurpark (Feldulme, Feldahorn, Walnuss, Traubenkirsche und Gemeine Esche) sowie auf Streuobstwiesen in Bad Soden (beim Sportplatz) und Salm\u00fcnster (Richtung Neudorf) (Apfel-, Birne-, Pflaumenb\u00e4ume) von den flei\u00dfigen Helfern gepflanzt. Bei leckerer Erbsensuppe, gespendet vom St. Marienheim Bad Soden, und gesponserten Getr\u00e4nken der Getr\u00e4nkehandel Weisbecker (Salm\u00fcnster) und Wenzel (Bad Soden), tauschten sich die motivierten Jugendlichen \u00fcber ihre Pflanzstellen aus. Diese wurden in enger Zusammenarbeit mit dem Forst und der Stadt ausgew\u00e4hlt. Sp\u00e4ter gab es noch Kuchen, der von Privatpersonen gespendet wurde. Julijana B\u00f6s organisiert die Helferverpflegung mit viel Herz.<br \/>\n<strong>Pfadfinder und Naturspezialisten sorgten f\u00fcr Infos \u00fcber den Wald<\/strong><\/p>\n<p>Die Teilnehmerinnen und Teilnehmer taten nicht nur etwas Gutes f\u00fcr die Umwelt, sie bekamen auch einige Informationen \u00fcber das Pflanzen der B\u00e4ume und die Natur von den begleitenden Spezialisten, dem Stadtg\u00e4rtner Jockel Fahlteich, dem F\u00f6rster Christian Stelting sowie Hubert G\u00f6bel (ehem. F\u00f6rster), Ewald Krack und Gerhard Ziegler vom Vogel- und Naturschutzverein. Die Jungpfadfinder vom Stamm Heilig Kreuz Ahl\/Salm\u00fcnster (Deutsche Pfadfinderschaft Sankt Georg) mit Leiterin Nathalie Baron hatten ebenfalls Umweltinformationen f\u00fcr alle vorbereitet, z.B. wie viel Sauerstoff B\u00e4ume produzieren. Die Pfadfinder hatten sogar Informationen zu den einzelnen B\u00e4umen, die gepflanzt wurden. Bereits 1992 hatten sie f\u00fcr eine Aufforstungsaktion von Radio FFH nach einem Sturm gesammelt und damals 12 Eichen spenden k\u00f6nnen.<\/p>\n<p><strong>Knopfloch-Baum vor dem Pfarrheim gepflanzt<\/strong><\/p>\n<p><a href=\"http:\/\/www.schoene-nachrichten.de\/wp-content\/uploads\/2008\/04\/knopfloch-baum-2-kl.jpg\" rel=\"lightbox[roadtrip]\" target=\"_blank\" title=\"knopfloch-baum-2-kl.jpg\"><img decoding=\"async\" src=\"http:\/\/www.schoene-nachrichten.de\/wp-content\/uploads\/2008\/04\/knopfloch-baum-2-kl.thumbnail.jpg\" alt=\"knopfloch-baum-2-kl.jpg\" align=\"left\" hspace=\"5\" \/><\/a>Der Jugendtreff Knopfloch der Kirchengemeinde pflanzte zusammen mit Pfadfindern einen Ginkgo-Baum auf der Franziskusruh direkt vor dem Pfarrheim. Der Baum ersetzt eine Ulme, die einem Sturm zum Opfer gefallen war. \u201eWir wollten hier endlich wieder einen sch\u00f6nen Baum haben!\u201c, erkl\u00e4rte Timo M\u00fcnch (Pfadfinder und einer der Verantwortlichen des Jugendtreffs).<\/p>\n<p><strong>500 Baumpflanzen im Wald<\/strong><\/p>\n<p>Am Nachmittag ging es mit allen Baumpflanzaktivisten in den Wald. Angef\u00fchrt vom F\u00f6rster Christian Stelting galt es ein Windbruchgebiet am Sandacker (Bad Soden Richtung Udenhain) wieder aufzuforsten. \u00dcberall im Unterholz und dem schwierigen Gel\u00e4nde wurden L\u00f6cher gegraben und Baumpflanzen f\u00fcr einen Mischwald einzupflanzen. Innerhalb eines Nachmittags wurden knapp 500 Baumpflanzen hier von der DLRG, den Passionsspielern, der Jugendgruppe des SV 1913 Salm\u00fcnster, dem Vogel- und Naturschutzverein, den Pfadfindern, der KJG Marborn und vielen anderen gepflanzt. \u201eIhr habt eine klasse Arbeit geleistet. Kommt am besten am Montagnachmittag gleich noch einmal, dann pflanzen wir den n\u00e4chsten Wald an.\u201c, sagte F\u00f6rster Stelting \u00fcberzeugt und zufrieden l\u00e4chelnd.<br \/>\n<strong><br \/>\nPassionsbaum an der Steinkaute gepflanzt<\/strong><\/p>\n<p><a href=\"http:\/\/www.schoene-nachrichten.de\/wp-content\/uploads\/2008\/04\/wald-2-kl.jpg\" rel=\"lightbox[roadtrip]\" target=\"_blank\" title=\"wald-2-kl.jpg\"><img decoding=\"async\" src=\"http:\/\/www.schoene-nachrichten.de\/wp-content\/uploads\/2008\/04\/wald-2-kl.thumbnail.jpg\" alt=\"wald-2-kl.jpg\" align=\"left\" hspace=\"5\" \/><\/a>Zum Abschluss der Aktion war nur noch ein Baum \u00fcbrig und f\u00fcr die Passionsspiele Salm\u00fcnster reserviert: Ein Ginkgo-Baum wurde unter Leitung von Maria Huhn und Sebastian Dieckhoff vom Vorstand der Passionsspiele von etwa 30 engagierten Passionsspielern bei str\u00f6menden Regen auf dem Spielplatz Steinkaute gepflanzt. Maria Huhn w\u00fcnschte sich in ihrer Ansprache, dass der Baum genauso gut wachsen m\u00f6ge wie die Gemeinschaft in der Passionsspielgruppe gewachsen sei. Thomas Hummel vom Vorstand erkl\u00e4rte den ungew\u00f6hnlichen Pflanzort: \u201eAn der Steinkaute begann vor vielen Jahren eigentlich schon die Passionsspiel-Tradition in Salm\u00fcnster. Deshalb haben wir unseren ersten Passionsbaum gerne dort gepflanzt.\u201c<\/p>\n<p>Die Passionsspiele Salm\u00fcnster feiern in diesem Jahr das 25-j\u00e4hrige Jubil\u00e4um, nachdem Pater Matthias 1983 ein Palmsonntags-Spiel startete. Aber beispielsweise wurde auch schon 1958 (vor 50 Jahren) Passion in Salm\u00fcnster gespielt (damals mit dem heutigen Stadtverordnetenvorsteher Ewald Wolf als Kaiphas) und eben auch schon zu fr\u00fcheren Zeiten auf der Freilichtb\u00fchne Steinkaute. Das Pflanzwetter war ideal, aber auch in der Folgezeit ben\u00f6tigen die B\u00e4ume etwas Pflege. Die ist ebenfalls sichergestellt. Beispielsweise wird auch w\u00e4hrend den Ferienspielen nach den B\u00e4umen geschaut werden. (Frank L. Seidl)<\/p>\n","protected":false},"excerpt":{"rendered":"<div class=\"tmnf_excerpt\"><p>Bad Soden-Salm\u00fcnster. Bei bestem Pflanzwetter \u2013 feucht bis regnerisch \u2013 haben bis zu 100 Jugendliche und \u00fcberwiegend junge Erwachsene am Samstag mehr als 500 B\u00e4ume in Bad Soden-Salm\u00fcnster gepflanzt. Die von der katholischen Kirchengemeinde St. Peter und Paul Salm\u00fcnster initiierte Aktion war nicht nur von den Zahlen her sehr erfolgreich, sie hat auch allen Beteiligten &hellip;<\/p>\n<\/div>","protected":false},"author":1,"featured_media":0,"comment_status":"closed","ping_status":"closed","sticky":false,"template":"","format":"standard","meta":{"footnotes":""},"categories":[1,72,52],"tags":[],"class_list":["post-8603","post","type-post","status-publish","format-standard","hentry","category-startseite","category-jugend","category-umwelt"],"_links":{"self":[{"href":"https:\/\/www.fuldaernachrichten.de\/index.php?rest_route=\/wp\/v2\/posts\/8603","targetHints":{"allow":["GET"]}}],"collection":[{"href":"https:\/\/www.fuldaernachrichten.de\/index.php?rest_route=\/wp\/v2\/posts"}],"about":[{"href":"https:\/\/www.fuldaernachrichten.de\/index.php?rest_route=\/wp\/v2\/types\/post"}],"author":[{"embeddable":true,"href":"https:\/\/www.fuldaernachrichten.de\/index.php?rest_route=\/wp\/v2\/users\/1"}],"replies":[{"embeddable":true,"href":"https:\/\/www.fuldaernachrichten.de\/index.php?rest_route=%2Fwp%2Fv2%2Fcomments&post=8603"}],"version-history":[{"count":0,"href":"https:\/\/www.fuldaernachrichten.de\/index.php?rest_route=\/wp\/v2\/posts\/8603\/revisions"}],"wp:attachment":[{"href":"https:\/\/www.fuldaernachrichten.de\/index.php?rest_route=%2Fwp%2Fv2%2Fmedia&parent=8603"}],"wp:term":[{"taxonomy":"category","embeddable":true,"href":"https:\/\/www.fuldaernachrichten.de\/index.php?rest_route=%2Fwp%2Fv2%2Fcategories&post=8603"},{"taxonomy":"post_tag","embeddable":true,"href":"https:\/\/www.fuldaernachrichten.de\/index.php?rest_route=%2Fwp%2Fv2%2Ftags&post=8603"}],"curies":[{"name":"wp","href":"https:\/\/api.w.org\/{rel}","templated":true}]}}