{"id":86017,"date":"2011-05-17T00:05:46","date_gmt":"2011-05-17T00:05:46","guid":{"rendered":"http:\/\/www.fuldaer-nachrichten.de\/?p=86017"},"modified":"2011-05-17T06:43:39","modified_gmt":"2011-05-17T06:43:39","slug":"biospharenreservat-rhon-beteiligt-sich-am-bundesweiten-tag-der-biodiversitat-2011-ist-internationales-jahr-der-walder","status":"publish","type":"post","link":"https:\/\/www.fuldaernachrichten.de\/?p=86017","title":{"rendered":"Biosph\u00e4renreservat Rh\u00f6n beteiligt sich am bundesweiten \u201eTag der Biodiversit\u00e4t\u201c &#8211; 2011 ist internationales Jahr der W\u00e4lder"},"content":{"rendered":"<p><img decoding=\"async\" class=\"alignnone size-thumbnail wp-image-86021\" title=\"223-Moorwanderung-f\u00fcr-Bericht-Biodiversit\u00e4t\" src=\"http:\/\/www.fuldaer-nachrichten.de\/wp-content\/uploads\/2011\/05\/223-Moorwanderung-f\u00fcr-Bericht-Biodiversit\u00e4t1.jpg\" alt=\"\" width=\"560\" \/><\/p>\n<p>Rh\u00f6n. N\u00e4chsten Sonntag ist der \u201eBundesweite Wandertag am Tag der Biodiversit\u00e4t im Internationalen Jahr der W\u00e4lder 2011\u201c. Zugegeben: Dieses b\u00fcrokratische Wortunget\u00fcm scheint wenig geeignet, Wanderlust zu wecken. Aber lesen Sie trotzdem, welche (zumeist kostenfreien) Veranstaltungsangebote die Akteure des Biosph\u00e4renreservats Rh\u00f6n aus diesem Anlass bereit halten.<\/p>\n<p>Die Vereinten Nationen haben 2011 zum Internationalen Jahr des Waldes erkl\u00e4rt, um die Leistungen der W\u00e4lder weltweit st\u00e4rker ins \u00f6ffentliche Bewusstsein zu r\u00fccken. Am 22. Mai findet zudem der \u201eUN-Tag der Biodiversit\u00e4t\u201c statt. Dessen Ber\u00fchrungspunkt zum Thema Wald ist beispielsweise, dass die Bundesregierung 2007 in ihrer Biodiversit\u00e4tsstrategie als Ziel beschlossen hat, f\u00fcnf Prozent der W\u00e4lder einer nat\u00fcrlichen Entwicklung zu \u00fcberlassen. Das Bundesumweltministerium und das Bundesamt f\u00fcr Naturschutz rufen deshalb am 22. Mai zu einem bundesweiten Wandertag f\u00fcr die biologische Vielfalt auf.<\/p>\n<p>Auftakt im UNESCO-Biosph\u00e4renreservat Rh\u00f6n auf hessischer Seite bildet bereits am Freitag, 20. Mai, eine kostenlose Familienwanderung rund um den Stellberg, zu der das Forstamt Hofbieber einl\u00e4dt. Treffpunkt ist um 19 Uhr der Wanderparkplatz Stellberg zwischen Steinwand und Wolferts. Die Qual der Wahl haben Interessierte am Sonntag, 22. Mai: F\u00fcr Fr\u00fchaufsteher bietet sich die Erlebniswanderung im Naturschutzgebiet Milseburg an, die vom Biologen Joachim Jenrich gef\u00fchrt und in Kooperation mit dem Naturpark Hessische Rh\u00f6n und dem Rh\u00f6nklub-Hauptvorstand organisiert wird.<\/p>\n<p><a href=\"http:\/\/www.fuldaer-nachrichten.de\/wp-content\/uploads\/2011\/05\/223-Wald-ins-Bild-ger\u00fcckt-f\u00fcr-Bericht-Biodiversit\u00e4t.jpg\"><img decoding=\"async\" class=\"alignleft size-thumbnail wp-image-86019\" title=\"223-Wald-ins-Bild-ger\u00fcckt-f\u00fcr-Bericht-Biodiversit\u00e4t\" src=\"http:\/\/www.fuldaer-nachrichten.de\/wp-content\/uploads\/2011\/05\/223-Wald-ins-Bild-ger\u00fcckt-f\u00fcr-Bericht-Biodiversit\u00e4t-265x176.jpg\" alt=\"\" width=\"265\" height=\"176\" \/><\/a>Um 9 Uhr startet die etwa sechsst\u00fcndige Tour am Parkplatz Milseburg. Von 13 bis 16 Uhr ist eine Rundwanderung vom Parkplatz Schornhecke (zwischen W\u00fcstensachsen und Oberelsbach), \u00fcber Steinkopf, Stirnberg und W\u00fcstensachsener Hute geplant, zu der die Naturschutzwarte Arnold Will und Joachim Walter einladen. Der Biologe Uwe Barth vom Netzwerk Rh\u00f6nbotanik f\u00fchrt eine Exkursion, die um 14 Uhr am Haus am Roten Moor startet. Ebenfalls um 14 Uhr treffen sich dort die Spazierg\u00e4nger, die sich von der Biologin Ellen Plo\u00df durch das Rote Moor f\u00fchren lassen wollen. Um die geologische Geschichte der Rh\u00f6n geht es bei der F\u00fchrung am Schafstein, die Geologin Anna Leonhard von 14 bis 17 Uhr anbietet (Treffen beim Rh\u00f6n Info Zentrum Wasserkuppe). Das Kernthema \u201eGestern Wirtschaftswald \u2013 heute Urwald\u201c behandelt Klaus Kraft von der Revierf\u00f6rsterei Motzfeld, der von 14 bis 16.30 Uhr zu einer Wanderung ab dem Parkplatz Dreienberg zwischen Friedewald und Motzfeld einl\u00e4dt.<\/p>\n<p>Und wenn es regnet? Dann kann man sich im Kino den Zeichentrick-Spot \u201eOhne ihn\u201c der UN-Kampagne anschauen, der zeigt, was uns ohne Wald fehlen w\u00fcrde.<\/p>\n","protected":false},"excerpt":{"rendered":"<div class=\"tmnf_excerpt\"><p>Rh\u00f6n. N\u00e4chsten Sonntag ist der \u201eBundesweite Wandertag am Tag der Biodiversit\u00e4t im Internationalen Jahr der W\u00e4lder 2011\u201c. Zugegeben: Dieses b\u00fcrokratische Wortunget\u00fcm scheint wenig geeignet, Wanderlust zu wecken. Aber lesen Sie trotzdem, welche (zumeist kostenfreien) Veranstaltungsangebote die Akteure des Biosph\u00e4renreservats Rh\u00f6n aus diesem Anlass bereit halten. Die Vereinten Nationen haben 2011 zum Internationalen Jahr des Waldes &hellip;<\/p>\n<\/div>","protected":false},"author":1,"featured_media":0,"comment_status":"closed","ping_status":"closed","sticky":false,"template":"","format":"standard","meta":{"footnotes":""},"categories":[1,71,78,52],"tags":[],"class_list":["post-86017","post","type-post","status-publish","format-standard","hentry","category-startseite","category-feuerwehr","category-topthema","category-umwelt"],"_links":{"self":[{"href":"https:\/\/www.fuldaernachrichten.de\/index.php?rest_route=\/wp\/v2\/posts\/86017","targetHints":{"allow":["GET"]}}],"collection":[{"href":"https:\/\/www.fuldaernachrichten.de\/index.php?rest_route=\/wp\/v2\/posts"}],"about":[{"href":"https:\/\/www.fuldaernachrichten.de\/index.php?rest_route=\/wp\/v2\/types\/post"}],"author":[{"embeddable":true,"href":"https:\/\/www.fuldaernachrichten.de\/index.php?rest_route=\/wp\/v2\/users\/1"}],"replies":[{"embeddable":true,"href":"https:\/\/www.fuldaernachrichten.de\/index.php?rest_route=%2Fwp%2Fv2%2Fcomments&post=86017"}],"version-history":[{"count":1,"href":"https:\/\/www.fuldaernachrichten.de\/index.php?rest_route=\/wp\/v2\/posts\/86017\/revisions"}],"predecessor-version":[{"id":86022,"href":"https:\/\/www.fuldaernachrichten.de\/index.php?rest_route=\/wp\/v2\/posts\/86017\/revisions\/86022"}],"wp:attachment":[{"href":"https:\/\/www.fuldaernachrichten.de\/index.php?rest_route=%2Fwp%2Fv2%2Fmedia&parent=86017"}],"wp:term":[{"taxonomy":"category","embeddable":true,"href":"https:\/\/www.fuldaernachrichten.de\/index.php?rest_route=%2Fwp%2Fv2%2Fcategories&post=86017"},{"taxonomy":"post_tag","embeddable":true,"href":"https:\/\/www.fuldaernachrichten.de\/index.php?rest_route=%2Fwp%2Fv2%2Ftags&post=86017"}],"curies":[{"name":"wp","href":"https:\/\/api.w.org\/{rel}","templated":true}]}}