{"id":8600,"date":"2008-04-08T00:08:34","date_gmt":"2008-04-07T22:08:34","guid":{"rendered":"http:\/\/www.schoene-nachrichten.de\/?p=8600"},"modified":"2008-04-07T19:49:05","modified_gmt":"2008-04-07T17:49:05","slug":"dachmarke-rhoen-verein-und-gmbh-sollen-ab-august-ihre-arbeit-aufnehmen","status":"publish","type":"post","link":"https:\/\/www.fuldaernachrichten.de\/?p=8600","title":{"rendered":"Dachmarke Rh\u00f6n: Verein und GmbH sollen ab August ihre Arbeit aufnehmen"},"content":{"rendered":"<p><strong>Bad Salzungen. <\/strong>Die Arbeit der neuen Struktur der Dachmarke Rh\u00f6n mit L\u00e4nder \u00fcbergreifendem Verein auf der einen und einer GmbH als ausf\u00fchrendem Organ auf der anderen Seite soll im August beginnen. Die in der Regionalen Arbeitsgemeinschaft (ARGE) Rh\u00f6n zusammengeschlossenen Landkreise Fulda (Hessen), Bad Kissingen und Rh\u00f6n-Grabfeld (Bayern) sowie Schmalkalden-Meiningen und Wartburgkreis (Th\u00fcringen) werden sich au\u00dferdem am Gr\u00fcndungskapital der GmbH finanziell beteiligen. Das hat der Vorstand der ARGE Rh\u00f6n w\u00e4hrend seiner letzten Tagung am Montag beschlossen.<!--more--><\/p>\n<p>\u201eUnser erkl\u00e4rtes Ziel ist es, dass die k\u00fcnftigen Gesellschafter der Dachmarke Rh\u00f6n GmbH die Rh\u00f6n parit\u00e4tisch repr\u00e4sentieren \u2013 also dass sie zu gleicher Anzahl aus Bayern, Hessen und Th\u00fcringen kommen\u201c, sagte der Vorsitzende der Regionalen Arbeitsgemeinschaft Rh\u00f6n und Landrat des Wartburgkreises, Reinhard Krebs. \u201eBei unserer Arbeit am Aufbau der neuen Struktur spielt es keine Rolle, wo sich in Zukunft der Sitz des Vereins und der GmbH befindet\u201c, erg\u00e4nzte er. Die Diskussion um einen m\u00f6glichen Standort des Unternehmens sei Nebensache; Hauptsache sei es, mit der Dachmarke f\u00fcr die Rh\u00f6n als eine besondere Qualit\u00e4tsregion zu werben, erg\u00e4nzte er.<\/p>\n<p>Auf seiner Tagung am 14. Februar dieses Jahres hatte der Vorstand der Regionalen Arbeitsgemeinschaft Rh\u00f6n die komplett neue Organisationsstruktur f\u00fcr die rund 200 Nutzer des Biosiegels Rh\u00f6n und des Qualit\u00e4ts- und Herkunftszeichens Rh\u00f6n beschlossen, die Partnerbetrieb der Dachmarke Rh\u00f6n sind. Der gemeinn\u00fctzige, L\u00e4nder \u00fcbergreifende Verein wird in Zukunft als Tr\u00e4ger f\u00fcr das Projekt Dachmarke agieren. In ihm werden die f\u00fcnf Rh\u00f6nlandkreise vertreten sein und gemeinsam mit den Siegelnutzern die Inhalte der Dachmarke festlegen. \u201eAusf\u00fchrendes Organ\u201c dieser inhaltlichen Ideen ist die Management GmbH. Sie organisiert alle Fragen der Bewerbung der Dachmarke und arbeitet gewinnorientiert.<\/p>\n<p>Bis zum Juni werden die Kreistage der f\u00fcnf Rh\u00f6nlandkreise nun \u00fcber einen Beitritt zum neuen L\u00e4nder \u00fcbergreifenden Verein \u201eDachmarke Rh\u00f6n\u201c e.V. zu beraten haben, sagte der Gesch\u00e4ftsf\u00fchrer der Regionalen Arbeitsgemeinschaft Rh\u00f6n, Ewald Kl\u00fcber. Erst danach k\u00f6nne mit der praktischen Arbeit begonnen werden.<\/p>\n","protected":false},"excerpt":{"rendered":"<div class=\"tmnf_excerpt\"><p>Bad Salzungen. Die Arbeit der neuen Struktur der Dachmarke Rh\u00f6n mit L\u00e4nder \u00fcbergreifendem Verein auf der einen und einer GmbH als ausf\u00fchrendem Organ auf der anderen Seite soll im August beginnen. Die in der Regionalen Arbeitsgemeinschaft (ARGE) Rh\u00f6n zusammengeschlossenen Landkreise Fulda (Hessen), Bad Kissingen und Rh\u00f6n-Grabfeld (Bayern) sowie Schmalkalden-Meiningen und Wartburgkreis (Th\u00fcringen) werden sich au\u00dferdem &hellip;<\/p>\n<\/div>","protected":false},"author":1,"featured_media":0,"comment_status":"closed","ping_status":"closed","sticky":false,"template":"","format":"standard","meta":{"footnotes":""},"categories":[1,29,52],"tags":[],"class_list":["post-8600","post","type-post","status-publish","format-standard","hentry","category-startseite","category-politik","category-umwelt"],"_links":{"self":[{"href":"https:\/\/www.fuldaernachrichten.de\/index.php?rest_route=\/wp\/v2\/posts\/8600","targetHints":{"allow":["GET"]}}],"collection":[{"href":"https:\/\/www.fuldaernachrichten.de\/index.php?rest_route=\/wp\/v2\/posts"}],"about":[{"href":"https:\/\/www.fuldaernachrichten.de\/index.php?rest_route=\/wp\/v2\/types\/post"}],"author":[{"embeddable":true,"href":"https:\/\/www.fuldaernachrichten.de\/index.php?rest_route=\/wp\/v2\/users\/1"}],"replies":[{"embeddable":true,"href":"https:\/\/www.fuldaernachrichten.de\/index.php?rest_route=%2Fwp%2Fv2%2Fcomments&post=8600"}],"version-history":[{"count":0,"href":"https:\/\/www.fuldaernachrichten.de\/index.php?rest_route=\/wp\/v2\/posts\/8600\/revisions"}],"wp:attachment":[{"href":"https:\/\/www.fuldaernachrichten.de\/index.php?rest_route=%2Fwp%2Fv2%2Fmedia&parent=8600"}],"wp:term":[{"taxonomy":"category","embeddable":true,"href":"https:\/\/www.fuldaernachrichten.de\/index.php?rest_route=%2Fwp%2Fv2%2Fcategories&post=8600"},{"taxonomy":"post_tag","embeddable":true,"href":"https:\/\/www.fuldaernachrichten.de\/index.php?rest_route=%2Fwp%2Fv2%2Ftags&post=8600"}],"curies":[{"name":"wp","href":"https:\/\/api.w.org\/{rel}","templated":true}]}}