{"id":85967,"date":"2011-05-16T00:25:36","date_gmt":"2011-05-16T00:25:36","guid":{"rendered":"http:\/\/www.fuldaer-nachrichten.de\/?p=85967"},"modified":"2011-05-16T07:18:37","modified_gmt":"2011-05-16T07:18:37","slug":"flieden-feiert-vom-20-bis-22-mai-gemeindefeuerwehrtag","status":"publish","type":"post","link":"https:\/\/www.fuldaernachrichten.de\/?p=85967","title":{"rendered":"Flieden feiert vom 20. bis 22. Mai \u201eGemeindefeuerwehrtag\u201c"},"content":{"rendered":"<p>Flieden. Zum \u00c2\u00a0\u201eGemeindefeuerwehrtag\u201c der Gemeinde Flieden l\u00e4dt die Freiwillige Feuerwehr Flieden e.V. am kommenden Wochenende vom Freitag, den 20. Mai bis Sonntag den 22.Mai alle B\u00fcrgerrinnen und B\u00fcrger recht herzlich ein. Action, Spa\u00df und Unterhaltung f\u00fcr die ganze Familie, ist an diesem Wochenende \u00c2\u00a0garantiert. Das Feuerwehrwochenende beginnt\u00c2\u00a0 am Freitag, den 20. Mai um 19:00 Uhr im Feuerwehrhaus Flieden mit der \u00f6kumenischen Segnung des Neuen Hilfeleistungsl\u00f6schgruppenfahrzeug HLF 20-16,\u00c2\u00a0 musikalisch umrahmt vom Spielmanns- und Fanfarenzuges der Freiwilligen Feuerwehr Flieden e.V. Im Anschluss l\u00e4dt die Feuerwehr zum gem\u00fctlichen D\u00e4mmerschoppen bei Musik und Spezialit\u00e4ten vom Grill ins Feuerwehrhaus ein.<!--more--><\/p>\n<p>Am Samstag, dem 21. Mai ab 09:00 Uhr werden am K\u00f6nigreich-Stadion die Wettk\u00e4mpfe der Jugendfeuerwehren und im Anschluss um 13:00 Uhr der Einsatzabteilungen der Gemeinde Flieden ausgetragen. Am Samstagabend ab 20:00 Uhr sorgen die \u201eMad Movies\u201c\u00c2\u00a0 auf dem Dorfplatz an der Fliedetalschule mit live Musik f\u00fcr Jung und Alt f\u00fcr Stimmung. Bei guter Musik, k\u00fchlen Getr\u00e4nken und Speisen vom Grill wollen wir mit allen Besuchern einen unterhaltsamen Abend verbringen. Der Eintritt an diesem Abend ist \u201efrei\u201c.<\/p>\n<p>Der Sonntag beginnt um 09:30 Uhr mit einem Festgottesdienst in der Pfarrkirche St. Goar. Zum Fr\u00fchschoppen gegen 10:30 Uhr spielt der Spielmanns- und Fanfarenzug der Feuerwehr Flieden. Zum Mittagessen gibt es Spezialit\u00e4ten vom Grill, sowie Klopse und ein Mittagsmen\u00fc. Gegen 13.30 Uhr zeigt die Einsatzabteilung bei einer Alarm\u00fcbung ihr K\u00f6nnen. F\u00fcr die Musikalische Unterhaltung sorgt der \u201eSpielmanns- und Fanfarenzug\u201c der Freiwilligen Feuerwehr Flieden mit einem Platzkonzert, das gegen 14.30 Uhr beginnt. Im \u201eFeuerwehr Cafe 112\u201c werden\u00c2\u00a0 hausgemachte Torten und Kuchen von den Feuerwehrfrauen \u00c2\u00a0angeboten.<\/p>\n<p>Kinder und Jugendliche k\u00f6nnen ihre Geschicklichkeit an einer gro\u00dfen Kletterwand \u00c2\u00a0unter Beweis stellen. Mit der K\u00fcbelspritze k\u00f6nnen sich die Kleinen an unserem L\u00f6schhaus beweisen und bei erfolgreicher &#8220;Brandbek\u00e4mpfung&#8221; kommt ein Preis &#8220;geflogen&#8221;. Bei der Fahrzeugschau und kleineren Vorf\u00fchrungen kann man die Technik der Feuerwehr hautnah miterleben. Ab 16:00 Uhr findet die Siegerehrung des Feuerwehrwettkampfes der Einsatzabteilungen statt. Ab 16:30 Uhr spielt das Feuerwehr Orchester der Freiwilligen Feuerwehr Dirlos auf der Festb\u00fchne.<\/p>\n<p>&nbsp;<\/p>\n<p><strong><span style=\"text-decoration: underline;\"> <\/span><\/strong><\/p>\n","protected":false},"excerpt":{"rendered":"<div class=\"tmnf_excerpt\"><p>Flieden. Zum \u00c2\u00a0\u201eGemeindefeuerwehrtag\u201c der Gemeinde Flieden l\u00e4dt die Freiwillige Feuerwehr Flieden e.V. am kommenden Wochenende vom Freitag, den 20. Mai bis Sonntag den 22.Mai alle B\u00fcrgerrinnen und B\u00fcrger recht herzlich ein. Action, Spa\u00df und Unterhaltung f\u00fcr die ganze Familie, ist an diesem Wochenende \u00c2\u00a0garantiert. Das Feuerwehrwochenende beginnt\u00c2\u00a0 am Freitag, den 20. Mai um 19:00 Uhr &hellip;<\/p>\n<\/div>","protected":false},"author":1,"featured_media":0,"comment_status":"closed","ping_status":"closed","sticky":false,"template":"","format":"standard","meta":{"footnotes":""},"categories":[1,71],"tags":[],"class_list":["post-85967","post","type-post","status-publish","format-standard","hentry","category-startseite","category-feuerwehr"],"_links":{"self":[{"href":"https:\/\/www.fuldaernachrichten.de\/index.php?rest_route=\/wp\/v2\/posts\/85967","targetHints":{"allow":["GET"]}}],"collection":[{"href":"https:\/\/www.fuldaernachrichten.de\/index.php?rest_route=\/wp\/v2\/posts"}],"about":[{"href":"https:\/\/www.fuldaernachrichten.de\/index.php?rest_route=\/wp\/v2\/types\/post"}],"author":[{"embeddable":true,"href":"https:\/\/www.fuldaernachrichten.de\/index.php?rest_route=\/wp\/v2\/users\/1"}],"replies":[{"embeddable":true,"href":"https:\/\/www.fuldaernachrichten.de\/index.php?rest_route=%2Fwp%2Fv2%2Fcomments&post=85967"}],"version-history":[{"count":1,"href":"https:\/\/www.fuldaernachrichten.de\/index.php?rest_route=\/wp\/v2\/posts\/85967\/revisions"}],"predecessor-version":[{"id":85968,"href":"https:\/\/www.fuldaernachrichten.de\/index.php?rest_route=\/wp\/v2\/posts\/85967\/revisions\/85968"}],"wp:attachment":[{"href":"https:\/\/www.fuldaernachrichten.de\/index.php?rest_route=%2Fwp%2Fv2%2Fmedia&parent=85967"}],"wp:term":[{"taxonomy":"category","embeddable":true,"href":"https:\/\/www.fuldaernachrichten.de\/index.php?rest_route=%2Fwp%2Fv2%2Fcategories&post=85967"},{"taxonomy":"post_tag","embeddable":true,"href":"https:\/\/www.fuldaernachrichten.de\/index.php?rest_route=%2Fwp%2Fv2%2Ftags&post=85967"}],"curies":[{"name":"wp","href":"https:\/\/api.w.org\/{rel}","templated":true}]}}