{"id":85852,"date":"2011-05-12T00:04:16","date_gmt":"2011-05-12T00:04:16","guid":{"rendered":"http:\/\/www.fuldaer-nachrichten.de\/?p=85852"},"modified":"2011-05-12T13:25:49","modified_gmt":"2011-05-12T13:25:49","slug":"kommt-macht-mit-feuerwehren-werben-in-schulen-fur-den-nachwuchs","status":"publish","type":"post","link":"https:\/\/www.fuldaernachrichten.de\/?p=85852","title":{"rendered":"Feuerwehren werben in Schulen f\u00fcr den Nachwuchs"},"content":{"rendered":"<p><strong><img decoding=\"async\" class=\"alignleft size-thumbnail wp-image-85853\" title=\"110512_Jugendfeuerwehr_015\" src=\"http:\/\/www.fuldaer-nachrichten.de\/wp-content\/uploads\/2011\/05\/110512_Jugendfeuerwehr_015.jpg\" alt=\"\" width=\"560\" srcset=\"https:\/\/www.fuldaernachrichten.de\/wp-content\/uploads\/2011\/05\/110512_Jugendfeuerwehr_015.jpg 592w, https:\/\/www.fuldaernachrichten.de\/wp-content\/uploads\/2011\/05\/110512_Jugendfeuerwehr_015-265x176.jpg 265w\" sizes=\"(max-width: 592px) 100vw, 592px\" \/>Fulda. <\/strong>Die Jugendarbeit in der Feuerwehr ist sehr wichtig, denn ohne diese fehlt k\u00fcnftig der Nachwuchs in den Einsatzabteilungen. Aus diesem Grund besuchten die Feuerwehren vergangene Woche die f\u00fcnften Klassen in vielen Schulen des Landkreises Fulda. Das Motto zu dieser Hessenweiten Aktion hie\u00df hierbei \u201eKomm macht mit!\u201c und soll die Sch\u00fcler zum mitmachen bei der Feuerwehrjugend animieren. Insgesamt zwei Schulstunden lang waren die Feuerwehrleute, meist F\u00fchrungskr\u00e4fte\u00c2\u00a0 der Jugendfeuerwehren, in den Klassen und berichteten \u00fcber die Jugendarbeit. Hierbei wurden Pr\u00e4sentationen oder auch kleine Filme vorgef\u00fchrt. Ferner hatten die Sch\u00fcler die M\u00f6glichkeit einige Fragen an die Feuerwehrangeh\u00f6rigen zu stellen. Hierbei ging es von der Entstehung eines Feuers bis hin zu der Ausbildung einer Feuerwehrfrau oder \u2013mann.<!--more--><\/p>\n<p>In der zweiten Stunde standen dann Spielaktionen, Vorf\u00fchrungen und das Erkl\u00e4ren der Einsatzfahrzeuge und deren Beladung auf dem Programm. F\u00fcr die meisten Sch\u00fcler war dieser nichtallt\u00e4gliche Unterricht sehr spannend, denn man lernte eine ganze Menge dazu. Begeisterung fanden die Jungen und M\u00e4dchen dabei, dass man auch mal das eine oder andere Ger\u00e4t oder ein Ausr\u00fcstungsgegenstand auch mal selbst ausprobieren konnte. Zur abschlie\u00dfenden Frage, wer von den Sch\u00fclern nach diesem Tag sich mal die Jugendfeuerwehr mal etwas n\u00e4her anschauen m\u00f6chte, hoben sich viele H\u00e4nde. Bleibt jetzt nur noch zu Hoffen, dass der Feuerwehrnachwuchs in unseren Wehren w\u00e4chst, dann n\u00e4mlich ist auch die Zukunft gesichert und die B\u00fcrgerinnen und B\u00fcrger k\u00f6nnen immer besch\u00fctzt schlafen gehen. Die Verantwortlichen der Feuerwehren waren \u00fcber die Werbetage in den Schulen sehr zufrieden und schon mache Schulleitung hat die Brandsch\u00fctzer auch schon f\u00fcr das n\u00e4chste Jahr eingeladen, um wieder eine solche Aktion durchzuf\u00fchren.<\/p>\n<p><img decoding=\"async\" class=\"alignnone size-thumbnail wp-image-85856\" title=\"110512_Jugendfeuerwehr_011\" src=\"http:\/\/www.fuldaer-nachrichten.de\/wp-content\/uploads\/2011\/05\/110512_Jugendfeuerwehr_011-265x177.jpg\" alt=\"\" width=\"265\" height=\"177\" srcset=\"https:\/\/www.fuldaernachrichten.de\/wp-content\/uploads\/2011\/05\/110512_Jugendfeuerwehr_011-265x177.jpg 265w, https:\/\/www.fuldaernachrichten.de\/wp-content\/uploads\/2011\/05\/110512_Jugendfeuerwehr_011.jpg 592w\" sizes=\"(max-width: 265px) 100vw, 265px\" \/> <img decoding=\"async\" class=\"alignnone size-thumbnail wp-image-85857\" title=\"110512_Jugendfeuerwehr_014\" src=\"http:\/\/www.fuldaer-nachrichten.de\/wp-content\/uploads\/2011\/05\/110512_Jugendfeuerwehr_014-265x177.jpg\" alt=\"\" width=\"265\" height=\"177\" srcset=\"https:\/\/www.fuldaernachrichten.de\/wp-content\/uploads\/2011\/05\/110512_Jugendfeuerwehr_014-265x177.jpg 265w, https:\/\/www.fuldaernachrichten.de\/wp-content\/uploads\/2011\/05\/110512_Jugendfeuerwehr_014.jpg 592w\" sizes=\"(max-width: 265px) 100vw, 265px\" \/><\/p>\n<p><img decoding=\"async\" class=\"alignnone size-thumbnail wp-image-85858\" title=\"110512_Jugendfeuerwehr_009\" src=\"http:\/\/www.fuldaer-nachrichten.de\/wp-content\/uploads\/2011\/05\/110512_Jugendfeuerwehr_009-265x177.jpg\" alt=\"\" width=\"265\" height=\"177\" srcset=\"https:\/\/www.fuldaernachrichten.de\/wp-content\/uploads\/2011\/05\/110512_Jugendfeuerwehr_009-265x177.jpg 265w, https:\/\/www.fuldaernachrichten.de\/wp-content\/uploads\/2011\/05\/110512_Jugendfeuerwehr_009.jpg 592w\" sizes=\"(max-width: 265px) 100vw, 265px\" \/> <img loading=\"lazy\" decoding=\"async\" class=\"alignnone size-thumbnail wp-image-85859\" title=\"110512_Jugendfeuerwehr_010\" src=\"http:\/\/www.fuldaer-nachrichten.de\/wp-content\/uploads\/2011\/05\/110512_Jugendfeuerwehr_010-265x176.jpg\" alt=\"\" width=\"265\" height=\"176\" srcset=\"https:\/\/www.fuldaernachrichten.de\/wp-content\/uploads\/2011\/05\/110512_Jugendfeuerwehr_010-265x176.jpg 265w, https:\/\/www.fuldaernachrichten.de\/wp-content\/uploads\/2011\/05\/110512_Jugendfeuerwehr_010.jpg 592w\" sizes=\"(max-width: 265px) 100vw, 265px\" \/><\/p>\n<p>Folgende Schulen des Landkreises Fulda wurden von den Feuerwehren besucht bzw. der Schulbesuch wird noch vor den Sommerferien durchgef\u00fchrt:<\/p>\n<div>\n<ul>\n<li>Von-Galen-Schule Eichenzell: Feuerwehren Eichenzell und Ebersburg<\/li>\n<li>Lichtbergschule Eiterfeld: Feuerwehren Eiterfeld und Rasdorf<\/li>\n<li>Fliedetalschule Flieden: Feuerwehr Flieden<\/li>\n<li>Mittelpunktschule Hohe Rh\u00f6n: Feuerwehren Hilders, Tann und Ehrenberg<\/li>\n<li>Ulstertalschule: Feuerwehren Hilders, Tann und Ehrenberg<\/li>\n<li>Biebertalschule: Feuerwehren Hofbieber und Dipperz<\/li>\n<li>Wigbertschule und Jahnschule H\u00fcnfeld: Feuerwehren H\u00fcnfeld, Rasdorf, Burghaun und N\u00fcsttal<\/li>\n<li>Wernher-von-Braun-Schule Neuhof: Feuerwehren Neuhof und Kalbach<\/li>\n<\/ul>\n<p><strong>Der Schulbesuch wird noch vor den Sommerferien durchgef\u00fchrt:<\/strong><\/p>\n<ul>\n<li>Bardoschule, Domschule, Geschwister-Scholl-Schule und Heinrich-von-Bibra-Schule: Feuerwehr Fulda<\/li>\n<li>Rh\u00f6nschule Gersfeld: Feuerwehren Gersfeld, Poppenhausen und Ebersburg<\/li>\n<li>L\u00fcdertalschule: Feuerwehren Gro\u00dfenl\u00fcder, Bad Salzschlirf und Hosenfeld<\/li>\n<li>Johannes-Hack-Schule: Feuerwehr Petersberg<\/li>\n<\/ul>\n<p><img loading=\"lazy\" decoding=\"async\" title=\"110512_Jugendfeuerwehr_036\" src=\"http:\/\/www.fuldaer-nachrichten.de\/wp-content\/uploads\/2011\/05\/110512_Jugendfeuerwehr_036-265x176.jpg\" alt=\"\" width=\"265\" height=\"176\" \/> <img loading=\"lazy\" decoding=\"async\" title=\"110512_Jugendfeuerwehr_015\" src=\"http:\/\/www.fuldaer-nachrichten.de\/wp-content\/uploads\/2011\/05\/110512_Jugendfeuerwehr_0151-265x176.jpg\" alt=\"\" width=\"265\" height=\"176\" \/><\/p>\n<p><img loading=\"lazy\" decoding=\"async\" title=\"110512_Jugendfeuerwehr_003\" src=\"http:\/\/www.fuldaer-nachrichten.de\/wp-content\/uploads\/2011\/05\/110512_Jugendfeuerwehr_003-265x398.jpg\" alt=\"\" width=\"265\" height=\"398\" \/> <img loading=\"lazy\" decoding=\"async\" title=\"110512_Jugendfeuerwehr_029\" src=\"http:\/\/www.fuldaer-nachrichten.de\/wp-content\/uploads\/2011\/05\/110512_Jugendfeuerwehr_029-265x398.jpg\" alt=\"\" width=\"265\" height=\"398\" \/><\/p>\n<\/div>\n","protected":false},"excerpt":{"rendered":"<div class=\"tmnf_excerpt\"><p>Fulda. Die Jugendarbeit in der Feuerwehr ist sehr wichtig, denn ohne diese fehlt k\u00fcnftig der Nachwuchs in den Einsatzabteilungen. Aus diesem Grund besuchten die Feuerwehren vergangene Woche die f\u00fcnften Klassen in vielen Schulen des Landkreises Fulda. Das Motto zu dieser Hessenweiten Aktion hie\u00df hierbei \u201eKomm macht mit!\u201c und soll die Sch\u00fcler zum mitmachen bei der &hellip;<\/p>\n<\/div>","protected":false},"author":1,"featured_media":0,"comment_status":"closed","ping_status":"closed","sticky":false,"template":"","format":"standard","meta":{"footnotes":""},"categories":[1,71,78],"tags":[],"class_list":["post-85852","post","type-post","status-publish","format-standard","hentry","category-startseite","category-feuerwehr","category-topthema"],"_links":{"self":[{"href":"https:\/\/www.fuldaernachrichten.de\/index.php?rest_route=\/wp\/v2\/posts\/85852","targetHints":{"allow":["GET"]}}],"collection":[{"href":"https:\/\/www.fuldaernachrichten.de\/index.php?rest_route=\/wp\/v2\/posts"}],"about":[{"href":"https:\/\/www.fuldaernachrichten.de\/index.php?rest_route=\/wp\/v2\/types\/post"}],"author":[{"embeddable":true,"href":"https:\/\/www.fuldaernachrichten.de\/index.php?rest_route=\/wp\/v2\/users\/1"}],"replies":[{"embeddable":true,"href":"https:\/\/www.fuldaernachrichten.de\/index.php?rest_route=%2Fwp%2Fv2%2Fcomments&post=85852"}],"version-history":[{"count":1,"href":"https:\/\/www.fuldaernachrichten.de\/index.php?rest_route=\/wp\/v2\/posts\/85852\/revisions"}],"predecessor-version":[{"id":85866,"href":"https:\/\/www.fuldaernachrichten.de\/index.php?rest_route=\/wp\/v2\/posts\/85852\/revisions\/85866"}],"wp:attachment":[{"href":"https:\/\/www.fuldaernachrichten.de\/index.php?rest_route=%2Fwp%2Fv2%2Fmedia&parent=85852"}],"wp:term":[{"taxonomy":"category","embeddable":true,"href":"https:\/\/www.fuldaernachrichten.de\/index.php?rest_route=%2Fwp%2Fv2%2Fcategories&post=85852"},{"taxonomy":"post_tag","embeddable":true,"href":"https:\/\/www.fuldaernachrichten.de\/index.php?rest_route=%2Fwp%2Fv2%2Ftags&post=85852"}],"curies":[{"name":"wp","href":"https:\/\/api.w.org\/{rel}","templated":true}]}}