{"id":8584,"date":"2008-04-07T00:28:16","date_gmt":"2008-04-06T22:28:16","guid":{"rendered":"http:\/\/www.schoene-nachrichten.de\/?p=8584"},"modified":"2008-04-06T16:08:51","modified_gmt":"2008-04-06T14:08:51","slug":"informationsveranstaltungen-fuer-die-partnerbetriebe-der-dachmarke-rhoen","status":"publish","type":"post","link":"https:\/\/www.fuldaernachrichten.de\/?p=8584","title":{"rendered":"Informationsveranstaltungen f\u00fcr die Partnerbetriebe der Dachmarke Rh\u00f6n"},"content":{"rendered":"<p><strong>Oberelsbach\/Poppenhausen.<\/strong> Der Vorstand der Regionalen Arbeitsgemeinschaft (ARGE) Rh\u00f6n l\u00e4dt alle Partnerbetriebe der Dachmarke Rh\u00f6n aus Bayern, Hessen und Th\u00fcringen zu zwei Informationsveranstaltungen ein. Diese finden am Mittwoch, 9. April, 19 Uhr in der Elstalhalle in Oberelsbach sowie am Montag, 14. April, 15 Uhr im Hotel \u201eRh\u00f6n Garden\u201c in Poppenhausen statt. <!--more--><\/p>\n<p>W\u00e4hrend sich die Veranstaltung in Oberelsbach vorwiegend an Unternehmen der Bereiche Produktion, Handwerk und Dienstleistung richtet, legt das Treffen in Poppenhausen seinen Schwerpunkt auf die Branchen Hotellerie und Gastronomie.<\/p>\n<p>Die Partnerbetriebe erhalten in diesen beiden Veranstaltungen wichtige Informationen zur zuk\u00fcnftigen Unternehmensstruktur der Dachmarke Rh\u00f6n. Das betrifft die Organisation, die Kriterien und die Kontrolle, das Marketing und die Finanzierung. Au\u00dferdem geht es um die bessere Pr\u00e4sentation der Dachmarken-Betriebe im virtuellen Marktplatz Rh\u00f6n sowie um M\u00f6glichkeiten der Weiterbildung. Auch das Gastronomieprojekt der Regionalen Arbeitsgemeinschaft Rh\u00f6n wird bei beiden Zusammenk\u00fcnften den anwesenden Partnerbetrieben erl\u00e4utert.<\/p>\n<p>Gespr\u00e4chspartner sind der Vorsitzende der Regionalen Arbeitsgemeinschaft Rh\u00f6n und Landrat des Wartburgkreises Reinhard Krebs, der Gesch\u00e4ftsf\u00fchrer der Regionalen Arbeitsgemeinschaft Rh\u00f6n Ewald Kl\u00fcber, der Leiter der bayerischen Verwaltungsstelle des Biosph\u00e4renreservates Rh\u00f6n Michael Geier, Martin Kremer und Katharina David vom Verein Natur- und Lebensraum Rh\u00f6n sowie Hannelore Rundell, Projektbearbeiterin des Gastronomie-Projektes der ARGE Rh\u00f6n.<\/p>\n<p>In Oberelsbach wird au\u00dferdem der Landrat des Rh\u00f6n-Grabfeld-Kreises, Thomas Habermann, sowie in Poppenhausen der Landrat des Landkreises Fulda, Bernd Woide, anwesend sein. W\u00e4hrend der Veranstaltung in Oberelsbach h\u00e4lt Bernhard B\u00fcttner, Zimmerei-Holzbau aus Hilders-Harbach, einen Vortrag zum Thema heimisches Holz, der sich an die Innungsbetriebe der Region wendet. In Poppenhausen berichtet Hans Georg Ochs vom Hotel \u201eRh\u00f6n Garden\u201c \u00fcber die Vorteile der Dachmarke Rh\u00f6n in der Gastronomie. \u201eZiel dieser beiden Informationsveranstaltungen ist es, den Partnerbetrieben die Chancen und Potentiale aufzuzeigen, die f\u00fcr sie mit der Dachmarke verbunden sind\u201c, sagt der Gesch\u00e4ftsf\u00fchrer der Regionalen Arbeitsgemeinschaft Rh\u00f6n, Ewald Kl\u00fcber.<\/p>\n<p>Unternehmen, die im vorab Fragen zu den Treffen in Oberelsbach oder Poppenhausen haben, k\u00f6nnen Kontakt mit der Gesch\u00e4ftsf\u00fchrung der Regionalen Arbeitsgemeinschaft Rh\u00f6n, Erzberger Allee 14, 36433 Bad Salzungen unter der Telefonnummer (0 36 95) 61 51 30 oder per e-Mail an arge.rhoen@wartburgkreis.de aufnehmen.<\/p>\n","protected":false},"excerpt":{"rendered":"<div class=\"tmnf_excerpt\"><p>Oberelsbach\/Poppenhausen. Der Vorstand der Regionalen Arbeitsgemeinschaft (ARGE) Rh\u00f6n l\u00e4dt alle Partnerbetriebe der Dachmarke Rh\u00f6n aus Bayern, Hessen und Th\u00fcringen zu zwei Informationsveranstaltungen ein. Diese finden am Mittwoch, 9. April, 19 Uhr in der Elstalhalle in Oberelsbach sowie am Montag, 14. April, 15 Uhr im Hotel \u201eRh\u00f6n Garden\u201c in Poppenhausen statt.<\/p>\n<\/div>","protected":false},"author":1,"featured_media":0,"comment_status":"closed","ping_status":"closed","sticky":false,"template":"","format":"standard","meta":{"footnotes":""},"categories":[1,29,52],"tags":[],"class_list":["post-8584","post","type-post","status-publish","format-standard","hentry","category-startseite","category-politik","category-umwelt"],"_links":{"self":[{"href":"https:\/\/www.fuldaernachrichten.de\/index.php?rest_route=\/wp\/v2\/posts\/8584","targetHints":{"allow":["GET"]}}],"collection":[{"href":"https:\/\/www.fuldaernachrichten.de\/index.php?rest_route=\/wp\/v2\/posts"}],"about":[{"href":"https:\/\/www.fuldaernachrichten.de\/index.php?rest_route=\/wp\/v2\/types\/post"}],"author":[{"embeddable":true,"href":"https:\/\/www.fuldaernachrichten.de\/index.php?rest_route=\/wp\/v2\/users\/1"}],"replies":[{"embeddable":true,"href":"https:\/\/www.fuldaernachrichten.de\/index.php?rest_route=%2Fwp%2Fv2%2Fcomments&post=8584"}],"version-history":[{"count":0,"href":"https:\/\/www.fuldaernachrichten.de\/index.php?rest_route=\/wp\/v2\/posts\/8584\/revisions"}],"wp:attachment":[{"href":"https:\/\/www.fuldaernachrichten.de\/index.php?rest_route=%2Fwp%2Fv2%2Fmedia&parent=8584"}],"wp:term":[{"taxonomy":"category","embeddable":true,"href":"https:\/\/www.fuldaernachrichten.de\/index.php?rest_route=%2Fwp%2Fv2%2Fcategories&post=8584"},{"taxonomy":"post_tag","embeddable":true,"href":"https:\/\/www.fuldaernachrichten.de\/index.php?rest_route=%2Fwp%2Fv2%2Ftags&post=8584"}],"curies":[{"name":"wp","href":"https:\/\/api.w.org\/{rel}","templated":true}]}}