{"id":858,"date":"2007-01-17T11:28:05","date_gmt":"2007-01-17T10:28:05","guid":{"rendered":"http:\/\/www.schoene-nachrichten.de\/?p=858"},"modified":"2007-01-17T11:28:11","modified_gmt":"2007-01-17T10:28:11","slug":"caritas-senioren-reisen-erholung-gesundheit-erlebnis","status":"publish","type":"post","link":"https:\/\/www.fuldaernachrichten.de\/?p=858","title":{"rendered":"Caritas Senioren-Reisen &#8211; Erholung, Gesundheit &#038; Erlebnis"},"content":{"rendered":"<p><strong>Sch\u00f6nes\u00c2\u00a0aus Fulda.<\/strong> Erholung, Gesundheit und Erlebnis bieten auch in diesem Jahr\u00c2\u00a0die Senioren-Reisen des Di\u00f6zesan-Caritasverbandes Fulda. So k\u00f6nnen sich Freizeitforscher und -Historiker mit einer viert\u00e4gigen Studienreise nach Eisenach und Marburg auf die Spurensuche der Heiligen Elisabeth begeben und dabei ihre wichtigsten Wirkungsst\u00e4tten kennen lernen.\u00c2\u00a0<\/p>\n<p>\u00c2\u00a0<\/p>\n<p><a title=\"Foto: Caritas Fulda\" href=\"http:\/\/www.schoene-nachrichten.de\/wp-content\/uploads\/2007\/01\/070117_caritas_1.jpg\" target=\"_blank\"><img decoding=\"async\" id=\"image857\" height=\"77\" alt=\"070117_caritas_1.jpg\" src=\"http:\/\/www.schoene-nachrichten.de\/wp-content\/uploads\/2007\/01\/070117_caritas_1.thumbnail.jpg\" \/><\/a><\/p>\n<p>\u00c2\u00a0<!--more--><\/p>\n<p>Wen auch die fr\u00fcheren Lebensstationen der Elisabeth interessieren, den lockt vielleicht mehr die siebent\u00e4gige Ungarnwallfahrt zu ihrem Geburtsort Sarospatak, aber auch mit so reizvollen Stationen wie Bratislava und Budapest. Beide Elisabeth-Fahrten finden mit geistlicher Begleitung statt.<\/p>\n<p>\u00c2\u00a0<\/p>\n<p>F\u00fcr Erholung Suchende, die mehr den gesundheitlichen Aspekt in den Vordergrund r\u00fccken, hat der Caritasverband\u00c2\u00a0Angebote von der Ostsee \u00fcber den Bodensee bis ins Westb\u00f6hmische B\u00e4dereck im Programm. Aber auch Freizeitziele in der n\u00e4heren Umgebung werden angefahren.<\/p>\n<p>\u00c2\u00a0<\/p>\n<p>Das gesamte Programm der Caritas-Seniorenreisen ist unter <a href=\"http:\/\/www.caritas-fulda.de\/\" target=\"_blank\">http:\/\/www.caritas-fulda.de\/<\/a> im Downloadcenter als PDF-Datei hinterlegt. Weitere Infos per Telefon\/Fax unter 0661\/2428-131 bzw. -112.<\/p>\n","protected":false},"excerpt":{"rendered":"<div class=\"tmnf_excerpt\"><p>Sch\u00f6nes\u00c2\u00a0aus Fulda. Erholung, Gesundheit und Erlebnis bieten auch in diesem Jahr\u00c2\u00a0die Senioren-Reisen des Di\u00f6zesan-Caritasverbandes Fulda. So k\u00f6nnen sich Freizeitforscher und -Historiker mit einer viert\u00e4gigen Studienreise nach Eisenach und Marburg auf die Spurensuche der Heiligen Elisabeth begeben und dabei ihre wichtigsten Wirkungsst\u00e4tten kennen lernen.\u00c2\u00a0 \u00c2\u00a0 \u00c2\u00a0<\/p>\n<\/div>","protected":false},"author":1,"featured_media":0,"comment_status":"closed","ping_status":"closed","sticky":false,"template":"","format":"standard","meta":{"footnotes":""},"categories":[1,53,50],"tags":[],"class_list":["post-858","post","type-post","status-publish","format-standard","hentry","category-startseite","category-bildung","category-kirche"],"_links":{"self":[{"href":"https:\/\/www.fuldaernachrichten.de\/index.php?rest_route=\/wp\/v2\/posts\/858","targetHints":{"allow":["GET"]}}],"collection":[{"href":"https:\/\/www.fuldaernachrichten.de\/index.php?rest_route=\/wp\/v2\/posts"}],"about":[{"href":"https:\/\/www.fuldaernachrichten.de\/index.php?rest_route=\/wp\/v2\/types\/post"}],"author":[{"embeddable":true,"href":"https:\/\/www.fuldaernachrichten.de\/index.php?rest_route=\/wp\/v2\/users\/1"}],"replies":[{"embeddable":true,"href":"https:\/\/www.fuldaernachrichten.de\/index.php?rest_route=%2Fwp%2Fv2%2Fcomments&post=858"}],"version-history":[{"count":0,"href":"https:\/\/www.fuldaernachrichten.de\/index.php?rest_route=\/wp\/v2\/posts\/858\/revisions"}],"wp:attachment":[{"href":"https:\/\/www.fuldaernachrichten.de\/index.php?rest_route=%2Fwp%2Fv2%2Fmedia&parent=858"}],"wp:term":[{"taxonomy":"category","embeddable":true,"href":"https:\/\/www.fuldaernachrichten.de\/index.php?rest_route=%2Fwp%2Fv2%2Fcategories&post=858"},{"taxonomy":"post_tag","embeddable":true,"href":"https:\/\/www.fuldaernachrichten.de\/index.php?rest_route=%2Fwp%2Fv2%2Ftags&post=858"}],"curies":[{"name":"wp","href":"https:\/\/api.w.org\/{rel}","templated":true}]}}