{"id":8568,"date":"2008-04-05T00:47:59","date_gmt":"2008-04-04T22:47:59","guid":{"rendered":"http:\/\/www.schoene-nachrichten.de\/?p=8568"},"modified":"2008-04-04T22:49:48","modified_gmt":"2008-04-04T20:49:48","slug":"europas-groesste-off-road-messe-in-bad-kissingen-feiert-jubilaeum","status":"publish","type":"post","link":"https:\/\/www.fuldaernachrichten.de\/?p=8568","title":{"rendered":"\u201eEuropas gr\u00f6\u00dfte Off-Road-Messe\u201c in Bad Kissingen feiert Jubil\u00e4um"},"content":{"rendered":"<p><strong>Bad Kissingen.<\/strong> Mit einem Besucherrekord von knapp 45.000 G\u00e4sten aus ganz Europa hat die \u201eABENTEUER &amp; ALLRAD\u201c im vergangenen Jahr ihre Position als gr\u00f6\u00dfte und bedeutendste Off-Road-Messe Europas gefestigt. Vom 22. bis 25. Mai 2008 feiert der wichtigste Off-Road-Event des Jahres nun sein 10j\u00e4hriges Jubil\u00e4um.<\/p>\n<p><strong>Archivbilder (12):<\/strong> Max Colin Heydenreich<\/p>\n<p><a href=\"http:\/\/www.schoene-nachrichten.de\/wp-content\/uploads\/2007\/06\/070608_Kissingen_03.jpg\" rel=\"lightbox[roadtrip]\" target=\"_blank\" title=\"Foto: Max Colin Heydenreich\"><img decoding=\"async\" src=\"http:\/\/www.schoene-nachrichten.de\/wp-content\/uploads\/2007\/06\/070608_Kissingen_03.thumbnail.jpg\" alt=\"070608_Kissingen_03.jpg\" width=\"128\" \/><\/a> <a href=\"http:\/\/www.schoene-nachrichten.de\/wp-content\/uploads\/2007\/06\/070608_Kissingen_05.jpg\" rel=\"lightbox[roadtrip]\" target=\"_blank\" title=\"Foto: Max Colin Heydenreich\"><img decoding=\"async\" src=\"http:\/\/www.schoene-nachrichten.de\/wp-content\/uploads\/2007\/06\/070608_Kissingen_05.thumbnail.jpg\" alt=\"070608_Kissingen_05.jpg\" width=\"128\" \/><\/a> <a href=\"http:\/\/www.schoene-nachrichten.de\/wp-content\/uploads\/2007\/06\/070608_Kissingen_10.jpg\" rel=\"lightbox[roadtrip]\" target=\"_blank\" title=\"Foto: Max Colin Heydenreich\"><img decoding=\"async\" src=\"http:\/\/www.schoene-nachrichten.de\/wp-content\/uploads\/2007\/06\/070608_Kissingen_10.thumbnail.jpg\" alt=\"070608_Kissingen_10.jpg\" width=\"128\" \/><\/a><\/p>\n<p><a href=\"http:\/\/www.schoene-nachrichten.de\/wp-content\/uploads\/2007\/06\/070608_Kissingen_01.jpg\" rel=\"lightbox[roadtrip]\" target=\"_blank\" title=\"Foto: Max Colin Heydenreich\"><img decoding=\"async\" src=\"http:\/\/www.schoene-nachrichten.de\/wp-content\/uploads\/2007\/06\/070608_Kissingen_01.thumbnail.jpg\" alt=\"070608_Kissingen_01.jpg\" width=\"128\" \/><\/a> <a href=\"http:\/\/www.schoene-nachrichten.de\/wp-content\/uploads\/2007\/06\/070608_Kissingen_11.jpg\" rel=\"lightbox[roadtrip]\" target=\"_blank\" title=\"Foto: Max Colin Heydenreich\"><img decoding=\"async\" src=\"http:\/\/www.schoene-nachrichten.de\/wp-content\/uploads\/2007\/06\/070608_Kissingen_11.thumbnail.jpg\" alt=\"070608_Kissingen_11.jpg\" width=\"128\" \/><\/a> <a href=\"http:\/\/www.schoene-nachrichten.de\/wp-content\/uploads\/2007\/06\/070608_Kissingen_12.jpg\" rel=\"lightbox[roadtrip]\" target=\"_blank\" title=\"Foto: Max Colin Heydenreich\"><img decoding=\"async\" src=\"http:\/\/www.schoene-nachrichten.de\/wp-content\/uploads\/2007\/06\/070608_Kissingen_12.thumbnail.jpg\" alt=\"070608_Kissingen_12.jpg\" width=\"128\" \/><\/a><\/p>\n<p><!--more--><\/p>\n<p>Auf dem \u00fcber 110.000 qm gro\u00dfen Freigel\u00e4nde oberhalb von Bad Kissingen werden dann mehr als 250 Aussteller aus aller Welt gesch\u00e4tzten rund 50.000 Besuchern Neuigkeiten und Highlights aus der Branche pr\u00e4sentieren.<\/p>\n<p><strong>Attraktionen aus dem Off-Road-, Outdoor- und Erlebnis-Bereich <\/strong><\/p>\n<p>Auch in der Jubil\u00e4ums-Auflage der \u201eABENTEUER &amp; ALLRAD\u201c wird es das gesamte Angebotsspektrum der internationalen Szene zu bestaunen geben. Von Gel\u00e4ndewagen \u00fcber Reisemobile, Caravaning, Rallye-Veranstaltern und Outdoor-Equipment bis hin zu Ersatzteilen, Zubeh\u00f6r und einem gro\u00dfen Reise-Markt. Die \u201eABENTEUER &amp; ALLRAD\u201c bietet ein mannigfaltiges Angebot an Attraktionen aus dem Off-Road-, Outdoor- und Erlebnis-Bereich.<\/p>\n<p>Die Bandbreite der gel\u00e4ndeg\u00e4ngigen Fahrzeuge reicht hierbei von den wichtigsten 4&#215;4-Serienfahrzeugen \u00fcber Quads, ATVs und Pick Up`s bis hin zu Expeditionsmobilen, W\u00fcstenfahrzeugen, Wohnmobilaufbauten und Trucks.<\/p>\n<p><a href=\"http:\/\/www.schoene-nachrichten.de\/wp-content\/uploads\/2007\/06\/070608_Kissingen_02.jpg\" rel=\"lightbox[roadtrip]\" target=\"_blank\" title=\"Foto: Max Colin Heydenreich\"><img decoding=\"async\" src=\"http:\/\/www.schoene-nachrichten.de\/wp-content\/uploads\/2007\/06\/070608_Kissingen_02.thumbnail.jpg\" alt=\"070608_Kissingen_02.jpg\" width=\"128\" \/><\/a> <a href=\"http:\/\/www.schoene-nachrichten.de\/wp-content\/uploads\/2007\/06\/070608_Kissingen_06.jpg\" rel=\"lightbox[roadtrip]\" target=\"_blank\" title=\"Foto: Max Colin Heydenreich\"><img decoding=\"async\" src=\"http:\/\/www.schoene-nachrichten.de\/wp-content\/uploads\/2007\/06\/070608_Kissingen_06.thumbnail.jpg\" alt=\"070608_Kissingen_06.jpg\" width=\"128\" \/><\/a> <a href=\"http:\/\/www.schoene-nachrichten.de\/wp-content\/uploads\/2007\/06\/070608_Kissingen_07.jpg\" rel=\"lightbox[roadtrip]\" target=\"_blank\" title=\"Foto: Max Colin Heydenreich\"><img decoding=\"async\" src=\"http:\/\/www.schoene-nachrichten.de\/wp-content\/uploads\/2007\/06\/070608_Kissingen_07.thumbnail.jpg\" alt=\"070608_Kissingen_07.jpg\" width=\"128\" \/><\/a><\/p>\n<p>Verst\u00e4rkt werden auf der 10. \u201eABENTEUER &amp; ALLRAD\u201c auch wieder Angebote aus dem Freizeit- und Caravaning-Bereich zu sehen sein. Denn l\u00e4ngst pr\u00e4gen nicht mehr nur klassische Off-Road-Boliden das Bild der Messe, sondern eine Vielzahl an Produkten und Dienstleistungen aus dem Outdoor-, Reise- und Freizeit-Bereich sind in den Fokus des Besucher-Interesses ger\u00fcckt.<\/p>\n<p><strong>Hummer, Trucks, Jeeps &amp; Quads <\/strong><\/p>\n<p>Neben dem vielf\u00e4ltigen Angebot der zur Schau gestellten Exponate an den einzelnen Messest\u00e4nden sind es die zahlreich vorhandenen Fahrgelegenheiten in den einzelnen Parcours, die nicht nur den Charakter von \u201eEuropas gr\u00f6\u00dfter Off-Road-Messe\u201c pr\u00e4gen, sondern Tausende von Besuchern jedes Jahr nach Bad Kissingen locken.<\/p>\n<p>So ergeben sich Fahrgelegenheiten beispielsweise in dem amerikanischen Milit\u00e4rfahrzeug Hummer, in riesigen Trucks, Jeeps, Quads und vielen anderen Allrad-Fahrzeugen. Ein speziell f\u00fcr die Messe eingerichteter Campingplatz wird den Besuchern in 2008 ebenso wieder zur Verf\u00fcgung gestellt, wie der kostenlose Bus-Shuttle vom ebenfalls kostenlosen Messeparkplatz mit \u00fcber 4.000 Parkm\u00f6glichkeiten hinauf ins weitl\u00e4ufige Messegel\u00e4nde.<\/p>\n<p><a href=\"http:\/\/www.schoene-nachrichten.de\/wp-content\/uploads\/2007\/06\/070608_Kissingen_08.jpg\" rel=\"lightbox[roadtrip]\" target=\"_blank\" title=\"Foto: Max Colin Heydenreich\"><img decoding=\"async\" src=\"http:\/\/www.schoene-nachrichten.de\/wp-content\/uploads\/2007\/06\/070608_Kissingen_08.thumbnail.jpg\" alt=\"070608_Kissingen_08.jpg\" width=\"128\" \/><\/a> <a href=\"http:\/\/www.schoene-nachrichten.de\/wp-content\/uploads\/2007\/06\/070608_Kissingen_09.jpg\" rel=\"lightbox[roadtrip]\" target=\"_blank\" title=\"Foto: Max Colin Heydenreich\"><img decoding=\"async\" src=\"http:\/\/www.schoene-nachrichten.de\/wp-content\/uploads\/2007\/06\/070608_Kissingen_09.thumbnail.jpg\" alt=\"070608_Kissingen_09.jpg\" width=\"128\" \/><\/a> <a href=\"http:\/\/www.schoene-nachrichten.de\/wp-content\/uploads\/2007\/06\/070608_Kissingen_04.jpg\" rel=\"lightbox[roadtrip]\" target=\"_blank\" title=\"Foto: Max Colin Heydenreich\"><img decoding=\"async\" src=\"http:\/\/www.schoene-nachrichten.de\/wp-content\/uploads\/2007\/06\/070608_Kissingen_04.thumbnail.jpg\" alt=\"070608_Kissingen_04.jpg\" width=\"128\" \/><\/a><\/p>\n<p><strong>\u201eSuzuki Jimny\u201c zu gewinnen<\/strong><\/p>\n<p>Nicht fehlen schlie\u00dflich wird auch wieder das kostenlose Gewinnspiel, bei dem es neben zahlreichen Preisen wie Equipment, Spezialreifen und Zelten auch einen t\u00e4glichen Hauptpreis zu gewinnen geben wird. Zus\u00e4tzlich wird unter allen Tagessiegern am Sonntag ein Gel\u00e4ndewagen der Marke \u201eSuzuki Jimny\u201c im Wert von ca. 16.000,- Euro verlost.<\/p>\n<p>Die \u201eABENTEUER &amp; ALLRAD\u201c gilt seit Jahren als Ph\u00e4nomen und Fixpunkt im Terminkalender der Off-Road-Szene. Keine vergleichbare Veranstaltung sonst ist n\u00e4her am Puls des Off-Road-Herzens. Keine andere Veranstaltung auch versteht es, die Massen derart zu mobilisieren. Daher bleibt die \u201eABENTEUER &amp; ALLRAD\u201c f\u00fcr Freunde und Kenner der Szene auch weiterhin&#8230;<\/p>\n<p>&#8230;Institution. Legende. Kult.<\/p>\n","protected":false},"excerpt":{"rendered":"<div class=\"tmnf_excerpt\"><p>Bad Kissingen. Mit einem Besucherrekord von knapp 45.000 G\u00e4sten aus ganz Europa hat die \u201eABENTEUER &amp; ALLRAD\u201c im vergangenen Jahr ihre Position als gr\u00f6\u00dfte und bedeutendste Off-Road-Messe Europas gefestigt. Vom 22. bis 25. Mai 2008 feiert der wichtigste Off-Road-Event des Jahres nun sein 10j\u00e4hriges Jubil\u00e4um. Archivbilder (12): Max Colin Heydenreich<\/p>\n<\/div>","protected":false},"author":1,"featured_media":0,"comment_status":"closed","ping_status":"closed","sticky":false,"template":"","format":"standard","meta":{"footnotes":""},"categories":[1,35,46],"tags":[],"class_list":["post-8568","post","type-post","status-publish","format-standard","hentry","category-startseite","category-auto","category-sport"],"_links":{"self":[{"href":"https:\/\/www.fuldaernachrichten.de\/index.php?rest_route=\/wp\/v2\/posts\/8568","targetHints":{"allow":["GET"]}}],"collection":[{"href":"https:\/\/www.fuldaernachrichten.de\/index.php?rest_route=\/wp\/v2\/posts"}],"about":[{"href":"https:\/\/www.fuldaernachrichten.de\/index.php?rest_route=\/wp\/v2\/types\/post"}],"author":[{"embeddable":true,"href":"https:\/\/www.fuldaernachrichten.de\/index.php?rest_route=\/wp\/v2\/users\/1"}],"replies":[{"embeddable":true,"href":"https:\/\/www.fuldaernachrichten.de\/index.php?rest_route=%2Fwp%2Fv2%2Fcomments&post=8568"}],"version-history":[{"count":0,"href":"https:\/\/www.fuldaernachrichten.de\/index.php?rest_route=\/wp\/v2\/posts\/8568\/revisions"}],"wp:attachment":[{"href":"https:\/\/www.fuldaernachrichten.de\/index.php?rest_route=%2Fwp%2Fv2%2Fmedia&parent=8568"}],"wp:term":[{"taxonomy":"category","embeddable":true,"href":"https:\/\/www.fuldaernachrichten.de\/index.php?rest_route=%2Fwp%2Fv2%2Fcategories&post=8568"},{"taxonomy":"post_tag","embeddable":true,"href":"https:\/\/www.fuldaernachrichten.de\/index.php?rest_route=%2Fwp%2Fv2%2Ftags&post=8568"}],"curies":[{"name":"wp","href":"https:\/\/api.w.org\/{rel}","templated":true}]}}