{"id":85611,"date":"2011-05-07T00:05:28","date_gmt":"2011-05-07T00:05:28","guid":{"rendered":"http:\/\/www.fuldaer-nachrichten.de\/?p=85611"},"modified":"2011-05-07T06:03:46","modified_gmt":"2011-05-07T06:03:46","slug":"neues-system-der-uberortlichen-ausbildung-soll-feuerwehren-den-nachwuchs-sichern","status":"publish","type":"post","link":"https:\/\/www.fuldaernachrichten.de\/?p=85611","title":{"rendered":"Neues System der \u00fcber\u00f6rtlichen Ausbildung soll Feuerwehren den Nachwuchs sichern"},"content":{"rendered":"<p><strong><a href=\"http:\/\/www.fuldaer-nachrichten.de\/wp-content\/uploads\/2011\/05\/110506_Ausbildung_016.jpg\"><img decoding=\"async\" class=\"alignleft size-thumbnail wp-image-85627\" title=\"110506_Ausbildung_016\" src=\"http:\/\/www.fuldaer-nachrichten.de\/wp-content\/uploads\/2011\/05\/110506_Ausbildung_016.jpg\" alt=\"\" width=\"560\" srcset=\"https:\/\/www.fuldaernachrichten.de\/wp-content\/uploads\/2011\/05\/110506_Ausbildung_016.jpg 592w, https:\/\/www.fuldaernachrichten.de\/wp-content\/uploads\/2011\/05\/110506_Ausbildung_016-265x176.jpg 265w\" sizes=\"(max-width: 592px) 100vw, 592px\" \/><\/a>Fulda. <\/strong>Am vergangenen Wochenende startete die Kreisjugendfeuerwehr Fulda ein neues Projekt. Hierbei wurden \u00dcbergangsgruppen gebildet, in denen \u00e4ltere Jugendfeuerwehrmitglieder oder junge Feuerwehrangeh\u00f6rige der Einsatzabteilung mit besonderen Ausbildungsthemen vertraut gemacht werden. Die \u00dcbergangsgruppe des Feuerwehrbezirks IV, bestehend aus der Stadt H\u00fcnfeld, den Gemeinden Burghaun, Eiterfeld, Rasdorf und N\u00fcsttal, traf sich in Eiterfeld. Nachdem die Teilnehmer in einer kurzen theoretischen Einheit auf die Besonderheiten von Eins\u00e4tzen, zu denen ein Rettungshubschrauber hinzukommt, sowie auf das Ausleuchten von Einsatzstellen, geschult wurden, landete der Rettungshubschrauber der ADAC Luftrettung GmbH Fulda \u2013 Christoph 28 \u2013 im Eiterfelder Industriegebiet.<\/p>\n<p><strong>Fotos:<\/strong> Steffen Hohmann<\/p>\n<p><!--more--><\/p>\n<p>Die Besatzungsmitglieder erkl\u00e4rte alles rund um den Hubschrauber und beantwortete auch die schnell aufgekommenen Fragen, wie man Pilot eines Rettungshubschraubers wird oder welche medizinische Ausr\u00fcstung der Hubschrauber mit sich f\u00fchrt. Von dem au\u00dfergew\u00f6hnlichen Rettungsmittel, waren die Jugendlichen begeistert, denn die Begegnung mit einem Rettungshubschrauber geh\u00f6rt nicht zum Standarteinsatz der Feuerwehr.\u00c2\u00a0 Die \u00dcbergangsgruppe ist sehr gut f\u00fcr den Einstieg in die Einsatzabteilung, da man hier erg\u00e4nzende Ausbildung erh\u00e4lt und gleichzeitig viele Kontakte mit gleichaltrigen aus anderen Wehren kn\u00fcpfen kann\u201c, merkte Julian H\u00fcfner aus Mackenzell an.<\/p>\n<p>Nachdem der Hubschrauber wieder den Rotor startete und in Richtung Fulda abhob, konnten die Teilnehmer auch das zuvor Gelernte in die Praxis umsetzen. So wurden verschiedene Beleuchtungsger\u00e4te wie Flutlichtstrahler und Leuchtballons aufgebaut. Ebenso wurde der Ger\u00e4tewagen &#8211; Licht der Feuerwehr H\u00fcnfeld vorgestellt.<\/p>\n<p>Einen Tag sp\u00e4ter, traf sich die Feuerwehrleute aus den Gemeinden Ebersburg, Dipperz, Hofbieber, K\u00fcnzell und Petersberg, die den Feuerwehrbezirk II bilden. Hier war das Thema der Rettungszug der Deutschen Bahn AG in Fulda. Zun\u00e4chst erfuhren die jungen Brandsch\u00fctzer jedoch einiges \u00fcber die Struktur des Feuerwehrwesens. Anschlie\u00dfend wurden besondere Gefahren von Eins\u00e4tzen auf Bahnanlagen gelehrt. Highlight war jedoch der Besuch des Rettungszuges im Bahnbetriebswerk Fulda. Die Mitarbeiter der Deutschen Bahn AG \u00c2\u00a0zeigten die rettungsdienstliche und \u00c2\u00a0feuerwehrtechnische Ausr\u00fcstung des Rettungszuges, von denen es in Deutschland nur sechs St\u00fcck gibt. Au\u00dferdem erfuhren die Teilnehmer alles zu den Einsatzm\u00f6glichkeiten und Einsatzabl\u00e4ufen des Zuges.<\/p>\n<p>Beide Treffen, an denen jeweils \u00fcber 30 Feuerwehrkameradinnen und Feuerwehrkameraden teilnahmen, fanden nach einem kleinen Imbiss ihren Ausklang. Au\u00dferdem wurden die Teilnehmer befragt, wie die Ausbildungseinheiten gefallen haben und welche Themen sie sich f\u00fcr die Zukunft w\u00fcnschen. Hier gab es sehr positive R\u00fcckmeldungen und jede Menge Ideen, was mit diesen neuen Gruppe gemacht werden kann. \u201eBei den n\u00e4chsten Treffen werden wir noch mehr die praktische Ausbildung im Vordergrund stellen. Insbesondere sollen die Jugendlichen den Umgang mit feuerwehrtechnischer Ausr\u00fcstung und Ger\u00e4ten erlernen, die zwar nicht in jedem Ort vorhanden sind, mit denen aber jeder Feuerwehrangeh\u00f6rige im Ernstfall Kontakt haben kann\u201c, so Kreisjugendfeuerwehrwart und Mitinitiator Michael Knoth.<\/p>\n<p>Das neue Projekt soll den Feuerwehren helfen, die wichtige \u00dcbergangsphase von der Jugendabteilung zur Einsatzabteilung zu verbessern, und gleichzeitig die spezielle Ausbildung zu unterst\u00fctzen, die nicht\u00c2\u00a0 jedem am eigenen Standort in vollem Umfang durchgef\u00fchrt werden kann. Nico Blum aus Magretenhaun brachte es auf den Punkt: \u201eAuch wenn ich in einer gut aufgestellten Einsatzabteilung bin, halte ich die \u00dcbergangsgruppe f\u00fcr sehr sinnvoll. Denn zum einen hat man hier viel Spa\u00df mit anderen Kameraden und zum anderen wird die Zusammenarbeit zwischen den einzelnen Feuerwehren gest\u00e4rkt, was in der heutigen Zeit sehr wichtiger ist.\u201c<\/p>\n\n\t\t<style type=\"text\/css\">\n\t\t\t#gallery-1 {\n\t\t\t\tmargin: auto;\n\t\t\t}\n\t\t\t#gallery-1 .gallery-item {\n\t\t\t\tfloat: left;\n\t\t\t\tmargin-top: 10px;\n\t\t\t\ttext-align: center;\n\t\t\t\twidth: 50%;\n\t\t\t}\n\t\t\t#gallery-1 img {\n\t\t\t\tborder: 2px solid #cfcfcf;\n\t\t\t}\n\t\t\t#gallery-1 .gallery-caption {\n\t\t\t\tmargin-left: 0;\n\t\t\t}\n\t\t\t\/* see gallery_shortcode() in wp-includes\/media.php *\/\n\t\t<\/style>\n\t\t<div id='gallery-1' class='gallery galleryid-85611 gallery-columns-2 gallery-size-thumbnail'><dl class='gallery-item'>\n\t\t\t<dt class='gallery-icon landscape'>\n\t\t\t\t<a href='https:\/\/www.fuldaernachrichten.de\/wp-content\/uploads\/2011\/05\/110506_Ausbildung_001.jpg'><img decoding=\"async\" width=\"150\" height=\"100\" src=\"https:\/\/www.fuldaernachrichten.de\/wp-content\/uploads\/2011\/05\/110506_Ausbildung_001-265x176.jpg\" class=\"attachment-thumbnail size-thumbnail\" alt=\"\" srcset=\"https:\/\/www.fuldaernachrichten.de\/wp-content\/uploads\/2011\/05\/110506_Ausbildung_001-265x176.jpg 265w, https:\/\/www.fuldaernachrichten.de\/wp-content\/uploads\/2011\/05\/110506_Ausbildung_001.jpg 592w\" sizes=\"(max-width: 150px) 100vw, 150px\" \/><\/a>\n\t\t\t<\/dt><\/dl><dl class='gallery-item'>\n\t\t\t<dt class='gallery-icon landscape'>\n\t\t\t\t<a href='https:\/\/www.fuldaernachrichten.de\/wp-content\/uploads\/2011\/05\/110506_Ausbildung_002.jpg'><img decoding=\"async\" width=\"150\" height=\"100\" src=\"https:\/\/www.fuldaernachrichten.de\/wp-content\/uploads\/2011\/05\/110506_Ausbildung_002-265x176.jpg\" class=\"attachment-thumbnail size-thumbnail\" alt=\"\" srcset=\"https:\/\/www.fuldaernachrichten.de\/wp-content\/uploads\/2011\/05\/110506_Ausbildung_002-265x176.jpg 265w, https:\/\/www.fuldaernachrichten.de\/wp-content\/uploads\/2011\/05\/110506_Ausbildung_002.jpg 592w\" sizes=\"(max-width: 150px) 100vw, 150px\" \/><\/a>\n\t\t\t<\/dt><\/dl><br style=\"clear: both\" \/><dl class='gallery-item'>\n\t\t\t<dt class='gallery-icon landscape'>\n\t\t\t\t<a href='https:\/\/www.fuldaernachrichten.de\/wp-content\/uploads\/2011\/05\/110506_Ausbildung_003.jpg'><img decoding=\"async\" width=\"150\" height=\"100\" src=\"https:\/\/www.fuldaernachrichten.de\/wp-content\/uploads\/2011\/05\/110506_Ausbildung_003-265x176.jpg\" class=\"attachment-thumbnail size-thumbnail\" alt=\"\" srcset=\"https:\/\/www.fuldaernachrichten.de\/wp-content\/uploads\/2011\/05\/110506_Ausbildung_003-265x176.jpg 265w, https:\/\/www.fuldaernachrichten.de\/wp-content\/uploads\/2011\/05\/110506_Ausbildung_003.jpg 592w\" sizes=\"(max-width: 150px) 100vw, 150px\" \/><\/a>\n\t\t\t<\/dt><\/dl><dl class='gallery-item'>\n\t\t\t<dt class='gallery-icon landscape'>\n\t\t\t\t<a href='https:\/\/www.fuldaernachrichten.de\/wp-content\/uploads\/2011\/05\/110506_Ausbildung_004.jpg'><img loading=\"lazy\" decoding=\"async\" width=\"150\" height=\"100\" src=\"https:\/\/www.fuldaernachrichten.de\/wp-content\/uploads\/2011\/05\/110506_Ausbildung_004-265x176.jpg\" class=\"attachment-thumbnail size-thumbnail\" alt=\"\" srcset=\"https:\/\/www.fuldaernachrichten.de\/wp-content\/uploads\/2011\/05\/110506_Ausbildung_004-265x176.jpg 265w, https:\/\/www.fuldaernachrichten.de\/wp-content\/uploads\/2011\/05\/110506_Ausbildung_004.jpg 592w\" sizes=\"(max-width: 150px) 100vw, 150px\" \/><\/a>\n\t\t\t<\/dt><\/dl><br style=\"clear: both\" \/><dl class='gallery-item'>\n\t\t\t<dt class='gallery-icon landscape'>\n\t\t\t\t<a href='https:\/\/www.fuldaernachrichten.de\/wp-content\/uploads\/2011\/05\/110506_Ausbildung_005.jpg'><img loading=\"lazy\" decoding=\"async\" width=\"150\" height=\"100\" src=\"https:\/\/www.fuldaernachrichten.de\/wp-content\/uploads\/2011\/05\/110506_Ausbildung_005-265x176.jpg\" class=\"attachment-thumbnail size-thumbnail\" alt=\"\" srcset=\"https:\/\/www.fuldaernachrichten.de\/wp-content\/uploads\/2011\/05\/110506_Ausbildung_005-265x176.jpg 265w, https:\/\/www.fuldaernachrichten.de\/wp-content\/uploads\/2011\/05\/110506_Ausbildung_005.jpg 592w\" sizes=\"(max-width: 150px) 100vw, 150px\" \/><\/a>\n\t\t\t<\/dt><\/dl><dl class='gallery-item'>\n\t\t\t<dt class='gallery-icon landscape'>\n\t\t\t\t<a href='https:\/\/www.fuldaernachrichten.de\/wp-content\/uploads\/2011\/05\/110506_Ausbildung_006.jpg'><img loading=\"lazy\" decoding=\"async\" width=\"150\" height=\"100\" src=\"https:\/\/www.fuldaernachrichten.de\/wp-content\/uploads\/2011\/05\/110506_Ausbildung_006-265x176.jpg\" class=\"attachment-thumbnail size-thumbnail\" alt=\"\" srcset=\"https:\/\/www.fuldaernachrichten.de\/wp-content\/uploads\/2011\/05\/110506_Ausbildung_006-265x176.jpg 265w, https:\/\/www.fuldaernachrichten.de\/wp-content\/uploads\/2011\/05\/110506_Ausbildung_006.jpg 592w\" sizes=\"(max-width: 150px) 100vw, 150px\" \/><\/a>\n\t\t\t<\/dt><\/dl><br style=\"clear: both\" \/><dl class='gallery-item'>\n\t\t\t<dt class='gallery-icon landscape'>\n\t\t\t\t<a href='https:\/\/www.fuldaernachrichten.de\/wp-content\/uploads\/2011\/05\/110506_Ausbildung_007.jpg'><img loading=\"lazy\" decoding=\"async\" width=\"150\" height=\"100\" src=\"https:\/\/www.fuldaernachrichten.de\/wp-content\/uploads\/2011\/05\/110506_Ausbildung_007-265x176.jpg\" class=\"attachment-thumbnail size-thumbnail\" alt=\"\" srcset=\"https:\/\/www.fuldaernachrichten.de\/wp-content\/uploads\/2011\/05\/110506_Ausbildung_007-265x176.jpg 265w, https:\/\/www.fuldaernachrichten.de\/wp-content\/uploads\/2011\/05\/110506_Ausbildung_007.jpg 592w\" sizes=\"(max-width: 150px) 100vw, 150px\" \/><\/a>\n\t\t\t<\/dt><\/dl><dl class='gallery-item'>\n\t\t\t<dt class='gallery-icon landscape'>\n\t\t\t\t<a href='https:\/\/www.fuldaernachrichten.de\/wp-content\/uploads\/2011\/05\/110506_Ausbildung_008.jpg'><img loading=\"lazy\" decoding=\"async\" width=\"150\" height=\"100\" src=\"https:\/\/www.fuldaernachrichten.de\/wp-content\/uploads\/2011\/05\/110506_Ausbildung_008-265x176.jpg\" class=\"attachment-thumbnail size-thumbnail\" alt=\"\" srcset=\"https:\/\/www.fuldaernachrichten.de\/wp-content\/uploads\/2011\/05\/110506_Ausbildung_008-265x176.jpg 265w, https:\/\/www.fuldaernachrichten.de\/wp-content\/uploads\/2011\/05\/110506_Ausbildung_008.jpg 592w\" sizes=\"(max-width: 150px) 100vw, 150px\" \/><\/a>\n\t\t\t<\/dt><\/dl><br style=\"clear: both\" \/><dl class='gallery-item'>\n\t\t\t<dt class='gallery-icon landscape'>\n\t\t\t\t<a href='https:\/\/www.fuldaernachrichten.de\/wp-content\/uploads\/2011\/05\/110506_Ausbildung_009.jpg'><img loading=\"lazy\" decoding=\"async\" width=\"150\" height=\"100\" src=\"https:\/\/www.fuldaernachrichten.de\/wp-content\/uploads\/2011\/05\/110506_Ausbildung_009-265x176.jpg\" class=\"attachment-thumbnail size-thumbnail\" alt=\"\" srcset=\"https:\/\/www.fuldaernachrichten.de\/wp-content\/uploads\/2011\/05\/110506_Ausbildung_009-265x176.jpg 265w, https:\/\/www.fuldaernachrichten.de\/wp-content\/uploads\/2011\/05\/110506_Ausbildung_009.jpg 592w\" sizes=\"(max-width: 150px) 100vw, 150px\" \/><\/a>\n\t\t\t<\/dt><\/dl><dl class='gallery-item'>\n\t\t\t<dt class='gallery-icon landscape'>\n\t\t\t\t<a href='https:\/\/www.fuldaernachrichten.de\/wp-content\/uploads\/2011\/05\/110506_Ausbildung_010.jpg'><img loading=\"lazy\" decoding=\"async\" width=\"150\" height=\"100\" src=\"https:\/\/www.fuldaernachrichten.de\/wp-content\/uploads\/2011\/05\/110506_Ausbildung_010-265x176.jpg\" class=\"attachment-thumbnail size-thumbnail\" alt=\"\" srcset=\"https:\/\/www.fuldaernachrichten.de\/wp-content\/uploads\/2011\/05\/110506_Ausbildung_010-265x176.jpg 265w, https:\/\/www.fuldaernachrichten.de\/wp-content\/uploads\/2011\/05\/110506_Ausbildung_010.jpg 592w\" sizes=\"(max-width: 150px) 100vw, 150px\" \/><\/a>\n\t\t\t<\/dt><\/dl><br style=\"clear: both\" \/><dl class='gallery-item'>\n\t\t\t<dt class='gallery-icon landscape'>\n\t\t\t\t<a href='https:\/\/www.fuldaernachrichten.de\/wp-content\/uploads\/2011\/05\/110506_Ausbildung_011.jpg'><img loading=\"lazy\" decoding=\"async\" width=\"150\" height=\"100\" src=\"https:\/\/www.fuldaernachrichten.de\/wp-content\/uploads\/2011\/05\/110506_Ausbildung_011-265x176.jpg\" class=\"attachment-thumbnail size-thumbnail\" alt=\"\" srcset=\"https:\/\/www.fuldaernachrichten.de\/wp-content\/uploads\/2011\/05\/110506_Ausbildung_011-265x176.jpg 265w, https:\/\/www.fuldaernachrichten.de\/wp-content\/uploads\/2011\/05\/110506_Ausbildung_011.jpg 592w\" sizes=\"(max-width: 150px) 100vw, 150px\" \/><\/a>\n\t\t\t<\/dt><\/dl><dl class='gallery-item'>\n\t\t\t<dt class='gallery-icon landscape'>\n\t\t\t\t<a href='https:\/\/www.fuldaernachrichten.de\/wp-content\/uploads\/2011\/05\/110506_Ausbildung_012.jpg'><img loading=\"lazy\" decoding=\"async\" width=\"150\" height=\"100\" src=\"https:\/\/www.fuldaernachrichten.de\/wp-content\/uploads\/2011\/05\/110506_Ausbildung_012-265x176.jpg\" class=\"attachment-thumbnail size-thumbnail\" alt=\"\" srcset=\"https:\/\/www.fuldaernachrichten.de\/wp-content\/uploads\/2011\/05\/110506_Ausbildung_012-265x176.jpg 265w, https:\/\/www.fuldaernachrichten.de\/wp-content\/uploads\/2011\/05\/110506_Ausbildung_012.jpg 592w\" sizes=\"(max-width: 150px) 100vw, 150px\" \/><\/a>\n\t\t\t<\/dt><\/dl><br style=\"clear: both\" \/><dl class='gallery-item'>\n\t\t\t<dt class='gallery-icon landscape'>\n\t\t\t\t<a href='https:\/\/www.fuldaernachrichten.de\/wp-content\/uploads\/2011\/05\/110506_Ausbildung_013.jpg'><img loading=\"lazy\" decoding=\"async\" width=\"150\" height=\"100\" src=\"https:\/\/www.fuldaernachrichten.de\/wp-content\/uploads\/2011\/05\/110506_Ausbildung_013-265x176.jpg\" class=\"attachment-thumbnail size-thumbnail\" alt=\"\" srcset=\"https:\/\/www.fuldaernachrichten.de\/wp-content\/uploads\/2011\/05\/110506_Ausbildung_013-265x176.jpg 265w, https:\/\/www.fuldaernachrichten.de\/wp-content\/uploads\/2011\/05\/110506_Ausbildung_013.jpg 592w\" sizes=\"(max-width: 150px) 100vw, 150px\" \/><\/a>\n\t\t\t<\/dt><\/dl><dl class='gallery-item'>\n\t\t\t<dt class='gallery-icon landscape'>\n\t\t\t\t<a href='https:\/\/www.fuldaernachrichten.de\/wp-content\/uploads\/2011\/05\/110506_Ausbildung_014.jpg'><img loading=\"lazy\" decoding=\"async\" width=\"150\" height=\"100\" src=\"https:\/\/www.fuldaernachrichten.de\/wp-content\/uploads\/2011\/05\/110506_Ausbildung_014-265x176.jpg\" class=\"attachment-thumbnail size-thumbnail\" alt=\"\" srcset=\"https:\/\/www.fuldaernachrichten.de\/wp-content\/uploads\/2011\/05\/110506_Ausbildung_014-265x176.jpg 265w, https:\/\/www.fuldaernachrichten.de\/wp-content\/uploads\/2011\/05\/110506_Ausbildung_014.jpg 592w\" sizes=\"(max-width: 150px) 100vw, 150px\" \/><\/a>\n\t\t\t<\/dt><\/dl><br style=\"clear: both\" \/><dl class='gallery-item'>\n\t\t\t<dt class='gallery-icon landscape'>\n\t\t\t\t<a href='https:\/\/www.fuldaernachrichten.de\/wp-content\/uploads\/2011\/05\/110506_Ausbildung_015.jpg'><img loading=\"lazy\" decoding=\"async\" width=\"150\" height=\"100\" src=\"https:\/\/www.fuldaernachrichten.de\/wp-content\/uploads\/2011\/05\/110506_Ausbildung_015-265x176.jpg\" class=\"attachment-thumbnail size-thumbnail\" alt=\"\" srcset=\"https:\/\/www.fuldaernachrichten.de\/wp-content\/uploads\/2011\/05\/110506_Ausbildung_015-265x176.jpg 265w, https:\/\/www.fuldaernachrichten.de\/wp-content\/uploads\/2011\/05\/110506_Ausbildung_015.jpg 592w\" sizes=\"(max-width: 150px) 100vw, 150px\" \/><\/a>\n\t\t\t<\/dt><\/dl><dl class='gallery-item'>\n\t\t\t<dt class='gallery-icon landscape'>\n\t\t\t\t<a href='https:\/\/www.fuldaernachrichten.de\/wp-content\/uploads\/2011\/05\/110506_Ausbildung_016.jpg'><img loading=\"lazy\" decoding=\"async\" width=\"150\" height=\"100\" src=\"https:\/\/www.fuldaernachrichten.de\/wp-content\/uploads\/2011\/05\/110506_Ausbildung_016-265x176.jpg\" class=\"attachment-thumbnail size-thumbnail\" alt=\"\" srcset=\"https:\/\/www.fuldaernachrichten.de\/wp-content\/uploads\/2011\/05\/110506_Ausbildung_016-265x176.jpg 265w, https:\/\/www.fuldaernachrichten.de\/wp-content\/uploads\/2011\/05\/110506_Ausbildung_016.jpg 592w\" sizes=\"(max-width: 150px) 100vw, 150px\" \/><\/a>\n\t\t\t<\/dt><\/dl><br style=\"clear: both\" \/><dl class='gallery-item'>\n\t\t\t<dt class='gallery-icon landscape'>\n\t\t\t\t<a href='https:\/\/www.fuldaernachrichten.de\/wp-content\/uploads\/2011\/05\/110506_Ausbildung_017.jpg'><img loading=\"lazy\" decoding=\"async\" width=\"150\" height=\"100\" src=\"https:\/\/www.fuldaernachrichten.de\/wp-content\/uploads\/2011\/05\/110506_Ausbildung_017-265x176.jpg\" class=\"attachment-thumbnail size-thumbnail\" alt=\"\" srcset=\"https:\/\/www.fuldaernachrichten.de\/wp-content\/uploads\/2011\/05\/110506_Ausbildung_017-265x176.jpg 265w, https:\/\/www.fuldaernachrichten.de\/wp-content\/uploads\/2011\/05\/110506_Ausbildung_017.jpg 592w\" sizes=\"(max-width: 150px) 100vw, 150px\" \/><\/a>\n\t\t\t<\/dt><\/dl><dl class='gallery-item'>\n\t\t\t<dt class='gallery-icon landscape'>\n\t\t\t\t<a href='https:\/\/www.fuldaernachrichten.de\/wp-content\/uploads\/2011\/05\/110506_Ausbildung_018.jpg'><img loading=\"lazy\" decoding=\"async\" width=\"150\" height=\"100\" src=\"https:\/\/www.fuldaernachrichten.de\/wp-content\/uploads\/2011\/05\/110506_Ausbildung_018-265x176.jpg\" class=\"attachment-thumbnail size-thumbnail\" alt=\"\" srcset=\"https:\/\/www.fuldaernachrichten.de\/wp-content\/uploads\/2011\/05\/110506_Ausbildung_018-265x176.jpg 265w, https:\/\/www.fuldaernachrichten.de\/wp-content\/uploads\/2011\/05\/110506_Ausbildung_018.jpg 592w\" sizes=\"(max-width: 150px) 100vw, 150px\" \/><\/a>\n\t\t\t<\/dt><\/dl><br style=\"clear: both\" \/><dl class='gallery-item'>\n\t\t\t<dt class='gallery-icon landscape'>\n\t\t\t\t<a href='https:\/\/www.fuldaernachrichten.de\/wp-content\/uploads\/2011\/05\/110506_Ausbildung_019.jpg'><img loading=\"lazy\" decoding=\"async\" width=\"150\" height=\"100\" src=\"https:\/\/www.fuldaernachrichten.de\/wp-content\/uploads\/2011\/05\/110506_Ausbildung_019-265x176.jpg\" class=\"attachment-thumbnail size-thumbnail\" alt=\"\" srcset=\"https:\/\/www.fuldaernachrichten.de\/wp-content\/uploads\/2011\/05\/110506_Ausbildung_019-265x176.jpg 265w, https:\/\/www.fuldaernachrichten.de\/wp-content\/uploads\/2011\/05\/110506_Ausbildung_019.jpg 592w\" sizes=\"(max-width: 150px) 100vw, 150px\" \/><\/a>\n\t\t\t<\/dt><\/dl><dl class='gallery-item'>\n\t\t\t<dt class='gallery-icon landscape'>\n\t\t\t\t<a href='https:\/\/www.fuldaernachrichten.de\/wp-content\/uploads\/2011\/05\/110506_Ausbildung_020.jpg'><img loading=\"lazy\" decoding=\"async\" width=\"150\" height=\"100\" src=\"https:\/\/www.fuldaernachrichten.de\/wp-content\/uploads\/2011\/05\/110506_Ausbildung_020-265x176.jpg\" class=\"attachment-thumbnail size-thumbnail\" alt=\"\" srcset=\"https:\/\/www.fuldaernachrichten.de\/wp-content\/uploads\/2011\/05\/110506_Ausbildung_020-265x176.jpg 265w, https:\/\/www.fuldaernachrichten.de\/wp-content\/uploads\/2011\/05\/110506_Ausbildung_020.jpg 592w\" sizes=\"(max-width: 150px) 100vw, 150px\" \/><\/a>\n\t\t\t<\/dt><\/dl><br style=\"clear: both\" \/><dl class='gallery-item'>\n\t\t\t<dt class='gallery-icon landscape'>\n\t\t\t\t<a href='https:\/\/www.fuldaernachrichten.de\/wp-content\/uploads\/2011\/05\/110506_Ausbildung_021.jpg'><img loading=\"lazy\" decoding=\"async\" width=\"150\" height=\"100\" src=\"https:\/\/www.fuldaernachrichten.de\/wp-content\/uploads\/2011\/05\/110506_Ausbildung_021-265x176.jpg\" class=\"attachment-thumbnail size-thumbnail\" alt=\"\" srcset=\"https:\/\/www.fuldaernachrichten.de\/wp-content\/uploads\/2011\/05\/110506_Ausbildung_021-265x176.jpg 265w, https:\/\/www.fuldaernachrichten.de\/wp-content\/uploads\/2011\/05\/110506_Ausbildung_021.jpg 592w\" sizes=\"(max-width: 150px) 100vw, 150px\" \/><\/a>\n\t\t\t<\/dt><\/dl><dl class='gallery-item'>\n\t\t\t<dt class='gallery-icon landscape'>\n\t\t\t\t<a href='https:\/\/www.fuldaernachrichten.de\/wp-content\/uploads\/2011\/05\/110506_Ausbildung_022.jpg'><img loading=\"lazy\" decoding=\"async\" width=\"150\" height=\"100\" src=\"https:\/\/www.fuldaernachrichten.de\/wp-content\/uploads\/2011\/05\/110506_Ausbildung_022-265x176.jpg\" class=\"attachment-thumbnail size-thumbnail\" alt=\"\" srcset=\"https:\/\/www.fuldaernachrichten.de\/wp-content\/uploads\/2011\/05\/110506_Ausbildung_022-265x176.jpg 265w, https:\/\/www.fuldaernachrichten.de\/wp-content\/uploads\/2011\/05\/110506_Ausbildung_022.jpg 592w\" sizes=\"(max-width: 150px) 100vw, 150px\" \/><\/a>\n\t\t\t<\/dt><\/dl><br style=\"clear: both\" \/><dl class='gallery-item'>\n\t\t\t<dt class='gallery-icon landscape'>\n\t\t\t\t<a href='https:\/\/www.fuldaernachrichten.de\/wp-content\/uploads\/2011\/05\/110506_Ausbildung_023.jpg'><img loading=\"lazy\" decoding=\"async\" width=\"150\" height=\"100\" src=\"https:\/\/www.fuldaernachrichten.de\/wp-content\/uploads\/2011\/05\/110506_Ausbildung_023-265x176.jpg\" class=\"attachment-thumbnail size-thumbnail\" alt=\"\" srcset=\"https:\/\/www.fuldaernachrichten.de\/wp-content\/uploads\/2011\/05\/110506_Ausbildung_023-265x176.jpg 265w, https:\/\/www.fuldaernachrichten.de\/wp-content\/uploads\/2011\/05\/110506_Ausbildung_023.jpg 592w\" sizes=\"(max-width: 150px) 100vw, 150px\" \/><\/a>\n\t\t\t<\/dt><\/dl><dl class='gallery-item'>\n\t\t\t<dt class='gallery-icon landscape'>\n\t\t\t\t<a href='https:\/\/www.fuldaernachrichten.de\/wp-content\/uploads\/2011\/05\/110506_Ausbildung_024.jpg'><img loading=\"lazy\" decoding=\"async\" width=\"150\" height=\"100\" src=\"https:\/\/www.fuldaernachrichten.de\/wp-content\/uploads\/2011\/05\/110506_Ausbildung_024-265x176.jpg\" class=\"attachment-thumbnail size-thumbnail\" alt=\"\" srcset=\"https:\/\/www.fuldaernachrichten.de\/wp-content\/uploads\/2011\/05\/110506_Ausbildung_024-265x176.jpg 265w, https:\/\/www.fuldaernachrichten.de\/wp-content\/uploads\/2011\/05\/110506_Ausbildung_024.jpg 592w\" sizes=\"(max-width: 150px) 100vw, 150px\" \/><\/a>\n\t\t\t<\/dt><\/dl><br style=\"clear: both\" \/><dl class='gallery-item'>\n\t\t\t<dt class='gallery-icon landscape'>\n\t\t\t\t<a href='https:\/\/www.fuldaernachrichten.de\/wp-content\/uploads\/2011\/05\/110506_Ausbildung_025.jpg'><img loading=\"lazy\" decoding=\"async\" width=\"150\" height=\"100\" src=\"https:\/\/www.fuldaernachrichten.de\/wp-content\/uploads\/2011\/05\/110506_Ausbildung_025-265x176.jpg\" class=\"attachment-thumbnail size-thumbnail\" alt=\"\" srcset=\"https:\/\/www.fuldaernachrichten.de\/wp-content\/uploads\/2011\/05\/110506_Ausbildung_025-265x176.jpg 265w, https:\/\/www.fuldaernachrichten.de\/wp-content\/uploads\/2011\/05\/110506_Ausbildung_025.jpg 592w\" sizes=\"(max-width: 150px) 100vw, 150px\" \/><\/a>\n\t\t\t<\/dt><\/dl><dl class='gallery-item'>\n\t\t\t<dt class='gallery-icon landscape'>\n\t\t\t\t<a href='https:\/\/www.fuldaernachrichten.de\/wp-content\/uploads\/2011\/05\/110506_Ausbildung_026.jpg'><img loading=\"lazy\" decoding=\"async\" width=\"150\" height=\"100\" src=\"https:\/\/www.fuldaernachrichten.de\/wp-content\/uploads\/2011\/05\/110506_Ausbildung_026-265x176.jpg\" class=\"attachment-thumbnail size-thumbnail\" alt=\"\" srcset=\"https:\/\/www.fuldaernachrichten.de\/wp-content\/uploads\/2011\/05\/110506_Ausbildung_026-265x176.jpg 265w, https:\/\/www.fuldaernachrichten.de\/wp-content\/uploads\/2011\/05\/110506_Ausbildung_026.jpg 592w\" sizes=\"(max-width: 150px) 100vw, 150px\" \/><\/a>\n\t\t\t<\/dt><\/dl><br style=\"clear: both\" \/><dl class='gallery-item'>\n\t\t\t<dt class='gallery-icon landscape'>\n\t\t\t\t<a href='https:\/\/www.fuldaernachrichten.de\/wp-content\/uploads\/2011\/05\/110506_Ausbildung_027.jpg'><img loading=\"lazy\" decoding=\"async\" width=\"150\" height=\"100\" src=\"https:\/\/www.fuldaernachrichten.de\/wp-content\/uploads\/2011\/05\/110506_Ausbildung_027-265x176.jpg\" class=\"attachment-thumbnail size-thumbnail\" alt=\"\" srcset=\"https:\/\/www.fuldaernachrichten.de\/wp-content\/uploads\/2011\/05\/110506_Ausbildung_027-265x176.jpg 265w, https:\/\/www.fuldaernachrichten.de\/wp-content\/uploads\/2011\/05\/110506_Ausbildung_027.jpg 592w\" sizes=\"(max-width: 150px) 100vw, 150px\" \/><\/a>\n\t\t\t<\/dt><\/dl>\n\t\t\t<br style='clear: both' \/>\n\t\t<\/div>\n\n","protected":false},"excerpt":{"rendered":"<div class=\"tmnf_excerpt\"><p>Fulda. Am vergangenen Wochenende startete die Kreisjugendfeuerwehr Fulda ein neues Projekt. Hierbei wurden \u00dcbergangsgruppen gebildet, in denen \u00e4ltere Jugendfeuerwehrmitglieder oder junge Feuerwehrangeh\u00f6rige der Einsatzabteilung mit besonderen Ausbildungsthemen vertraut gemacht werden. Die \u00dcbergangsgruppe des Feuerwehrbezirks IV, bestehend aus der Stadt H\u00fcnfeld, den Gemeinden Burghaun, Eiterfeld, Rasdorf und N\u00fcsttal, traf sich in Eiterfeld. Nachdem die Teilnehmer in &hellip;<\/p>\n<\/div>","protected":false},"author":1,"featured_media":0,"comment_status":"closed","ping_status":"closed","sticky":false,"template":"","format":"standard","meta":{"footnotes":""},"categories":[1,53,71,78],"tags":[],"class_list":["post-85611","post","type-post","status-publish","format-standard","hentry","category-startseite","category-bildung","category-feuerwehr","category-topthema"],"_links":{"self":[{"href":"https:\/\/www.fuldaernachrichten.de\/index.php?rest_route=\/wp\/v2\/posts\/85611","targetHints":{"allow":["GET"]}}],"collection":[{"href":"https:\/\/www.fuldaernachrichten.de\/index.php?rest_route=\/wp\/v2\/posts"}],"about":[{"href":"https:\/\/www.fuldaernachrichten.de\/index.php?rest_route=\/wp\/v2\/types\/post"}],"author":[{"embeddable":true,"href":"https:\/\/www.fuldaernachrichten.de\/index.php?rest_route=\/wp\/v2\/users\/1"}],"replies":[{"embeddable":true,"href":"https:\/\/www.fuldaernachrichten.de\/index.php?rest_route=%2Fwp%2Fv2%2Fcomments&post=85611"}],"version-history":[{"count":1,"href":"https:\/\/www.fuldaernachrichten.de\/index.php?rest_route=\/wp\/v2\/posts\/85611\/revisions"}],"predecessor-version":[{"id":85673,"href":"https:\/\/www.fuldaernachrichten.de\/index.php?rest_route=\/wp\/v2\/posts\/85611\/revisions\/85673"}],"wp:attachment":[{"href":"https:\/\/www.fuldaernachrichten.de\/index.php?rest_route=%2Fwp%2Fv2%2Fmedia&parent=85611"}],"wp:term":[{"taxonomy":"category","embeddable":true,"href":"https:\/\/www.fuldaernachrichten.de\/index.php?rest_route=%2Fwp%2Fv2%2Fcategories&post=85611"},{"taxonomy":"post_tag","embeddable":true,"href":"https:\/\/www.fuldaernachrichten.de\/index.php?rest_route=%2Fwp%2Fv2%2Ftags&post=85611"}],"curies":[{"name":"wp","href":"https:\/\/api.w.org\/{rel}","templated":true}]}}