{"id":85363,"date":"2011-04-30T00:40:48","date_gmt":"2011-04-30T00:40:48","guid":{"rendered":"http:\/\/www.fuldaer-nachrichten.de\/?p=85363"},"modified":"2011-04-30T05:41:00","modified_gmt":"2011-04-30T05:41:00","slug":"baubesprechung-zu-tiefbaumasnahmen-in-der-innenstadt","status":"publish","type":"post","link":"https:\/\/www.fuldaernachrichten.de\/?p=85363","title":{"rendered":"Baubesprechung zu Tiefbauma\u00dfnahmen in der Innenstadt"},"content":{"rendered":"<p><strong>Fulda.<\/strong> Am Dienstag, 3. Mai 2011 um 18.00 Uhr findet in der Mittelstra\u00dfe vor dem Cafe Thiele ein Baustellentermin statt. Mitarbeiter der st\u00e4dtischen Fach\u00e4mter stehen Anliegern f\u00fcr konkrete Fragen zu den laufenden Tiefbauma\u00dfnahmen im Innenstadtbereich zur Verf\u00fcgung. Diese Baustelleninformationen werden regelm\u00e4\u00dfig am ersten Dienstag im Monat angeboten. (cp)<\/p>\n","protected":false},"excerpt":{"rendered":"<div class=\"tmnf_excerpt\"><p>Fulda. Am Dienstag, 3. Mai 2011 um 18.00 Uhr findet in der Mittelstra\u00dfe vor dem Cafe Thiele ein Baustellentermin statt. Mitarbeiter der st\u00e4dtischen Fach\u00e4mter stehen Anliegern f\u00fcr konkrete Fragen zu den laufenden Tiefbauma\u00dfnahmen im Innenstadtbereich zur Verf\u00fcgung. Diese Baustelleninformationen werden regelm\u00e4\u00dfig am ersten Dienstag im Monat angeboten. (cp)<\/p>\n<\/div>","protected":false},"author":1,"featured_media":0,"comment_status":"closed","ping_status":"closed","sticky":false,"template":"","format":"standard","meta":{"footnotes":""},"categories":[1],"tags":[],"class_list":["post-85363","post","type-post","status-publish","format-standard","hentry","category-startseite"],"_links":{"self":[{"href":"https:\/\/www.fuldaernachrichten.de\/index.php?rest_route=\/wp\/v2\/posts\/85363","targetHints":{"allow":["GET"]}}],"collection":[{"href":"https:\/\/www.fuldaernachrichten.de\/index.php?rest_route=\/wp\/v2\/posts"}],"about":[{"href":"https:\/\/www.fuldaernachrichten.de\/index.php?rest_route=\/wp\/v2\/types\/post"}],"author":[{"embeddable":true,"href":"https:\/\/www.fuldaernachrichten.de\/index.php?rest_route=\/wp\/v2\/users\/1"}],"replies":[{"embeddable":true,"href":"https:\/\/www.fuldaernachrichten.de\/index.php?rest_route=%2Fwp%2Fv2%2Fcomments&post=85363"}],"version-history":[{"count":0,"href":"https:\/\/www.fuldaernachrichten.de\/index.php?rest_route=\/wp\/v2\/posts\/85363\/revisions"}],"wp:attachment":[{"href":"https:\/\/www.fuldaernachrichten.de\/index.php?rest_route=%2Fwp%2Fv2%2Fmedia&parent=85363"}],"wp:term":[{"taxonomy":"category","embeddable":true,"href":"https:\/\/www.fuldaernachrichten.de\/index.php?rest_route=%2Fwp%2Fv2%2Fcategories&post=85363"},{"taxonomy":"post_tag","embeddable":true,"href":"https:\/\/www.fuldaernachrichten.de\/index.php?rest_route=%2Fwp%2Fv2%2Ftags&post=85363"}],"curies":[{"name":"wp","href":"https:\/\/api.w.org\/{rel}","templated":true}]}}