{"id":85327,"date":"2011-04-29T02:11:41","date_gmt":"2011-04-29T02:11:41","guid":{"rendered":"http:\/\/www.fuldaer-nachrichten.de\/?p=85327"},"modified":"2011-04-29T05:12:09","modified_gmt":"2011-04-29T05:12:09","slug":"finalplatze-fur-rainer-und-christa-bruhl-von-den-tanz-freunden-fulda","status":"publish","type":"post","link":"https:\/\/www.fuldaernachrichten.de\/?p=85327","title":{"rendered":"Finalpl\u00e4tze f\u00fcr Rainer und Christa Br\u00fchl von den Tanz-Freunden Fulda"},"content":{"rendered":"<p><strong><a href=\"http:\/\/www.fuldaer-nachrichten.de\/wp-content\/uploads\/2011\/04\/110428_Tanz.jpg\"><img decoding=\"async\" class=\"alignleft size-thumbnail wp-image-85328\" title=\"110428_Tanz\" src=\"http:\/\/www.fuldaer-nachrichten.de\/wp-content\/uploads\/2011\/04\/110428_Tanz-265x176.jpg\" alt=\"\" width=\"265\" height=\"176\" srcset=\"https:\/\/www.fuldaernachrichten.de\/wp-content\/uploads\/2011\/04\/110428_Tanz-265x176.jpg 265w, https:\/\/www.fuldaernachrichten.de\/wp-content\/uploads\/2011\/04\/110428_Tanz.jpg 592w\" sizes=\"(max-width: 265px) 100vw, 265px\" \/><\/a>Fulda. <\/strong>Getreu ihrem Motto mindestens die Endrunde eines Turniers zu erreichen, ertanzten sie die Senioren II D Standardt\u00e4nzer Rainer und Christa Br\u00fchl von den Tanz-Freunden Fulda mit konstant guten Leistungen am Ostersamstag gleich in zwei Turnieren die Teilnahme am Finale. Beim traditionellen Senioren Tanzsport Turnier am Ostersamstag im Clubheim des TSC Crucenia in Bad Kreuznach zeigten sich Br\u00fchls in ihrem 1. Turnier (Senioren II D) in sehr guter Form und konnten etliche Aufstiegspunkte sammeln. Sicher und routiniert zogen sie nach der Vorrunde ins Finale ein und erreichten bei h\u00f6chst uneinheitlichen Wertungen mit dem vierten Platz den Anschlussplatz an das Siegertreppchen. <!--more--><\/p>\n<p>Angespornt durch diesen Erfolg gingen Rainer und Christa Br\u00fchl bei sch\u00f6nstem Wetter und hohen Temperaturen in der Halle, in ihr zweites Turnier (Senioren I D) an diesem Tag. In einem starken\u00c2\u00a0 Starterfeld von 14 Paaren meisterten sie erfolgreichen die Vor- und Zwischenrunde. In einer sechspaarigen Endrunde konnte sich das sympathische Turnierpaar souver\u00e4n den dritten Platz auf dem Siegertreppchen sichern.<\/p>\n","protected":false},"excerpt":{"rendered":"<div class=\"tmnf_excerpt\"><p>Fulda. Getreu ihrem Motto mindestens die Endrunde eines Turniers zu erreichen, ertanzten sie die Senioren II D Standardt\u00e4nzer Rainer und Christa Br\u00fchl von den Tanz-Freunden Fulda mit konstant guten Leistungen am Ostersamstag gleich in zwei Turnieren die Teilnahme am Finale. Beim traditionellen Senioren Tanzsport Turnier am Ostersamstag im Clubheim des TSC Crucenia in Bad Kreuznach &hellip;<\/p>\n<\/div>","protected":false},"author":1,"featured_media":0,"comment_status":"closed","ping_status":"closed","sticky":false,"template":"","format":"standard","meta":{"footnotes":""},"categories":[1],"tags":[],"class_list":["post-85327","post","type-post","status-publish","format-standard","hentry","category-startseite"],"_links":{"self":[{"href":"https:\/\/www.fuldaernachrichten.de\/index.php?rest_route=\/wp\/v2\/posts\/85327","targetHints":{"allow":["GET"]}}],"collection":[{"href":"https:\/\/www.fuldaernachrichten.de\/index.php?rest_route=\/wp\/v2\/posts"}],"about":[{"href":"https:\/\/www.fuldaernachrichten.de\/index.php?rest_route=\/wp\/v2\/types\/post"}],"author":[{"embeddable":true,"href":"https:\/\/www.fuldaernachrichten.de\/index.php?rest_route=\/wp\/v2\/users\/1"}],"replies":[{"embeddable":true,"href":"https:\/\/www.fuldaernachrichten.de\/index.php?rest_route=%2Fwp%2Fv2%2Fcomments&post=85327"}],"version-history":[{"count":0,"href":"https:\/\/www.fuldaernachrichten.de\/index.php?rest_route=\/wp\/v2\/posts\/85327\/revisions"}],"wp:attachment":[{"href":"https:\/\/www.fuldaernachrichten.de\/index.php?rest_route=%2Fwp%2Fv2%2Fmedia&parent=85327"}],"wp:term":[{"taxonomy":"category","embeddable":true,"href":"https:\/\/www.fuldaernachrichten.de\/index.php?rest_route=%2Fwp%2Fv2%2Fcategories&post=85327"},{"taxonomy":"post_tag","embeddable":true,"href":"https:\/\/www.fuldaernachrichten.de\/index.php?rest_route=%2Fwp%2Fv2%2Ftags&post=85327"}],"curies":[{"name":"wp","href":"https:\/\/api.w.org\/{rel}","templated":true}]}}