{"id":85293,"date":"2011-04-29T00:18:21","date_gmt":"2011-04-29T00:18:21","guid":{"rendered":"http:\/\/www.fuldaer-nachrichten.de\/?p=85293"},"modified":"2011-04-29T05:18:30","modified_gmt":"2011-04-29T05:18:30","slug":"sperrung-der-pacelliallee-verlangert","status":"publish","type":"post","link":"https:\/\/www.fuldaernachrichten.de\/?p=85293","title":{"rendered":"Sperrung der Pacelliallee verl\u00e4ngert"},"content":{"rendered":"<p><strong>Fulda.<\/strong> Die Vollsperrung in der Pacelliallee zwischen den Stra\u00dfen An St. Johann und Walter-Bauer-Stra\u00dfe aufgrund von Kanalbauarbeiten wird sich bis einschlie\u00dflich Montag, 02. Mai 2011 verl\u00e4ngern. Entsprechende Umleitungen \u00fcber die Dipperzer Stra\u00dfe bzw. Petersberger Stra\u00dfe sind vorhanden. Ab Dienstag, 03. Mai 2011 werden die Arbeiten bis voraussichtlich Freitag, 13. Mai 2011 unter einer halbseitigen Sperrung fortgesetzt. (cp)<\/p>\n","protected":false},"excerpt":{"rendered":"<div class=\"tmnf_excerpt\"><p>Fulda. Die Vollsperrung in der Pacelliallee zwischen den Stra\u00dfen An St. Johann und Walter-Bauer-Stra\u00dfe aufgrund von Kanalbauarbeiten wird sich bis einschlie\u00dflich Montag, 02. Mai 2011 verl\u00e4ngern. Entsprechende Umleitungen \u00fcber die Dipperzer Stra\u00dfe bzw. Petersberger Stra\u00dfe sind vorhanden. Ab Dienstag, 03. Mai 2011 werden die Arbeiten bis voraussichtlich Freitag, 13. Mai 2011 unter einer halbseitigen Sperrung &hellip;<\/p>\n<\/div>","protected":false},"author":1,"featured_media":0,"comment_status":"closed","ping_status":"closed","sticky":false,"template":"","format":"standard","meta":{"footnotes":""},"categories":[1,35],"tags":[],"class_list":["post-85293","post","type-post","status-publish","format-standard","hentry","category-startseite","category-auto"],"_links":{"self":[{"href":"https:\/\/www.fuldaernachrichten.de\/index.php?rest_route=\/wp\/v2\/posts\/85293","targetHints":{"allow":["GET"]}}],"collection":[{"href":"https:\/\/www.fuldaernachrichten.de\/index.php?rest_route=\/wp\/v2\/posts"}],"about":[{"href":"https:\/\/www.fuldaernachrichten.de\/index.php?rest_route=\/wp\/v2\/types\/post"}],"author":[{"embeddable":true,"href":"https:\/\/www.fuldaernachrichten.de\/index.php?rest_route=\/wp\/v2\/users\/1"}],"replies":[{"embeddable":true,"href":"https:\/\/www.fuldaernachrichten.de\/index.php?rest_route=%2Fwp%2Fv2%2Fcomments&post=85293"}],"version-history":[{"count":0,"href":"https:\/\/www.fuldaernachrichten.de\/index.php?rest_route=\/wp\/v2\/posts\/85293\/revisions"}],"wp:attachment":[{"href":"https:\/\/www.fuldaernachrichten.de\/index.php?rest_route=%2Fwp%2Fv2%2Fmedia&parent=85293"}],"wp:term":[{"taxonomy":"category","embeddable":true,"href":"https:\/\/www.fuldaernachrichten.de\/index.php?rest_route=%2Fwp%2Fv2%2Fcategories&post=85293"},{"taxonomy":"post_tag","embeddable":true,"href":"https:\/\/www.fuldaernachrichten.de\/index.php?rest_route=%2Fwp%2Fv2%2Ftags&post=85293"}],"curies":[{"name":"wp","href":"https:\/\/api.w.org\/{rel}","templated":true}]}}