{"id":8525,"date":"2008-04-03T00:18:37","date_gmt":"2008-04-02T22:18:37","guid":{"rendered":"http:\/\/www.schoene-nachrichten.de\/?p=8525"},"modified":"2008-04-02T23:42:59","modified_gmt":"2008-04-02T21:42:59","slug":"ausstellung-zum-150-geburtstag-von-max-planck","status":"publish","type":"post","link":"https:\/\/www.fuldaernachrichten.de\/?p=8525","title":{"rendered":"Ausstellung zum 150. Geburtstag von Max Planck"},"content":{"rendered":"<p><strong>Fulda.<\/strong> Unter dem Motto \u201eWirklich ist alles, was messbar ist\u201c pr\u00e4sentiert die Hochschul- und Landesbibliothek vom 2. bis zum 30. April am Heinrich-von-Bibra-Platz eine Buchausstellung zum 150. Geburtstag des deutschen Physikers und Nobelpreistr\u00e4gers. Max Plancks Erkenntnisse auf den Gebieten des Strahlungsgesetzes, der Quantenmechanik und der Relativit\u00e4tstheorie f\u00fchrten zur Revolutionierung des physikalischen Denkens und machten ihn zum bekanntesten Physiker und herausragendsten Wissenschaftspolitiker Deutschlands.<\/p>\n","protected":false},"excerpt":{"rendered":"<div class=\"tmnf_excerpt\"><p>Fulda. Unter dem Motto \u201eWirklich ist alles, was messbar ist\u201c pr\u00e4sentiert die Hochschul- und Landesbibliothek vom 2. bis zum 30. April am Heinrich-von-Bibra-Platz eine Buchausstellung zum 150. Geburtstag des deutschen Physikers und Nobelpreistr\u00e4gers. Max Plancks Erkenntnisse auf den Gebieten des Strahlungsgesetzes, der Quantenmechanik und der Relativit\u00e4tstheorie f\u00fchrten zur Revolutionierung des physikalischen Denkens und machten ihn &hellip;<\/p>\n<\/div>","protected":false},"author":1,"featured_media":0,"comment_status":"closed","ping_status":"closed","sticky":false,"template":"","format":"standard","meta":{"footnotes":""},"categories":[1,53,48],"tags":[],"class_list":["post-8525","post","type-post","status-publish","format-standard","hentry","category-startseite","category-bildung","category-forschung"],"_links":{"self":[{"href":"https:\/\/www.fuldaernachrichten.de\/index.php?rest_route=\/wp\/v2\/posts\/8525","targetHints":{"allow":["GET"]}}],"collection":[{"href":"https:\/\/www.fuldaernachrichten.de\/index.php?rest_route=\/wp\/v2\/posts"}],"about":[{"href":"https:\/\/www.fuldaernachrichten.de\/index.php?rest_route=\/wp\/v2\/types\/post"}],"author":[{"embeddable":true,"href":"https:\/\/www.fuldaernachrichten.de\/index.php?rest_route=\/wp\/v2\/users\/1"}],"replies":[{"embeddable":true,"href":"https:\/\/www.fuldaernachrichten.de\/index.php?rest_route=%2Fwp%2Fv2%2Fcomments&post=8525"}],"version-history":[{"count":0,"href":"https:\/\/www.fuldaernachrichten.de\/index.php?rest_route=\/wp\/v2\/posts\/8525\/revisions"}],"wp:attachment":[{"href":"https:\/\/www.fuldaernachrichten.de\/index.php?rest_route=%2Fwp%2Fv2%2Fmedia&parent=8525"}],"wp:term":[{"taxonomy":"category","embeddable":true,"href":"https:\/\/www.fuldaernachrichten.de\/index.php?rest_route=%2Fwp%2Fv2%2Fcategories&post=8525"},{"taxonomy":"post_tag","embeddable":true,"href":"https:\/\/www.fuldaernachrichten.de\/index.php?rest_route=%2Fwp%2Fv2%2Ftags&post=8525"}],"curies":[{"name":"wp","href":"https:\/\/api.w.org\/{rel}","templated":true}]}}