{"id":8511,"date":"2008-04-02T01:00:58","date_gmt":"2008-04-01T23:00:58","guid":{"rendered":"http:\/\/www.schoene-nachrichten.de\/?p=8511"},"modified":"2008-04-02T01:41:17","modified_gmt":"2008-04-01T23:41:17","slug":"16-orte-beteiligen-sich-am-wettbewerb-unser-dorf-hat-zukunft","status":"publish","type":"post","link":"https:\/\/www.fuldaernachrichten.de\/?p=8511","title":{"rendered":"16 Orte beteiligen sich am Wettbewerb \u201eUnser Dorf hat Zukunft\u201c"},"content":{"rendered":"<p><a href=\"http:\/\/www.schoene-nachrichten.de\/wp-content\/uploads\/2008\/04\/080402_zukunft.jpg\" rel=\"lightbox[roadtrip]\" target=\"_blank\" title=\"080402_zukunft.jpg\"><img decoding=\"async\" src=\"http:\/\/www.schoene-nachrichten.de\/wp-content\/uploads\/2008\/04\/080402_zukunft.thumbnail.jpg\" alt=\"080402_zukunft.jpg\" align=\"left\" hspace=\"5\" \/><\/a><strong>Fulda. <\/strong>Eine erfreuliche Resonanz verzeichnet der Wettbewerb \u201cUnser Dorf hat Zukunft\u201c im Landkreis Fulda. Waren es beim letzten Mal vor drei Jahren nur zwei D\u00f6rfer, die sich beteiligt haben, so ist die Teilnehmerzahl bei der 33. Neuauflage des vom hessischen Ministerium f\u00fcr Umwelt, l\u00e4ndlichen Raum und Verbraucherschutz durchgef\u00fchrten landesweiten Wettbewerbs auf 16 Orte in unserem Landkreis angestiegen.<!--more--><\/p>\n<p>In der Gruppe A befinden sich Orte, die entweder an der Dorferneuerung oder an der einfa-chen Stadterneuerung teilgenommen haben. Es handelt es sich um Tr\u00e4tzhof, Brand, Heu-bach, Abtsroda, Rodholz, Wendershausen und Bad Salzschlirf. Der Gruppe B sind die \u00fcbrigen Orte &#8211; Ried, B\u00fcchenberg, Rothemann, Stork, L\u00fcderm\u00fcnd, Sickels, Mosbach, Hofbieber und Sargenzell &#8211; zugeteilt.<\/p>\n<p>Bei der feierlichen Auftaktveranstaltung \u201e50 Jahre Dorfwettbewerb in Hessen\u201c im vergangenen September in Stadtallendorf hatte Landrat Bernd Woide f\u00fcr eine vermehrte Teilnahme von St\u00e4dten und Gemeinden aus dem Landkreis Fulda geworben. Hessen war das erste Bandesland, das den Wettbewerb 1958\/59 noch unter der alten Bezeichnung \u201eUnser Dorf soll sch\u00f6ner werden\u201c fl\u00e4chendeckend durchf\u00fchrte.<\/p>\n<p>Laut Aussage von Landrat Woide stelle Dorferneuerung eine eindrucksvolle Erfolgsgeschichte dar, die nach dem erkl\u00e4rten Willen aller Beteiligten fortgeschrieben werden solle. Heute gehe es darum, den demografischen Wandel durch ein B\u00fcndel von Ma\u00dfnahmen und Aktionen, wozu der Dorfwettbewerb geh\u00f6re, positiv zu gestalten und ein lebenswertes Umfeld auch in Zukunft zu erhalten.<\/p>\n<p>Nachdem die Anmeldungen jetzt vorliegen, nimmt das Regierungspr\u00e4sidium in Kassel der-zeit die Regionsabgrenzungen f\u00fcr Hessen vor. Nach aktuellen Informationen aus Kassel soll dem zust\u00e4ndigen Fachdienst der Kreisverwaltung Fulda aufgrund der hohen Teilnehmerzahlen die Federf\u00fchrung f\u00fcr den Regionalentscheid \u00fcbertragen werden. Diese Region wird aus den Landkreisen Fulda und Main-Kinzig gebildet.<\/p>\n","protected":false},"excerpt":{"rendered":"<div class=\"tmnf_excerpt\"><p>Fulda. Eine erfreuliche Resonanz verzeichnet der Wettbewerb \u201cUnser Dorf hat Zukunft\u201c im Landkreis Fulda. Waren es beim letzten Mal vor drei Jahren nur zwei D\u00f6rfer, die sich beteiligt haben, so ist die Teilnehmerzahl bei der 33. Neuauflage des vom hessischen Ministerium f\u00fcr Umwelt, l\u00e4ndlichen Raum und Verbraucherschutz durchgef\u00fchrten landesweiten Wettbewerbs auf 16 Orte in unserem &hellip;<\/p>\n<\/div>","protected":false},"author":1,"featured_media":0,"comment_status":"closed","ping_status":"closed","sticky":false,"template":"","format":"standard","meta":{"footnotes":""},"categories":[1,29,52],"tags":[],"class_list":["post-8511","post","type-post","status-publish","format-standard","hentry","category-startseite","category-politik","category-umwelt"],"_links":{"self":[{"href":"https:\/\/www.fuldaernachrichten.de\/index.php?rest_route=\/wp\/v2\/posts\/8511","targetHints":{"allow":["GET"]}}],"collection":[{"href":"https:\/\/www.fuldaernachrichten.de\/index.php?rest_route=\/wp\/v2\/posts"}],"about":[{"href":"https:\/\/www.fuldaernachrichten.de\/index.php?rest_route=\/wp\/v2\/types\/post"}],"author":[{"embeddable":true,"href":"https:\/\/www.fuldaernachrichten.de\/index.php?rest_route=\/wp\/v2\/users\/1"}],"replies":[{"embeddable":true,"href":"https:\/\/www.fuldaernachrichten.de\/index.php?rest_route=%2Fwp%2Fv2%2Fcomments&post=8511"}],"version-history":[{"count":0,"href":"https:\/\/www.fuldaernachrichten.de\/index.php?rest_route=\/wp\/v2\/posts\/8511\/revisions"}],"wp:attachment":[{"href":"https:\/\/www.fuldaernachrichten.de\/index.php?rest_route=%2Fwp%2Fv2%2Fmedia&parent=8511"}],"wp:term":[{"taxonomy":"category","embeddable":true,"href":"https:\/\/www.fuldaernachrichten.de\/index.php?rest_route=%2Fwp%2Fv2%2Fcategories&post=8511"},{"taxonomy":"post_tag","embeddable":true,"href":"https:\/\/www.fuldaernachrichten.de\/index.php?rest_route=%2Fwp%2Fv2%2Ftags&post=8511"}],"curies":[{"name":"wp","href":"https:\/\/api.w.org\/{rel}","templated":true}]}}