{"id":8507,"date":"2008-04-02T00:26:49","date_gmt":"2008-04-01T22:26:49","guid":{"rendered":"http:\/\/www.schoene-nachrichten.de\/?p=8507"},"modified":"2008-04-02T01:27:19","modified_gmt":"2008-04-01T23:27:19","slug":"jugendbildungswerk-des-landkreises-fulda-laedt-zu-kulinarischem-wochenende-ein","status":"publish","type":"post","link":"https:\/\/www.fuldaernachrichten.de\/?p=8507","title":{"rendered":"Jugendbildungswerk des Landkreises Fulda l\u00e4dt zu kulinarischem Wochenende ein"},"content":{"rendered":"<p><strong>Termin.<\/strong> Das Jugendbildungswerk des Landkreises Fulda f\u00fchrt am Pfingstwochenende vom 9. bis 11. Mai ein Seminar \u201eKochen ist M\u00e4nnersache?!\u201c durch. Alle \u201eM\u00e4nner\u201c im Alter von zw\u00f6lf bis 15 Jahren k\u00f6nnen sich bei diesem Feinschmeckerseminar in der K\u00fcche behaupten. \u00dcbernachtet wird in der Jugendbildungsst\u00e4tte Mahlerts. Neben dem Kochen bleibt noch gen\u00fcgend Zeit f\u00fcr Sport, Spiel und Spa\u00df.<!--more--><\/p>\n<p>Die Teilnehmerinnen und Teilnehmer werden gemeinsam ein Men\u00fc zusammenstellen und die Zutaten daf\u00fcr frisch einkaufen. Dieses Festmahl wird dann am Sonntag (Muttertag) in der K\u00fcche der Jugendbildungsst\u00e4tte zubereitet. Die M\u00fctter sind zu diesem leckeren Essen recht herzlich eingeladen. Nat\u00fcrlich muss die K\u00fcche nachher wieder in einen sauberen Zustand versetzt werden.<\/p>\n<p>Der Teilnehmerbetrag betr\u00e4gt einschlie\u00dflich Unterkunft und Verpflegung 25 Euro. Anmel-dungen und Anfragen sind zu richten an den Kreisausschuss des Landkreises Fulda\/Jugendbildungswerk, W\u00f6rthstra\u00dfe 15, 36037 Fulda, Tel.: 0661\/6006-498, e-mail: ju-gend@landkreis-fulda.de<\/p>\n","protected":false},"excerpt":{"rendered":"<div class=\"tmnf_excerpt\"><p>Termin. Das Jugendbildungswerk des Landkreises Fulda f\u00fchrt am Pfingstwochenende vom 9. bis 11. Mai ein Seminar \u201eKochen ist M\u00e4nnersache?!\u201c durch. Alle \u201eM\u00e4nner\u201c im Alter von zw\u00f6lf bis 15 Jahren k\u00f6nnen sich bei diesem Feinschmeckerseminar in der K\u00fcche behaupten. \u00dcbernachtet wird in der Jugendbildungsst\u00e4tte Mahlerts. Neben dem Kochen bleibt noch gen\u00fcgend Zeit f\u00fcr Sport, Spiel und &hellip;<\/p>\n<\/div>","protected":false},"author":1,"featured_media":0,"comment_status":"closed","ping_status":"closed","sticky":false,"template":"","format":"standard","meta":{"footnotes":""},"categories":[1,53,72],"tags":[],"class_list":["post-8507","post","type-post","status-publish","format-standard","hentry","category-startseite","category-bildung","category-jugend"],"_links":{"self":[{"href":"https:\/\/www.fuldaernachrichten.de\/index.php?rest_route=\/wp\/v2\/posts\/8507","targetHints":{"allow":["GET"]}}],"collection":[{"href":"https:\/\/www.fuldaernachrichten.de\/index.php?rest_route=\/wp\/v2\/posts"}],"about":[{"href":"https:\/\/www.fuldaernachrichten.de\/index.php?rest_route=\/wp\/v2\/types\/post"}],"author":[{"embeddable":true,"href":"https:\/\/www.fuldaernachrichten.de\/index.php?rest_route=\/wp\/v2\/users\/1"}],"replies":[{"embeddable":true,"href":"https:\/\/www.fuldaernachrichten.de\/index.php?rest_route=%2Fwp%2Fv2%2Fcomments&post=8507"}],"version-history":[{"count":0,"href":"https:\/\/www.fuldaernachrichten.de\/index.php?rest_route=\/wp\/v2\/posts\/8507\/revisions"}],"wp:attachment":[{"href":"https:\/\/www.fuldaernachrichten.de\/index.php?rest_route=%2Fwp%2Fv2%2Fmedia&parent=8507"}],"wp:term":[{"taxonomy":"category","embeddable":true,"href":"https:\/\/www.fuldaernachrichten.de\/index.php?rest_route=%2Fwp%2Fv2%2Fcategories&post=8507"},{"taxonomy":"post_tag","embeddable":true,"href":"https:\/\/www.fuldaernachrichten.de\/index.php?rest_route=%2Fwp%2Fv2%2Ftags&post=8507"}],"curies":[{"name":"wp","href":"https:\/\/api.w.org\/{rel}","templated":true}]}}