{"id":8496,"date":"2008-04-02T13:20:47","date_gmt":"2008-04-02T11:20:47","guid":{"rendered":"http:\/\/www.schoene-nachrichten.de\/?p=8496"},"modified":"2008-04-02T13:20:47","modified_gmt":"2008-04-02T11:20:47","slug":"kinder-bemalen-den-bauzaun-am-klinikum-fulda","status":"publish","type":"post","link":"https:\/\/www.fuldaernachrichten.de\/?p=8496","title":{"rendered":"Kinder bemalen den Bauzaun am Klinikum Fulda"},"content":{"rendered":"<p><strong>Fulda. <\/strong>Wer bislang den Haupteingang des Klinikums Fulda betrat, dem fiel rechterhand des Eingangsbereichs ein langer Holzaun auf, hinter dem sich die umfangreiche Baustelle der Erweiterung und Neugestaltung der Interdisziplin\u00e4ren Notfallaufnahme verbirgt. Bauz\u00e4une sind meistens eher unansprechend und haben etwas Trostloses. Aus diesem Grund wurde nun der rund 30 Meter lange Zaun von Kindern farbenfroh gestaltet.<\/p>\n<p><strong>Fotos (18):<\/strong> Max Colin Heydenreich<\/p>\n<p><a href=\"http:\/\/www.schoene-nachrichten.de\/wp-content\/uploads\/2008\/04\/080302_Klinikum_01.jpg\" rel=\"lightbox[roadtrip]\" target=\"_blank\" title=\"Foto: Max Colin Heydenreich\"><img decoding=\"async\" src=\"http:\/\/www.schoene-nachrichten.de\/wp-content\/uploads\/2008\/04\/080302_Klinikum_01.thumbnail.jpg\" alt=\"080302_Klinikum_01.jpg\" width=\"128\" \/><\/a> <a href=\"http:\/\/www.schoene-nachrichten.de\/wp-content\/uploads\/2008\/04\/080302_Klinikum_18.jpg\" rel=\"lightbox[roadtrip]\" target=\"_blank\" title=\"Foto: Max Colin Heydenreich\"><img decoding=\"async\" src=\"http:\/\/www.schoene-nachrichten.de\/wp-content\/uploads\/2008\/04\/080302_Klinikum_18.thumbnail.jpg\" alt=\"080302_Klinikum_18.jpg\" width=\"128\" \/><\/a> <a href=\"http:\/\/www.schoene-nachrichten.de\/wp-content\/uploads\/2008\/04\/080302_Klinikum_11.jpg\" rel=\"lightbox[roadtrip]\" target=\"_blank\" title=\"Foto: Max Colin Heydenreich\"><img decoding=\"async\" src=\"http:\/\/www.schoene-nachrichten.de\/wp-content\/uploads\/2008\/04\/080302_Klinikum_11.thumbnail.jpg\" alt=\"080302_Klinikum_11.jpg\" width=\"128\" \/><\/a><\/p>\n<p><a href=\"http:\/\/www.schoene-nachrichten.de\/wp-content\/uploads\/2008\/04\/080302_Klinikum_07.jpg\" rel=\"lightbox[roadtrip]\" target=\"_blank\" title=\"Foto: Max Colin Heydenreich\"><img decoding=\"async\" src=\"http:\/\/www.schoene-nachrichten.de\/wp-content\/uploads\/2008\/04\/080302_Klinikum_07.thumbnail.jpg\" alt=\"080302_Klinikum_07.jpg\" width=\"128\" \/><\/a> <a href=\"http:\/\/www.schoene-nachrichten.de\/wp-content\/uploads\/2008\/04\/080302_Klinikum_08.jpg\" rel=\"lightbox[roadtrip]\" target=\"_blank\" title=\"Foto: Max Colin Heydenreich\"> <img decoding=\"async\" src=\"http:\/\/www.schoene-nachrichten.de\/wp-content\/uploads\/2008\/04\/080302_Klinikum_08.thumbnail.jpg\" alt=\"080302_Klinikum_08.jpg\" width=\"128\" \/><\/a> <a href=\"http:\/\/www.schoene-nachrichten.de\/wp-content\/uploads\/2008\/04\/080302_Klinikum_17.jpg\" rel=\"lightbox[roadtrip]\" target=\"_blank\" title=\"Foto: Max Colin Heydenreich\"><img decoding=\"async\" src=\"http:\/\/www.schoene-nachrichten.de\/wp-content\/uploads\/2008\/04\/080302_Klinikum_17.thumbnail.jpg\" alt=\"080302_Klinikum_17.jpg\" width=\"128\" \/><\/a><\/p>\n<p><!--more--><br \/>\nAn den vergangenen zwei Tage haben die Vorschulkinder aus dem Katholischen Kindergarten St. Pius, dem Kindergarten der Dompfarrei, Patienten der Klinik f\u00fcr Kinder- und Jugendmedizin sowie Kinder der Mitarbeiter\/-innen des Klinikums Fulda den Bauzaun am Haupteingang gestaltet.<\/p>\n<p><a href=\"http:\/\/www.schoene-nachrichten.de\/wp-content\/uploads\/2008\/04\/080302_Klinikum_02.jpg\" rel=\"lightbox[roadtrip]\" target=\"_blank\" title=\"Foto: Max Colin Heydenreich\"><img decoding=\"async\" src=\"http:\/\/www.schoene-nachrichten.de\/wp-content\/uploads\/2008\/04\/080302_Klinikum_02.thumbnail.jpg\" alt=\"080302_Klinikum_02.jpg\" width=\"128\" \/><\/a> <a href=\"http:\/\/www.schoene-nachrichten.de\/wp-content\/uploads\/2008\/04\/080302_Klinikum_09.jpg\" rel=\"lightbox[roadtrip]\" target=\"_blank\" title=\"Foto: Max Colin Heydenreich\"><img decoding=\"async\" src=\"http:\/\/www.schoene-nachrichten.de\/wp-content\/uploads\/2008\/04\/080302_Klinikum_09.thumbnail.jpg\" alt=\"080302_Klinikum_09.jpg\" width=\"128\" \/><\/a> <a href=\"http:\/\/www.schoene-nachrichten.de\/wp-content\/uploads\/2008\/04\/080302_Klinikum_03.jpg\" rel=\"lightbox[roadtrip]\" target=\"_blank\" title=\"Foto: Max Colin Heydenreich\"><img decoding=\"async\" src=\"http:\/\/www.schoene-nachrichten.de\/wp-content\/uploads\/2008\/04\/080302_Klinikum_03.thumbnail.jpg\" alt=\"080302_Klinikum_03.jpg\" width=\"128\" \/><\/a><\/p>\n<p>Betreut wurde die Malaktion von der K\u00fcnstlerin Britta Meer (Darmstadt), die seit zehn Jahren das \u201eKinderatelier in Darmstadt Britta Meer\u201c betreibt sowie in zahlreichen Schul- und Kindergartenprojekten t\u00e4tig ist. Bereits vor zwei Jahren hat Britta Meer beim Tag der offenen T\u00fcr der Kinderklinik tatkr\u00e4ftig mitgewirkt.\u00c2\u00a0 \u201eDie Idee zu diesem Projekt ist, dass Kindergartenkinder im Vorschulalter, Kinder der Kinderklinik und Kinder von Mitarbeiter\/-innen des Klinikums gemeinsam den Bauzaun zu dem Motto:\u00c2\u00a0 \u201eWas lebt und steht in der Natur? Was bewegt sich am Himmel?,\u00c2\u00a0 bemalen\u201c, so Britta Meer.<\/p>\n<p><a href=\"http:\/\/www.schoene-nachrichten.de\/wp-content\/uploads\/2008\/04\/080302_Klinikum_04.jpg\" rel=\"lightbox[roadtrip]\" target=\"_blank\" title=\"Foto: Max Colin Heydenreich\"><img decoding=\"async\" src=\"http:\/\/www.schoene-nachrichten.de\/wp-content\/uploads\/2008\/04\/080302_Klinikum_04.thumbnail.jpg\" alt=\"080302_Klinikum_04.jpg\" width=\"128\" \/><\/a> <a href=\"http:\/\/www.schoene-nachrichten.de\/wp-content\/uploads\/2008\/04\/080302_Klinikum_05.jpg\" rel=\"lightbox[roadtrip]\" target=\"_blank\" title=\"Foto: Max Colin Heydenreich\"><img decoding=\"async\" src=\"http:\/\/www.schoene-nachrichten.de\/wp-content\/uploads\/2008\/04\/080302_Klinikum_05.thumbnail.jpg\" alt=\"080302_Klinikum_05.jpg\" width=\"128\" \/><\/a> <a href=\"http:\/\/www.schoene-nachrichten.de\/wp-content\/uploads\/2008\/04\/080302_Klinikum_06.jpg\" rel=\"lightbox[roadtrip]\" target=\"_blank\" title=\"Foto: Max Colin Heydenreich\"><img decoding=\"async\" src=\"http:\/\/www.schoene-nachrichten.de\/wp-content\/uploads\/2008\/04\/080302_Klinikum_06.thumbnail.jpg\" alt=\"080302_Klinikum_06.jpg\" width=\"128\" \/><\/a><\/p>\n<p>Jede Gruppe hatte ein bestimmtes Thema vorgegeben bekommen: B\u00e4ume, Blumenwiese, Kleintiere, Wasserv\u00f6gel, Menschen, Stadtlandschaft etc., die dann auf die jeweils 3 Meter langen Holzplatten gemalt wurden. Aufgrund der Witterungsverh\u00e4ltnisse fand die Malaktion in der Eingangshalle statt, so dass auch die Patienten und Besucher des Klinikums\u00c2\u00a0 den rund 30 Kindern beim Malen \u00fcber die Schulter schauen konnten. Die bettlegerischen Kinder der Kinderklinik konnten ihre Motive auf Papier malen, welches dann\u00c2\u00a0 in Folientechnik eingeschwei\u00dft an den Bauzaun montiert wurde. \u201eF\u00fcr eine kurze Zeit k\u00f6nnen diese Kinder beim Malen ihre Krankheit vergessen\u201c, so Prof. Dr. med. Reinald Repp, Direktor der Klinik f\u00fcr Kinder- und Jugendmedizin.<\/p>\n<p><a href=\"http:\/\/www.schoene-nachrichten.de\/wp-content\/uploads\/2008\/04\/080302_Klinikum_16.jpg\" rel=\"lightbox[roadtrip]\" target=\"_blank\" title=\"Foto: Max Colin Heydenreich\"><img decoding=\"async\" src=\"http:\/\/www.schoene-nachrichten.de\/wp-content\/uploads\/2008\/04\/080302_Klinikum_16.thumbnail.jpg\" alt=\"080302_Klinikum_16.jpg\" width=\"128\" \/><\/a> <a href=\"http:\/\/www.schoene-nachrichten.de\/wp-content\/uploads\/2008\/04\/080302_Klinikum_10.jpg\" rel=\"lightbox[roadtrip]\" target=\"_blank\" title=\"Foto: Max Colin Heydenreich\"><img decoding=\"async\" src=\"http:\/\/www.schoene-nachrichten.de\/wp-content\/uploads\/2008\/04\/080302_Klinikum_10.thumbnail.jpg\" alt=\"080302_Klinikum_10.jpg\" width=\"128\" \/><\/a>  <a href=\"http:\/\/www.schoene-nachrichten.de\/wp-content\/uploads\/2008\/04\/080302_Klinikum_12.jpg\" rel=\"lightbox[roadtrip]\" target=\"_blank\" title=\"Foto: Max Colin Heydenreich\"><img decoding=\"async\" src=\"http:\/\/www.schoene-nachrichten.de\/wp-content\/uploads\/2008\/04\/080302_Klinikum_12.thumbnail.jpg\" alt=\"080302_Klinikum_12.jpg\" width=\"128\" \/><\/a><\/p>\n<p>Der farbenfreudige, fertig bemalte\u00c2\u00a0 Bauzaun wurde anschlie\u00dfend\u00c2\u00a0 rechterhand des Haupteingangs des Klinikums Fulda montiert und kann dort besichtigt werden.<\/p>\n<p><a href=\"http:\/\/www.schoene-nachrichten.de\/wp-content\/uploads\/2008\/04\/080302_Klinikum_13.jpg\" rel=\"lightbox[roadtrip]\" target=\"_blank\" title=\"Foto: Max Colin Heydenreich\"><img decoding=\"async\" src=\"http:\/\/www.schoene-nachrichten.de\/wp-content\/uploads\/2008\/04\/080302_Klinikum_13.thumbnail.jpg\" alt=\"080302_Klinikum_13.jpg\" width=\"128\" \/><\/a> <a href=\"http:\/\/www.schoene-nachrichten.de\/wp-content\/uploads\/2008\/04\/080302_Klinikum_14.jpg\" rel=\"lightbox[roadtrip]\" target=\"_blank\" title=\"Foto: Max Colin Heydenreich\"><img decoding=\"async\" src=\"http:\/\/www.schoene-nachrichten.de\/wp-content\/uploads\/2008\/04\/080302_Klinikum_14.thumbnail.jpg\" alt=\"080302_Klinikum_14.jpg\" width=\"128\" \/><\/a> <a href=\"http:\/\/www.schoene-nachrichten.de\/wp-content\/uploads\/2008\/04\/080302_Klinikum_15.jpg\" rel=\"lightbox[roadtrip]\" target=\"_blank\" title=\"Foto: Max Colin Heydenreich\"><img decoding=\"async\" src=\"http:\/\/www.schoene-nachrichten.de\/wp-content\/uploads\/2008\/04\/080302_Klinikum_15.thumbnail.jpg\" alt=\"080302_Klinikum_15.jpg\" width=\"128\" \/><\/a><\/p>\n","protected":false},"excerpt":{"rendered":"<div class=\"tmnf_excerpt\"><p>Fulda. Wer bislang den Haupteingang des Klinikums Fulda betrat, dem fiel rechterhand des Eingangsbereichs ein langer Holzaun auf, hinter dem sich die umfangreiche Baustelle der Erweiterung und Neugestaltung der Interdisziplin\u00e4ren Notfallaufnahme verbirgt. Bauz\u00e4une sind meistens eher unansprechend und haben etwas Trostloses. Aus diesem Grund wurde nun der rund 30 Meter lange Zaun von Kindern farbenfroh &hellip;<\/p>\n<\/div>","protected":false},"author":1,"featured_media":0,"comment_status":"closed","ping_status":"closed","sticky":false,"template":"","format":"standard","meta":{"footnotes":""},"categories":[1,54,51,72],"tags":[],"class_list":["post-8496","post","type-post","status-publish","format-standard","hentry","category-startseite","category-bildergalerien","category-medizin","category-jugend"],"_links":{"self":[{"href":"https:\/\/www.fuldaernachrichten.de\/index.php?rest_route=\/wp\/v2\/posts\/8496","targetHints":{"allow":["GET"]}}],"collection":[{"href":"https:\/\/www.fuldaernachrichten.de\/index.php?rest_route=\/wp\/v2\/posts"}],"about":[{"href":"https:\/\/www.fuldaernachrichten.de\/index.php?rest_route=\/wp\/v2\/types\/post"}],"author":[{"embeddable":true,"href":"https:\/\/www.fuldaernachrichten.de\/index.php?rest_route=\/wp\/v2\/users\/1"}],"replies":[{"embeddable":true,"href":"https:\/\/www.fuldaernachrichten.de\/index.php?rest_route=%2Fwp%2Fv2%2Fcomments&post=8496"}],"version-history":[{"count":0,"href":"https:\/\/www.fuldaernachrichten.de\/index.php?rest_route=\/wp\/v2\/posts\/8496\/revisions"}],"wp:attachment":[{"href":"https:\/\/www.fuldaernachrichten.de\/index.php?rest_route=%2Fwp%2Fv2%2Fmedia&parent=8496"}],"wp:term":[{"taxonomy":"category","embeddable":true,"href":"https:\/\/www.fuldaernachrichten.de\/index.php?rest_route=%2Fwp%2Fv2%2Fcategories&post=8496"},{"taxonomy":"post_tag","embeddable":true,"href":"https:\/\/www.fuldaernachrichten.de\/index.php?rest_route=%2Fwp%2Fv2%2Ftags&post=8496"}],"curies":[{"name":"wp","href":"https:\/\/api.w.org\/{rel}","templated":true}]}}