{"id":8479,"date":"2008-03-31T00:08:39","date_gmt":"2008-03-30T22:08:39","guid":{"rendered":"http:\/\/www.schoene-nachrichten.de\/?p=8479"},"modified":"2008-03-30T22:44:08","modified_gmt":"2008-03-30T20:44:08","slug":"dekanatsgottesdienst-fuer-trauernde-in-rommerz","status":"publish","type":"post","link":"https:\/\/www.fuldaernachrichten.de\/?p=8479","title":{"rendered":"Dekanatsgottesdienst f\u00fcr Trauernde in Rommerz"},"content":{"rendered":"<p><strong>Rommerz.<\/strong> Zu einem zentralen Gottesdienst f\u00fcr Trauernde f\u00fcr das Dekanat Neuhof wird in der Pfarrkirche Mariae Himmelfahrt in Neuhof \u2013 Rommerz, Wendelinusstra\u00dfe, eingeladen am Donnerstag, 10. April\u00c2\u00a0 um 18.30 Uhr.<!--more--><\/p>\n<p>Die Eucharistie ist seit alters her der Ort, an die Toten zu denken. In der Urkirche wurde in den Katakomben (Grabst\u00e4tten der Christen) auf den Gr\u00e4bern die Messe gefeiert, um deutlich zu machen: wir haben die Hoffnung auf Auferstehung. Deshalb ist es ein besonderes Anliegen in der Messe f\u00fcr die Toten namentlich zu beten.<\/p>\n<p>Der aus Rommerz stammende Klinikpfarrer am Klinikum Stadt Hanau, Werner Gutheil feiert diese Gottesdienste f\u00fcr Trauernde seit nunmehr f\u00fcnf Jahren in Hanau regelm\u00e4\u00dfig jedes viertel Jahr in der Hanauer Stadtpfarrkirche.\u00c2\u00a0 Er gestaltet diesen Gottesdienst, bei dem die Toten namentlich genannt werden, um den Trauernden einen Raum f\u00fcr ihre Trauer zu erm\u00f6glichen.<\/p>\n<p>Im Gottesdienst selbst kann jeder Besucher seine Verstorbenen, an die er denken m\u00f6chte, auf einem \u201eMementoblatt\u201c (Erinnerungsblatt) aufschreiben. Statt gesprochener F\u00fcrbitten werden in einer Symbolhandlung\u00c2\u00a0 Blumen in einen Korb gesteckt.<\/p>\n<p>Der Gottesdienst richtet sich speziell an Trauernde, die aktuell oder seit einiger Zeit einen Angeh\u00f6rigen zu betrauern haben. In seiner zentralen Funktion soll deutlich werden, dass die Trauernden nicht allein mit ihrem Schicksal sind, sondern ebenfalls mit anderen Trauernden gemeinsam ihre Trauer vor Gott tragen k\u00f6nnen.<\/p>\n<p>Diese Trauergottesdienste und die anschlie\u00dfenden Informationsabende finden im Regelfall am zweiten Donnerstag jeden Quartals um 18.30 Uhr in der Kirche in Rommerz f\u00fcr das Dekanat und Interessierte aus der Region Fulda und Schl\u00fcchtern stattfinden.. Eine Anmeldung ist nicht erforderlich. R\u00fcckfragen und Informationen bei Klinikpfarrer Werner Gutheil, Tel- 06181\/ 74 01 74, Fax.: 06181\/ 12 01 74 oder per e-mail: Wgutheil@t-online.de<\/p>\n","protected":false},"excerpt":{"rendered":"<div class=\"tmnf_excerpt\"><p>Rommerz. Zu einem zentralen Gottesdienst f\u00fcr Trauernde f\u00fcr das Dekanat Neuhof wird in der Pfarrkirche Mariae Himmelfahrt in Neuhof \u2013 Rommerz, Wendelinusstra\u00dfe, eingeladen am Donnerstag, 10. April\u00c2\u00a0 um 18.30 Uhr.<\/p>\n<\/div>","protected":false},"author":1,"featured_media":0,"comment_status":"closed","ping_status":"closed","sticky":false,"template":"","format":"standard","meta":{"footnotes":""},"categories":[1,50],"tags":[],"class_list":["post-8479","post","type-post","status-publish","format-standard","hentry","category-startseite","category-kirche"],"_links":{"self":[{"href":"https:\/\/www.fuldaernachrichten.de\/index.php?rest_route=\/wp\/v2\/posts\/8479","targetHints":{"allow":["GET"]}}],"collection":[{"href":"https:\/\/www.fuldaernachrichten.de\/index.php?rest_route=\/wp\/v2\/posts"}],"about":[{"href":"https:\/\/www.fuldaernachrichten.de\/index.php?rest_route=\/wp\/v2\/types\/post"}],"author":[{"embeddable":true,"href":"https:\/\/www.fuldaernachrichten.de\/index.php?rest_route=\/wp\/v2\/users\/1"}],"replies":[{"embeddable":true,"href":"https:\/\/www.fuldaernachrichten.de\/index.php?rest_route=%2Fwp%2Fv2%2Fcomments&post=8479"}],"version-history":[{"count":0,"href":"https:\/\/www.fuldaernachrichten.de\/index.php?rest_route=\/wp\/v2\/posts\/8479\/revisions"}],"wp:attachment":[{"href":"https:\/\/www.fuldaernachrichten.de\/index.php?rest_route=%2Fwp%2Fv2%2Fmedia&parent=8479"}],"wp:term":[{"taxonomy":"category","embeddable":true,"href":"https:\/\/www.fuldaernachrichten.de\/index.php?rest_route=%2Fwp%2Fv2%2Fcategories&post=8479"},{"taxonomy":"post_tag","embeddable":true,"href":"https:\/\/www.fuldaernachrichten.de\/index.php?rest_route=%2Fwp%2Fv2%2Ftags&post=8479"}],"curies":[{"name":"wp","href":"https:\/\/api.w.org\/{rel}","templated":true}]}}