{"id":84740,"date":"2011-04-11T00:47:45","date_gmt":"2011-04-11T00:47:45","guid":{"rendered":"http:\/\/www.fuldaer-nachrichten.de\/?p=84740"},"modified":"2011-04-11T08:47:56","modified_gmt":"2011-04-11T08:47:56","slug":"tag-der-offenen-tur-bei-der-vollmerzer-feuerwehr","status":"publish","type":"post","link":"https:\/\/www.fuldaernachrichten.de\/?p=84740","title":{"rendered":"Tag der offenen T\u00fcr bei der Vollmerzer Feuerwehr"},"content":{"rendered":"<p><strong>Schl\u00fcchtern-Vollmerz.<\/strong> Die Freiwillige Feuerwehr Vollmerz l\u00e4dt erstmals zu einem Tag der offenen T\u00fcr ein, der am Samstag, 16. April, 14 Uhr im Ger\u00e4tehaus Vollmerz stattfindet. Ausgestellt wird dabei Feuerwehrtechnik, und es werden im Verlaufe des Nachmittags auch L\u00f6schvorf\u00fchrungen und das L\u00f6schen mit Feuerl\u00f6schern gezeigt. Es pr\u00e4sentiert sich die Jugendfeuerwehr und die Voraushelfergruppe stellt sich mit praktischen \u00dcbungen an Baby-, Kind- und Erwachsenenpuppen vor. In der DRK-Schminkecke werden Wunden realit\u00e4tsnah dargestellt. Informationen \u00fcber Rauchmelder fehlen ebenfalls nicht. F\u00fcr das leibliche Wohl der G\u00e4ste ist mit Kaffee und Kuchen sowie W\u00fcrstchen und Pommes und nat\u00fcrlich entsprechenden Getr\u00e4nken bestens gesorgt. Die Bev\u00f6lkerung wird herzlich eingeladen.<\/p>\n","protected":false},"excerpt":{"rendered":"<div class=\"tmnf_excerpt\"><p>Schl\u00fcchtern-Vollmerz. Die Freiwillige Feuerwehr Vollmerz l\u00e4dt erstmals zu einem Tag der offenen T\u00fcr ein, der am Samstag, 16. April, 14 Uhr im Ger\u00e4tehaus Vollmerz stattfindet. Ausgestellt wird dabei Feuerwehrtechnik, und es werden im Verlaufe des Nachmittags auch L\u00f6schvorf\u00fchrungen und das L\u00f6schen mit Feuerl\u00f6schern gezeigt. Es pr\u00e4sentiert sich die Jugendfeuerwehr und die Voraushelfergruppe stellt sich mit &hellip;<\/p>\n<\/div>","protected":false},"author":1,"featured_media":0,"comment_status":"closed","ping_status":"closed","sticky":false,"template":"","format":"standard","meta":{"footnotes":""},"categories":[1,71],"tags":[],"class_list":["post-84740","post","type-post","status-publish","format-standard","hentry","category-startseite","category-feuerwehr"],"_links":{"self":[{"href":"https:\/\/www.fuldaernachrichten.de\/index.php?rest_route=\/wp\/v2\/posts\/84740","targetHints":{"allow":["GET"]}}],"collection":[{"href":"https:\/\/www.fuldaernachrichten.de\/index.php?rest_route=\/wp\/v2\/posts"}],"about":[{"href":"https:\/\/www.fuldaernachrichten.de\/index.php?rest_route=\/wp\/v2\/types\/post"}],"author":[{"embeddable":true,"href":"https:\/\/www.fuldaernachrichten.de\/index.php?rest_route=\/wp\/v2\/users\/1"}],"replies":[{"embeddable":true,"href":"https:\/\/www.fuldaernachrichten.de\/index.php?rest_route=%2Fwp%2Fv2%2Fcomments&post=84740"}],"version-history":[{"count":0,"href":"https:\/\/www.fuldaernachrichten.de\/index.php?rest_route=\/wp\/v2\/posts\/84740\/revisions"}],"wp:attachment":[{"href":"https:\/\/www.fuldaernachrichten.de\/index.php?rest_route=%2Fwp%2Fv2%2Fmedia&parent=84740"}],"wp:term":[{"taxonomy":"category","embeddable":true,"href":"https:\/\/www.fuldaernachrichten.de\/index.php?rest_route=%2Fwp%2Fv2%2Fcategories&post=84740"},{"taxonomy":"post_tag","embeddable":true,"href":"https:\/\/www.fuldaernachrichten.de\/index.php?rest_route=%2Fwp%2Fv2%2Ftags&post=84740"}],"curies":[{"name":"wp","href":"https:\/\/api.w.org\/{rel}","templated":true}]}}