{"id":8473,"date":"2008-03-30T00:58:47","date_gmt":"2008-03-29T23:58:47","guid":{"rendered":"http:\/\/www.schoene-nachrichten.de\/?p=8473"},"modified":"2008-03-29T23:00:33","modified_gmt":"2008-03-29T22:00:33","slug":"osterputzaktion-in-dittlofrod-und-koernbach","status":"publish","type":"post","link":"https:\/\/www.fuldaernachrichten.de\/?p=8473","title":{"rendered":"Osterputzaktion in Dittlofrod und K\u00f6rnbach"},"content":{"rendered":"<p><strong>Eiterfeld.<\/strong> Einige mit M\u00fcll jeder Art gef\u00fcllte S\u00e4cke, sowie etwas weniger Unrat als in den vergangenen Jahren sind das Ergebnis der diesj\u00e4hrigen Osterputzaktion in Dittlofrod und K\u00f6rnbach. Im Rahmen des Osterputzes, zu dem die Schutzgemeinschaft Deutscher Wald e.V., der Landkreis Fulda, die Gemeinden und der Kreisfeuerwehrverband des Landkreises aufgerufen haben, wurde diese Aktion durchgef\u00fchrt. Die Ortsbeir\u00e4te beider Ortsteile, die Feuerwehr und die Jugendfeuerwehr hatten die B\u00fcrger zur aktiven Mithilfe eingeladen.<\/p>\n<p><!--more--><br \/>\nEtwa 30 gro\u00dfe und kleine Helfer trafen sich, um wie schon in den vergangenen Jahren die Stra\u00dfen und Wege der beiden Ortsteile von M\u00fcll sowie achtlos in den Gr\u00e4ben entsorgten Glas und Plastikflaschen zu reinigen. Sogar ein Paket gut verschn\u00fcrter Fu\u00dfbodenbel\u00e4ge wurde im Wald gefunden. Der M\u00fcll wurde insgesamt etwas weniger. Zum Abschluss gab es f\u00fcr die flei\u00dfigen Helfer Dank vom Vorsitzenden Lothar Mihm und nat\u00fcrlich etwas f\u00fcr das leibliche Wohl  im Feuerwehrhaus in Dittlofrod.<\/p>\n<p>F\u00fcr die Kinder, die mit ganz besonderem Eifer dabei waren,  war es ein Erlebnis  der besonderen Art. Zum einen waren sie erfreut \u00fcber das Ergebnis und das Gef\u00fchl, wieder etwas f\u00fcr unsere Umwelt getan zu haben, zum anderen waren auch Staunen und Nachdenken \u00fcber soviel Unvernunft, Nachl\u00e4ssigkeit und Gedankenlosigkeit unserer Mitmenschen mit dabei. Jeder k\u00f6nne und sollte auch beim Entsorgen von M\u00fcll die angebotenen M\u00f6glichkeiten nutzen und den M\u00fcll nicht in unserer Natur entsorgen, und damit mithelfen unsere Umwelt sauber zu halten.<\/p>\n","protected":false},"excerpt":{"rendered":"<div class=\"tmnf_excerpt\"><p>Eiterfeld. Einige mit M\u00fcll jeder Art gef\u00fcllte S\u00e4cke, sowie etwas weniger Unrat als in den vergangenen Jahren sind das Ergebnis der diesj\u00e4hrigen Osterputzaktion in Dittlofrod und K\u00f6rnbach. Im Rahmen des Osterputzes, zu dem die Schutzgemeinschaft Deutscher Wald e.V., der Landkreis Fulda, die Gemeinden und der Kreisfeuerwehrverband des Landkreises aufgerufen haben, wurde diese Aktion durchgef\u00fchrt. Die &hellip;<\/p>\n<\/div>","protected":false},"author":1,"featured_media":0,"comment_status":"closed","ping_status":"closed","sticky":false,"template":"","format":"standard","meta":{"footnotes":""},"categories":[1,71,72,52],"tags":[],"class_list":["post-8473","post","type-post","status-publish","format-standard","hentry","category-startseite","category-feuerwehr","category-jugend","category-umwelt"],"_links":{"self":[{"href":"https:\/\/www.fuldaernachrichten.de\/index.php?rest_route=\/wp\/v2\/posts\/8473","targetHints":{"allow":["GET"]}}],"collection":[{"href":"https:\/\/www.fuldaernachrichten.de\/index.php?rest_route=\/wp\/v2\/posts"}],"about":[{"href":"https:\/\/www.fuldaernachrichten.de\/index.php?rest_route=\/wp\/v2\/types\/post"}],"author":[{"embeddable":true,"href":"https:\/\/www.fuldaernachrichten.de\/index.php?rest_route=\/wp\/v2\/users\/1"}],"replies":[{"embeddable":true,"href":"https:\/\/www.fuldaernachrichten.de\/index.php?rest_route=%2Fwp%2Fv2%2Fcomments&post=8473"}],"version-history":[{"count":0,"href":"https:\/\/www.fuldaernachrichten.de\/index.php?rest_route=\/wp\/v2\/posts\/8473\/revisions"}],"wp:attachment":[{"href":"https:\/\/www.fuldaernachrichten.de\/index.php?rest_route=%2Fwp%2Fv2%2Fmedia&parent=8473"}],"wp:term":[{"taxonomy":"category","embeddable":true,"href":"https:\/\/www.fuldaernachrichten.de\/index.php?rest_route=%2Fwp%2Fv2%2Fcategories&post=8473"},{"taxonomy":"post_tag","embeddable":true,"href":"https:\/\/www.fuldaernachrichten.de\/index.php?rest_route=%2Fwp%2Fv2%2Ftags&post=8473"}],"curies":[{"name":"wp","href":"https:\/\/api.w.org\/{rel}","templated":true}]}}