{"id":84340,"date":"2011-03-31T00:30:17","date_gmt":"2011-03-31T00:30:17","guid":{"rendered":"http:\/\/www.fuldaer-nachrichten.de\/?p=84340"},"modified":"2011-03-31T09:08:35","modified_gmt":"2011-03-31T09:08:35","slug":"weg-frei-fur-grundung-einer-kinderfeuerwehr","status":"publish","type":"post","link":"https:\/\/www.fuldaernachrichten.de\/?p=84340","title":{"rendered":"Weg frei f\u00fcr Gr\u00fcndung einer Kinderfeuerwehr"},"content":{"rendered":"<p><strong><a href=\"http:\/\/www.fuldaer-nachrichten.de\/wp-content\/uploads\/2011\/03\/110331_Flieden.jpg\"><img decoding=\"async\" class=\"alignleft size-thumbnail wp-image-84341\" title=\"110331_Flieden\" src=\"http:\/\/www.fuldaer-nachrichten.de\/wp-content\/uploads\/2011\/03\/110331_Flieden-265x149.jpg\" alt=\"\" width=\"265\" height=\"149\" srcset=\"https:\/\/www.fuldaernachrichten.de\/wp-content\/uploads\/2011\/03\/110331_Flieden-265x149.jpg 265w, https:\/\/www.fuldaernachrichten.de\/wp-content\/uploads\/2011\/03\/110331_Flieden.jpg 592w\" sizes=\"(max-width: 265px) 100vw, 265px\" \/><\/a>Flieden. <\/strong>Von einem erlebnisreichen Jahr berichtete der erste Vorsitzende Andreas Friedrich auf der gut besuchten Generalversammlung der Freiwilligen Feuerwehr Flieden e.V. im Feuerwehrhaus in Flieden. In seinem umfangreichen Jahresbericht ging Friedrich auf die zahlreichen Aktivit\u00e4ten des Vereines im kulturellen Bereich ein. Gleichzeitig lobte der Vorsitzende die vertrauensvolle und konstruktive Zusammenarbeit im Vorstand und Verein sowie den Idealismus und Kameradschaftsgeist in den einzelnen Abteilungen. Die Gesamtmitgliederzahl betrug zum Jahresende 2010 insgesamt 420 Mitglieder. Einen positiven Kassenbericht konnte Kassierer Thorsten Kress der Versammlung mitteilen. Die Kassenpr\u00fcfer \u00c2\u00a0bescheinigten eine ordnungsgem\u00e4\u00dfe und korrekte Kassenf\u00fchrung. Im Anschluss erteilten die anwesenden Mitglieder dem Vorstand die Entlastung.<!--more--><\/p>\n<p>Insgesamt sind 55 Mitglieder in der Einsatzabteilung aktiv, berichtete der Wehrf\u00fchrer Goswin Iller in seinem Bericht. Es galt im vergangenen Jahr 46 Eins\u00e4tze zu bew\u00e4ltigen gegen\u00fcber 30 Eins\u00e4tzen im Vorjahr. Die Eins\u00e4tze teilten sich in 31 technische Hilfeleistungen, 12 Brandeins\u00e4tze und 3 Fehlalarme auf. Besonders die Eins\u00e4tze bei Sturmsch\u00e4den seien im letzten Jahr drastisch angestiegen. Hinzu kamen noch 17 Brandsicherheitsdienste und 3 Sicherungsdienste bei Umz\u00fcgen. Weiterhin wurden in den 3 Einsatzgruppen insgesamt \u00c2\u00a036 Gruppenausbildungen, 6 Zug\u00fcbungen sowie\u00c2\u00a0 6 theoretische Ausbildungen abgehalten. Auf Kreisebene und an der Landesfeuerwehrschule in Kassel absolvierten zahlreiche Kameraden Aus- und Weiterbildungslehrg\u00e4nge. Abschlie\u00dfend dankte Iller den Landes-, Kreis- und Gemeindegremien f\u00fcr die Bereitstellung der finanziellen Mittel f\u00fcr die Beschaffung des neuen Hilfeleistungsl\u00f6schgruppenfahrzeuges HLF 20\/16.<\/p>\n<p>Der Jugendfeuerwehr Flieden geh\u00f6rten zum Jahresende 21 Mitglieder an, so Jugendwart Holger Heil. Die Jugendabteilung absolvierte im zur\u00fcckliegenden Jahr 76 Ausbildungsstunden, die sich in 40 Stunden feuerwehrtechnische Ausbildung und\u00c2\u00a0 36 Stunden allgemeine Jugendarbeit aufteilten. Daneben verbrachte die Jugendgruppe mehrere Tage in Zeltlagern der Gemeindejugendfeuerwehr. Es standen Kino- und Schwimmbadbesuche sowie Kochen, Wandern und Minigolf auf dem Ausbildungsplan. Besonders freute ihn, dass wieder 7 Jugendliche die Leistungsspange der Hessischen Jugendfeuerwehr ablegen konnten.<\/p>\n<p>F\u00fcr den Spielmanns- und Fanfarenzug, der derzeit aus 41 Spielleuten besteht, berichtete Michaela Auth-Larbig ausf\u00fchrlich \u00fcber die Auftritte und St\u00e4ndchen. Ein H\u00f6hepunkt im zur\u00fcckliegenden Jahr war der Auftritt bei den Bergwinkelfestspielen in Steinau a. d. Str., wo der Musikzug mehrere Schauspielakte begleitete. Eugen Junk berichtete von 12 Veranstaltungen der Ehren- und Altersabteilung, die neben Treffen auch regelm\u00e4\u00dfig Wanderungen im K\u00f6nigreich veranstalte. Da die Amtszeit des gesch\u00e4ftsf\u00fchrenden Vorstandes ablief, erfolgten an diesem Abend Neuwahlen. Dieter Larbig stand nicht mehr f\u00fcr das Amt des Schriftf\u00fchrers zur Verf\u00fcgung. Thorsten M\u00fcller wurde von den anwesenden Mitgliedern einstimmig zum neuen Schriftf\u00fchrer des Vereines gew\u00e4hlt. Die weiteren Vorstandsmitglieder wurden in ihren \u00c4mtern best\u00e4tigt.<\/p>\n<p>Wie der Vorsitzende Friedrich weiter ausf\u00fchrte, laufen die Planungen f\u00fcr die Gr\u00fcndung einer Kinderfeuerwehr bei der Feuerwehr Flieden. Im Hinblick darauf waren Satzungs\u00e4nderungen und Erg\u00e4nzungen notwendig, die ausnahmslos von den Mitgliedern beschlossen wurden. Zahlreiche Ehrungen standen an diesem Abend auf dem Programm. F\u00fcr die passive Mitgliedschaft im Feuerwehrverein wurden mit Urkunden und den Ehrennadeln des Kurhessisch Waldeck\u00e2\u20ac\u2122schen Feuerwehrverbandes folgende Personen geehrt: f\u00fcr 25 Jahre Andre Bagus, Simone F\u00f6ller und Josef Jahn, f\u00fcr 40 Jahre Helmut Betz und Helmut Wiegand, f\u00fcr 50 Jahre Friedrich Stupp und Manfred Weinkath Gleichzeitig erhielten sie wie auch Mirko Dresner &#8211; f\u00fcr 25 Jahre &#8211; die jeweilige Vereinsehrung. . F\u00fcr 65j\u00e4hrige Vereinszugeh\u00f6rigkeit wurden weiterhin geehrt: Karl Albinger, Eugen Junk, Karl Leibold, Otto Sch\u00f6ppner und Leo Stupp.<\/p>\n<p>In seinem Gru\u00dfwort w\u00fcrdigte B\u00fcrgermeister Winfried Kress das Engagement der Fliedener Brandsch\u00fctzer gerade im Bereich der \u00d6ffentlichkeitsarbeit mit ihren vielf\u00e4ltigen Aktionen. Der Ortsvorsteher Erhard Auth dankte dem Verein f\u00fcr seinen Beitrag im kulturellen Leben der Gemeinde und dankte den Feuerwehrleuten im Namen der B\u00fcrgerschaft f\u00fcr ihre Einsatzbereitschaft. Gemeindebrandinspektor Uwe Raupach appellierte vor allem an die aktiven Einsatzkr\u00e4fte, sich den stetig wachsenden Anforderungen einer schlagkr\u00e4ftigen Feuerwehr zu stellen. Dar\u00fcber hinaus kommen in K\u00fcrze neue Aufgabenbereiche im Bezug auf die Fertigstellung des Distelrasentunnels und die Sicherstellung des Brandschutzes und der technischen Hilfeleistung \u00c2\u00a0auf die Feuerwehr Flieden zu, denen es gilt sich zu stellen.<\/p>\n<p>Mit einer Vorschau auf die Veranstaltungen im Jahr 2011 und des Gemeindefeuerwehrtages vom 21. bis 22.Mai schloss der Vorsitzende Friedrich die Generalversammlung mit dem Leitspruch der Feuerwehr: \u201eGott zur Ehr\u00e2\u20ac\u2122, dem N\u00e4chsten zur Wehr\u201c.<\/p>\n","protected":false},"excerpt":{"rendered":"<div class=\"tmnf_excerpt\"><p>Flieden. Von einem erlebnisreichen Jahr berichtete der erste Vorsitzende Andreas Friedrich auf der gut besuchten Generalversammlung der Freiwilligen Feuerwehr Flieden e.V. im Feuerwehrhaus in Flieden. In seinem umfangreichen Jahresbericht ging Friedrich auf die zahlreichen Aktivit\u00e4ten des Vereines im kulturellen Bereich ein. Gleichzeitig lobte der Vorsitzende die vertrauensvolle und konstruktive Zusammenarbeit im Vorstand und Verein sowie &hellip;<\/p>\n<\/div>","protected":false},"author":1,"featured_media":0,"comment_status":"closed","ping_status":"closed","sticky":false,"template":"","format":"standard","meta":{"footnotes":""},"categories":[1,71],"tags":[],"class_list":["post-84340","post","type-post","status-publish","format-standard","hentry","category-startseite","category-feuerwehr"],"_links":{"self":[{"href":"https:\/\/www.fuldaernachrichten.de\/index.php?rest_route=\/wp\/v2\/posts\/84340","targetHints":{"allow":["GET"]}}],"collection":[{"href":"https:\/\/www.fuldaernachrichten.de\/index.php?rest_route=\/wp\/v2\/posts"}],"about":[{"href":"https:\/\/www.fuldaernachrichten.de\/index.php?rest_route=\/wp\/v2\/types\/post"}],"author":[{"embeddable":true,"href":"https:\/\/www.fuldaernachrichten.de\/index.php?rest_route=\/wp\/v2\/users\/1"}],"replies":[{"embeddable":true,"href":"https:\/\/www.fuldaernachrichten.de\/index.php?rest_route=%2Fwp%2Fv2%2Fcomments&post=84340"}],"version-history":[{"count":0,"href":"https:\/\/www.fuldaernachrichten.de\/index.php?rest_route=\/wp\/v2\/posts\/84340\/revisions"}],"wp:attachment":[{"href":"https:\/\/www.fuldaernachrichten.de\/index.php?rest_route=%2Fwp%2Fv2%2Fmedia&parent=84340"}],"wp:term":[{"taxonomy":"category","embeddable":true,"href":"https:\/\/www.fuldaernachrichten.de\/index.php?rest_route=%2Fwp%2Fv2%2Fcategories&post=84340"},{"taxonomy":"post_tag","embeddable":true,"href":"https:\/\/www.fuldaernachrichten.de\/index.php?rest_route=%2Fwp%2Fv2%2Ftags&post=84340"}],"curies":[{"name":"wp","href":"https:\/\/api.w.org\/{rel}","templated":true}]}}