{"id":8434,"date":"2008-03-27T01:14:47","date_gmt":"2008-03-27T00:14:47","guid":{"rendered":"http:\/\/www.schoene-nachrichten.de\/?p=8434"},"modified":"2008-03-27T01:16:31","modified_gmt":"2008-03-27T00:16:31","slug":"signum-memoriae-an-dr-guenther-ceppa-verliehen","status":"publish","type":"post","link":"https:\/\/www.fuldaernachrichten.de\/?p=8434","title":{"rendered":"\u201eSignum Memoriae\u201c an Dr. G\u00fcnther Ceppa verliehen"},"content":{"rendered":"<p><strong>Fulda. <\/strong>F\u00fcr seine langj\u00e4hrige Treue und Mitgliedschaft in der Studentenverbindung K\u00d6L Ferdinandea zu Graz bekam der in Fulda lebende Dr. G\u00fcnther Ceppa das \u201eSignum Memoriae\u201c verliehen. Diese Auszeichnung ist von dem Verbindungsmitglied Otto von Habsburg anl\u00e4sslich seines 95. Geburtstages gestiftet worden.<\/p>\n<p><strong>Fotos (21):<\/strong> Max Colin Heydenreich<\/p>\n<p><a href=\"http:\/\/www.schoene-nachrichten.de\/wp-content\/uploads\/2008\/03\/080326_Sitte_19.jpg\" rel=\"lightbox[roadtrip]\" target=\"_blank\" title=\"Foto: Max Colin Heydenreich\"><img decoding=\"async\" src=\"http:\/\/www.schoene-nachrichten.de\/wp-content\/uploads\/2008\/03\/080326_Sitte_19.thumbnail.jpg\" alt=\"080326_Sitte_19.jpg\" width=\"128\" \/><\/a> <a href=\"http:\/\/www.schoene-nachrichten.de\/wp-content\/uploads\/2008\/03\/080326_Sitte_09.jpg\" rel=\"lightbox[roadtrip]\" target=\"_blank\" title=\"Foto: Max Colin Heydenreich\"><img decoding=\"async\" src=\"http:\/\/www.schoene-nachrichten.de\/wp-content\/uploads\/2008\/03\/080326_Sitte_09.thumbnail.jpg\" alt=\"080326_Sitte_09.jpg\" width=\"128\" \/><\/a> <a href=\"http:\/\/www.schoene-nachrichten.de\/wp-content\/uploads\/2008\/03\/080326_Sitte_21.jpg\" rel=\"lightbox[roadtrip]\" target=\"_blank\" title=\"Foto: Max Colin Heydenreich\"><img decoding=\"async\" src=\"http:\/\/www.schoene-nachrichten.de\/wp-content\/uploads\/2008\/03\/080326_Sitte_21.thumbnail.jpg\" alt=\"080326_Sitte_21.jpg\" width=\"128\" \/><\/a><\/p>\n<p><a href=\"http:\/\/www.schoene-nachrichten.de\/wp-content\/uploads\/2008\/03\/080326_Sitte_01.jpg\" rel=\"lightbox[roadtrip]\" target=\"_blank\" title=\"Foto: Max Colin Heydenreich\"><img decoding=\"async\" src=\"http:\/\/www.schoene-nachrichten.de\/wp-content\/uploads\/2008\/03\/080326_Sitte_01.thumbnail.jpg\" alt=\"080326_Sitte_01.jpg\" width=\"128\" \/><\/a> <a href=\"http:\/\/www.schoene-nachrichten.de\/wp-content\/uploads\/2008\/03\/080326_Sitte_02.jpg\" rel=\"lightbox[roadtrip]\" target=\"_blank\" title=\"Foto: Max Colin Heydenreich\"><img decoding=\"async\" src=\"http:\/\/www.schoene-nachrichten.de\/wp-content\/uploads\/2008\/03\/080326_Sitte_02.thumbnail.jpg\" alt=\"080326_Sitte_02.jpg\" width=\"128\" \/><\/a> <a href=\"http:\/\/www.schoene-nachrichten.de\/wp-content\/uploads\/2008\/03\/080326_Sitte_03.jpg\" rel=\"lightbox[roadtrip]\" target=\"_blank\" title=\"Foto: Max Colin Heydenreich\"><img decoding=\"async\" src=\"http:\/\/www.schoene-nachrichten.de\/wp-content\/uploads\/2008\/03\/080326_Sitte_03.thumbnail.jpg\" alt=\"080326_Sitte_03.jpg\" width=\"128\" \/><\/a><\/p>\n<p><!--more--><br \/>\n\u201eSeine kaiserliche und k\u00f6nigliche Hoheit Otto von Habsburg ist das \u00e4lteste noch lebende Verbindungsmitglied\u201c, erkl\u00e4rt der Mediziner, der im April seinen neunzigsten Geburtstag feiern wird und eine freundschaftliche Beziehung zu Otto von Habsburg pflegt.<\/p>\n<p><a href=\"http:\/\/www.schoene-nachrichten.de\/wp-content\/uploads\/2008\/03\/080326_Sitte_04.jpg\" rel=\"lightbox[roadtrip]\" target=\"_blank\" title=\"Foto: Max Colin Heydenreich\"><img decoding=\"async\" src=\"http:\/\/www.schoene-nachrichten.de\/wp-content\/uploads\/2008\/03\/080326_Sitte_04.thumbnail.jpg\" alt=\"080326_Sitte_04.jpg\" width=\"128\" \/><\/a> <a href=\"http:\/\/www.schoene-nachrichten.de\/wp-content\/uploads\/2008\/03\/080326_Sitte_05.jpg\" rel=\"lightbox[roadtrip]\" target=\"_blank\" title=\"Foto: Max Colin Heydenreich\"><img decoding=\"async\" src=\"http:\/\/www.schoene-nachrichten.de\/wp-content\/uploads\/2008\/03\/080326_Sitte_05.thumbnail.jpg\" alt=\"080326_Sitte_05.jpg\" width=\"128\" \/><\/a> <a href=\"http:\/\/www.schoene-nachrichten.de\/wp-content\/uploads\/2008\/03\/080326_Sitte_06.jpg\" rel=\"lightbox[roadtrip]\" target=\"_blank\" title=\"Foto: Max Colin Heydenreich\"><img decoding=\"async\" src=\"http:\/\/www.schoene-nachrichten.de\/wp-content\/uploads\/2008\/03\/080326_Sitte_06.thumbnail.jpg\" alt=\"080326_Sitte_06.jpg\" width=\"128\" \/><\/a><\/p>\n<p><a href=\"http:\/\/www.schoene-nachrichten.de\/wp-content\/uploads\/2008\/03\/080326_Sitte_13.jpg\" rel=\"lightbox[roadtrip]\" target=\"_blank\" title=\"Foto: Max Colin Heydenreich\"><img decoding=\"async\" src=\"http:\/\/www.schoene-nachrichten.de\/wp-content\/uploads\/2008\/03\/080326_Sitte_13.thumbnail.jpg\" alt=\"080326_Sitte_13.jpg\" width=\"128\" \/><\/a> <a href=\"http:\/\/www.schoene-nachrichten.de\/wp-content\/uploads\/2008\/03\/080326_Sitte_14.jpg\" rel=\"lightbox[roadtrip]\" target=\"_blank\" title=\"Foto: Max Colin Heydenreich\"><img decoding=\"async\" src=\"http:\/\/www.schoene-nachrichten.de\/wp-content\/uploads\/2008\/03\/080326_Sitte_14.thumbnail.jpg\" alt=\"080326_Sitte_14.jpg\" width=\"128\" \/><\/a> <a href=\"http:\/\/www.schoene-nachrichten.de\/wp-content\/uploads\/2008\/03\/080326_Sitte_15.jpg\" rel=\"lightbox[roadtrip]\" target=\"_blank\" title=\"Foto: Max Colin Heydenreich\"><img decoding=\"async\" src=\"http:\/\/www.schoene-nachrichten.de\/wp-content\/uploads\/2008\/03\/080326_Sitte_15.thumbnail.jpg\" alt=\"080326_Sitte_15.jpg\" width=\"128\" \/><\/a><\/p>\n<p>Ceppa, der innerhalb der Verbindung \u201eBundesbruder Aufschub\u201c genannt wird, ist das zweit\u00e4lteste Mitglied und kann auf stolze 100 Semester Mitgliedschaft in der K\u00d6L Ferdinandea zu Graz zur\u00fcckblicken. \u201eBundesbruder Aufschub werde ich seit meinen Anf\u00e4ngen in der Verbindung genannt, weil ich damals die Frage nach meinem Namen mit der Bitte um Bedenkzeit beantwortet habe\u201c, erinnert sich Dr. G\u00fcnther Ceppa schmunzelnd.<\/p>\n<p><a href=\"http:\/\/www.schoene-nachrichten.de\/wp-content\/uploads\/2008\/03\/080326_Sitte_17.jpg\" rel=\"lightbox[roadtrip]\" target=\"_blank\" title=\"Foto: Max Colin Heydenreich\"><img decoding=\"async\" src=\"http:\/\/www.schoene-nachrichten.de\/wp-content\/uploads\/2008\/03\/080326_Sitte_17.thumbnail.jpg\" alt=\"080326_Sitte_17.jpg\" width=\"128\" \/><\/a> <a href=\"http:\/\/www.schoene-nachrichten.de\/wp-content\/uploads\/2008\/03\/080326_Sitte_20.jpg\" rel=\"lightbox[roadtrip]\" target=\"_blank\" title=\"Foto: Max Colin Heydenreich\"><img decoding=\"async\" src=\"http:\/\/www.schoene-nachrichten.de\/wp-content\/uploads\/2008\/03\/080326_Sitte_20.thumbnail.jpg\" alt=\"080326_Sitte_20.jpg\" width=\"128\" \/><\/a> <a href=\"http:\/\/www.schoene-nachrichten.de\/wp-content\/uploads\/2008\/03\/080326_Sitte_18.jpg\" rel=\"lightbox[roadtrip]\" target=\"_blank\" title=\"Foto: Max Colin Heydenreich\"><img decoding=\"async\" src=\"http:\/\/www.schoene-nachrichten.de\/wp-content\/uploads\/2008\/03\/080326_Sitte_18.thumbnail.jpg\" alt=\"080326_Sitte_18.jpg\" width=\"128\" \/><\/a><\/p>\n<p><a href=\"http:\/\/www.schoene-nachrichten.de\/wp-content\/uploads\/2008\/03\/080326_Sitte_10.jpg\" rel=\"lightbox[roadtrip]\" target=\"_blank\" title=\"Foto: Max Colin Heydenreich\"><img decoding=\"async\" src=\"http:\/\/www.schoene-nachrichten.de\/wp-content\/uploads\/2008\/03\/080326_Sitte_10.thumbnail.jpg\" alt=\"080326_Sitte_10.jpg\" width=\"128\" \/><\/a> <a href=\"http:\/\/www.schoene-nachrichten.de\/wp-content\/uploads\/2008\/03\/080326_Sitte_11.jpg\" rel=\"lightbox[roadtrip]\" target=\"_blank\" title=\"Foto: Max Colin Heydenreich\"><img decoding=\"async\" src=\"http:\/\/www.schoene-nachrichten.de\/wp-content\/uploads\/2008\/03\/080326_Sitte_11.thumbnail.jpg\" alt=\"080326_Sitte_11.jpg\" width=\"128\" \/><\/a> <a href=\"http:\/\/www.schoene-nachrichten.de\/wp-content\/uploads\/2008\/03\/080326_Sitte_12.jpg\" rel=\"lightbox[roadtrip]\" target=\"_blank\" title=\"Foto: Max Colin Heydenreich\"><img decoding=\"async\" src=\"http:\/\/www.schoene-nachrichten.de\/wp-content\/uploads\/2008\/03\/080326_Sitte_12.thumbnail.jpg\" alt=\"080326_Sitte_12.jpg\" width=\"128\" \/><\/a><\/p>\n<p>Der Mediziner begann 1941 in Graz sein Studium, welches er zwischenzeitlich wegen des Krieges und vierj\u00e4hriger russischer Kriegsgefangenschaft unterbrechen musste. \u201eIm Jahr 1948 konnte ich mein Studium endlich wieder aufnehmen.\u201c Drei Jahre sp\u00e4ter erhielt Ceppa den Doktortitel und arbeitete anschlie\u00dfend in den Unikliniken in Graz und Innsbruck und sp\u00e4ter im Rotkreuzkrankenhaus Kassel.<\/p>\n<p><a href=\"http:\/\/www.schoene-nachrichten.de\/wp-content\/uploads\/2008\/03\/080326_Sitte_07.jpg\" rel=\"lightbox[roadtrip]\" target=\"_blank\" title=\"Foto: Max Colin Heydenreich\"><img decoding=\"async\" src=\"http:\/\/www.schoene-nachrichten.de\/wp-content\/uploads\/2008\/03\/080326_Sitte_07.thumbnail.jpg\" alt=\"080326_Sitte_07.jpg\" width=\"128\" \/><\/a> <a href=\"http:\/\/www.schoene-nachrichten.de\/wp-content\/uploads\/2008\/03\/080326_Sitte_08.jpg\" rel=\"lightbox[roadtrip]\" target=\"_blank\" title=\"Foto: Max Colin Heydenreich\"><img decoding=\"async\" src=\"http:\/\/www.schoene-nachrichten.de\/wp-content\/uploads\/2008\/03\/080326_Sitte_08.thumbnail.jpg\" alt=\"080326_Sitte_08.jpg\" width=\"128\" \/><\/a> <a href=\"http:\/\/www.schoene-nachrichten.de\/wp-content\/uploads\/2008\/03\/080326_Sitte_16.jpg\" rel=\"lightbox[roadtrip]\" target=\"_blank\" title=\"Foto: Max Colin Heydenreich\"><img decoding=\"async\" src=\"http:\/\/www.schoene-nachrichten.de\/wp-content\/uploads\/2008\/03\/080326_Sitte_16.thumbnail.jpg\" alt=\"080326_Sitte_16.jpg\" width=\"128\" \/><\/a><\/p>\n<p>1958 trat der Chirurg eine Stelle im St\u00e4dtischen Klinikum in Fulda an, die er bis 1971 innehatte. Im Alter von 53 Jahren wagte er den Sprung in die Selbstst\u00e4ndigkeit und war, nachdem er die Pr\u00fcfung zum Facharzt abgelegt hatte, als Hals-Nasen-Ohren-Arzt in der Fuldaer Bahnhofsstrasse ans\u00e4ssig. (Angela Kredig)<\/p>\n","protected":false},"excerpt":{"rendered":"<div class=\"tmnf_excerpt\"><p>Fulda. F\u00fcr seine langj\u00e4hrige Treue und Mitgliedschaft in der Studentenverbindung K\u00d6L Ferdinandea zu Graz bekam der in Fulda lebende Dr. G\u00fcnther Ceppa das \u201eSignum Memoriae\u201c verliehen. Diese Auszeichnung ist von dem Verbindungsmitglied Otto von Habsburg anl\u00e4sslich seines 95. Geburtstages gestiftet worden. Fotos (21): Max Colin Heydenreich<\/p>\n<\/div>","protected":false},"author":1,"featured_media":0,"comment_status":"closed","ping_status":"closed","sticky":false,"template":"","format":"standard","meta":{"footnotes":""},"categories":[1,54,51],"tags":[],"class_list":["post-8434","post","type-post","status-publish","format-standard","hentry","category-startseite","category-bildergalerien","category-medizin"],"_links":{"self":[{"href":"https:\/\/www.fuldaernachrichten.de\/index.php?rest_route=\/wp\/v2\/posts\/8434","targetHints":{"allow":["GET"]}}],"collection":[{"href":"https:\/\/www.fuldaernachrichten.de\/index.php?rest_route=\/wp\/v2\/posts"}],"about":[{"href":"https:\/\/www.fuldaernachrichten.de\/index.php?rest_route=\/wp\/v2\/types\/post"}],"author":[{"embeddable":true,"href":"https:\/\/www.fuldaernachrichten.de\/index.php?rest_route=\/wp\/v2\/users\/1"}],"replies":[{"embeddable":true,"href":"https:\/\/www.fuldaernachrichten.de\/index.php?rest_route=%2Fwp%2Fv2%2Fcomments&post=8434"}],"version-history":[{"count":0,"href":"https:\/\/www.fuldaernachrichten.de\/index.php?rest_route=\/wp\/v2\/posts\/8434\/revisions"}],"wp:attachment":[{"href":"https:\/\/www.fuldaernachrichten.de\/index.php?rest_route=%2Fwp%2Fv2%2Fmedia&parent=8434"}],"wp:term":[{"taxonomy":"category","embeddable":true,"href":"https:\/\/www.fuldaernachrichten.de\/index.php?rest_route=%2Fwp%2Fv2%2Fcategories&post=8434"},{"taxonomy":"post_tag","embeddable":true,"href":"https:\/\/www.fuldaernachrichten.de\/index.php?rest_route=%2Fwp%2Fv2%2Ftags&post=8434"}],"curies":[{"name":"wp","href":"https:\/\/api.w.org\/{rel}","templated":true}]}}