{"id":84338,"date":"2011-04-01T00:12:04","date_gmt":"2011-04-01T00:12:04","guid":{"rendered":"http:\/\/www.fuldaer-nachrichten.de\/?p=84338"},"modified":"2011-04-02T08:05:48","modified_gmt":"2011-04-02T08:05:48","slug":"das-neue-lieblings-3x-groser-schoner-hipper-ab-morgen-in-neuen-raumlichkeiten","status":"publish","type":"post","link":"https:\/\/www.fuldaernachrichten.de\/?p=84338","title":{"rendered":"Das neue Lieblings&#8230; 3x gr\u00f6\u00dfer, sch\u00f6ner, hipper &#8211; ab heute in neuen R\u00e4umlichkeiten"},"content":{"rendered":"<p><a href=\"http:\/\/www.fuldaer-nachrichten.de\/wp-content\/uploads\/2011\/04\/LBL-Invite.jpg\"><img decoding=\"async\" class=\"alignnone size-thumbnail wp-image-84455\" title=\"LBL-Invite\" src=\"http:\/\/www.fuldaer-nachrichten.de\/wp-content\/uploads\/2011\/04\/LBL-Invite.jpg\" alt=\"\" width=\"560\" srcset=\"https:\/\/www.fuldaernachrichten.de\/wp-content\/uploads\/2011\/04\/LBL-Invite.jpg 592w, https:\/\/www.fuldaernachrichten.de\/wp-content\/uploads\/2011\/04\/LBL-Invite-265x153.jpg 265w\" sizes=\"(max-width: 592px) 100vw, 592px\" \/><\/a><\/p>\n<p><strong>Fulda. <\/strong>Das Lieblings\u00e2\u20ac\u00a6, der beliebte Lifestyle-Store ist bereits seit \u00fcber 5 Jahren in Fulda. Kurz vor dem 6-j\u00e4hrigen Firmenjubil\u00e4um bezieht das Lieblings\u00e2\u20ac\u00a6 in der Friedrichstr. 14 &#8211; 16 &#8211; dem ehemaligen Modehaus B\u00fcttner &#8211; neue R\u00e4umlichkeiten. Auf stark vergr\u00f6\u00dferter Fl\u00e4che bietet es ab dem heutigen Samstag, 2. April, noch mehr Mode ausgesuchter Marken, Kosmetik &amp; Parfums, Schmuck &amp; Uhren, B\u00fccher &amp; Musik, Schuhe &amp; Taschen sowie Accessoires &amp; Dekoratives an. Das Lieblings\u00e2\u20ac\u00a6 Blumenatelier wurde vergr\u00f6\u00dfert und bietet geschmackvolle Floristik und Blumen f\u00fcr jeden Anla\u00df &#8211; von der Hochzeit bis zum Trauerfall. Praktisch ist auch der separate Eingang zum Blumenatelier in der Nonnengasse. Mit seinem privaten Kurzhalteparkplatz in der Nonnengasse macht Lieblings\u00e2\u20ac\u00a6 die Abholung von Blumen und Gestecken zu einer bequemen Sache. Neben einer reichhaltigen Auswahl von Blumen findet sich auch ein gro\u00dfes Angebot an Vasen, Raumd\u00fcften &amp; Dekorativem.<\/p>\n<p><strong>Fotos (33):<\/strong> Marzena Traber<!--more--><\/p>\n<p>Ein weiteres Highlight stellt der Lieblings\u00e2\u20ac\u00a6 Friseursalon dar, gef\u00fchrt von Star-Coiffeur Markus Ullrich. Der perfekte Hairstyle f\u00fcr Sie und Ihn ist garantiert. Ebenfalls erheblich erweitert wurde der Bereich der Kosmetikbehandlungen. In nunmehr drei Kosmetikkabinen k\u00f6nnen Sie\/Er nun professionelle Treatments genie\u00dfen. Weiterhin bietet Lieblings ein umfangreiches Angebot an Kosmetik- und Parfummarken. Last but not least hat Lieblings\u00e2\u20ac\u00a6 seine Caf\u00e9bar um einen Loungebereich im Innen- und gro\u00dfen Au\u00dfenbereich vor dem Gesch\u00e4ft erweitert, wo man vom Caf\u00e9 bis zum Champagner, pikanten und s\u00fc\u00dfen Snacks entspannte Momente genie\u00dfen kann. Als perfekte Erg\u00e4nzung bietet hierf\u00fcr der Lieblings\u00e2\u20ac\u00a6 Papeteriebereich liebevoll ausgew\u00e4hlte Musik und B\u00fccher.<\/p>\n<p><a title=\"Foto: Marzena Traber\" rel=\"lightbox[roadtrip]\" href=\"http:\/\/www.fuldaer-nachrichten.de\/wp-content\/uploads\/2011\/04\/110401_Liblings_001.jpg\" target=\"_blank\"><img decoding=\"async\" src=\"http:\/\/www.fuldaer-nachrichten.de\/wp-content\/uploads\/2011\/04\/110401_Liblings_001.thumbnail.jpg\" alt=\"110401_Liblings_001.jpg\" width=\"265\" \/><\/a> <a title=\"Foto: Marzena Traber\" rel=\"lightbox[roadtrip]\" href=\"http:\/\/www.fuldaer-nachrichten.de\/wp-content\/uploads\/2011\/04\/110401_Liblings_004.jpg\" target=\"_blank\"><img fetchpriority=\"high\" decoding=\"async\" src=\"http:\/\/www.fuldaer-nachrichten.de\/wp-content\/uploads\/2011\/04\/110401_Liblings_004.thumbnail.jpg\" alt=\"110401_Liblings_004.jpg\" width=\"265\" height=\"414\" \/><\/a><\/p>\n<p><a title=\"Foto: Marzena Traber\" rel=\"lightbox[roadtrip]\" href=\"http:\/\/www.fuldaer-nachrichten.de\/wp-content\/uploads\/2011\/04\/110401_Liblings_004.jpg\" target=\"_blank\"><\/a> <a title=\"Foto: Marzena Traber\" rel=\"lightbox[roadtrip]\" href=\"http:\/\/www.fuldaer-nachrichten.de\/wp-content\/uploads\/2011\/04\/110401_Liblings_002.jpg\" target=\"_blank\"><img decoding=\"async\" src=\"http:\/\/www.fuldaer-nachrichten.de\/wp-content\/uploads\/2011\/04\/110401_Liblings_002.thumbnail.jpg\" alt=\"110401_Liblings_002.jpg\" width=\"265\" \/><\/a> <a title=\"Foto: Marzena Traber\" rel=\"lightbox[roadtrip]\" href=\"http:\/\/www.fuldaer-nachrichten.de\/wp-content\/uploads\/2011\/04\/110401_Liblings_003.jpg\" target=\"_blank\"><img decoding=\"async\" src=\"http:\/\/www.fuldaer-nachrichten.de\/wp-content\/uploads\/2011\/04\/110401_Liblings_003.thumbnail.jpg\" alt=\"110401_Liblings_003.jpg\" width=\"265\" \/><\/a><\/p>\n<p><a title=\"Foto: Marzena Traber\" rel=\"lightbox[roadtrip]\" href=\"http:\/\/www.fuldaer-nachrichten.de\/wp-content\/uploads\/2011\/04\/110401_Liblings_005.jpg\" target=\"_blank\"><img decoding=\"async\" src=\"http:\/\/www.fuldaer-nachrichten.de\/wp-content\/uploads\/2011\/04\/110401_Liblings_005.thumbnail.jpg\" alt=\"110401_Liblings_005.jpg\" width=\"265\" \/><\/a> <a title=\"Foto: Marzena Traber\" rel=\"lightbox[roadtrip]\" href=\"http:\/\/www.fuldaer-nachrichten.de\/wp-content\/uploads\/2011\/04\/110401_Liblings_006.jpg\" target=\"_blank\"><img decoding=\"async\" src=\"http:\/\/www.fuldaer-nachrichten.de\/wp-content\/uploads\/2011\/04\/110401_Liblings_006.thumbnail.jpg\" alt=\"110401_Liblings_006.jpg\" width=\"265\" \/><\/a><\/p>\n<p><a title=\"Foto: Marzena Traber\" rel=\"lightbox[roadtrip]\" href=\"http:\/\/www.fuldaer-nachrichten.de\/wp-content\/uploads\/2011\/04\/110401_Liblings_008.jpg\" target=\"_blank\"><img decoding=\"async\" src=\"http:\/\/www.fuldaer-nachrichten.de\/wp-content\/uploads\/2011\/04\/110401_Liblings_008.thumbnail.jpg\" alt=\"110401_Liblings_008.jpg\" width=\"265\" \/><\/a> <a title=\"Foto: Marzena Traber\" rel=\"lightbox[roadtrip]\" href=\"http:\/\/www.fuldaer-nachrichten.de\/wp-content\/uploads\/2011\/04\/110401_Liblings_010.jpg\" target=\"_blank\"><img decoding=\"async\" src=\"http:\/\/www.fuldaer-nachrichten.de\/wp-content\/uploads\/2011\/04\/110401_Liblings_010.thumbnail.jpg\" alt=\"110401_Liblings_010.jpg\" width=\"265\" \/><\/a><\/p>\n<p><a title=\"Foto: Marzena Traber\" rel=\"lightbox[roadtrip]\" href=\"http:\/\/www.fuldaer-nachrichten.de\/wp-content\/uploads\/2011\/04\/110401_Liblings_009.jpg\" target=\"_blank\"><img decoding=\"async\" src=\"http:\/\/www.fuldaer-nachrichten.de\/wp-content\/uploads\/2011\/04\/110401_Liblings_009.thumbnail.jpg\" alt=\"110401_Liblings_009.jpg\" width=\"265\" \/> <\/a><a title=\"Foto: Marzena Traber\" rel=\"lightbox[roadtrip]\" href=\"http:\/\/www.fuldaer-nachrichten.de\/wp-content\/uploads\/2011\/04\/110401_Liblings_007.jpg\" target=\"_blank\"><img decoding=\"async\" src=\"http:\/\/www.fuldaer-nachrichten.de\/wp-content\/uploads\/2011\/04\/110401_Liblings_007.thumbnail.jpg\" alt=\"110401_Liblings_007.jpg\" width=\"265\" \/><\/a><\/p>\n<p><a title=\"Foto: Marzena Traber\" rel=\"lightbox[roadtrip]\" href=\"http:\/\/www.fuldaer-nachrichten.de\/wp-content\/uploads\/2011\/04\/110401_Liblings_011.jpg\" target=\"_blank\"><img decoding=\"async\" src=\"http:\/\/www.fuldaer-nachrichten.de\/wp-content\/uploads\/2011\/04\/110401_Liblings_011.thumbnail.jpg\" alt=\"110401_Liblings_011.jpg\" width=\"265\" \/><\/a> <a title=\"Foto: Marzena Traber\" rel=\"lightbox[roadtrip]\" href=\"http:\/\/www.fuldaer-nachrichten.de\/wp-content\/uploads\/2011\/04\/110401_Liblings_016.jpg\" target=\"_blank\"><img decoding=\"async\" src=\"http:\/\/www.fuldaer-nachrichten.de\/wp-content\/uploads\/2011\/04\/110401_Liblings_016.thumbnail.jpg\" alt=\"110401_Liblings_016.jpg\" width=\"265\" \/><\/a><\/p>\n<p><a title=\"Foto: Marzena Traber\" rel=\"lightbox[roadtrip]\" href=\"http:\/\/www.fuldaer-nachrichten.de\/wp-content\/uploads\/2011\/04\/110401_Liblings_012.jpg\" target=\"_blank\"><img decoding=\"async\" src=\"http:\/\/www.fuldaer-nachrichten.de\/wp-content\/uploads\/2011\/04\/110401_Liblings_012.thumbnail.jpg\" alt=\"110401_Liblings_012.jpg\" width=\"265\" \/><\/a> <a title=\"Foto: Marzena Traber\" rel=\"lightbox[roadtrip]\" href=\"http:\/\/www.fuldaer-nachrichten.de\/wp-content\/uploads\/2011\/04\/110401_Liblings_015.jpg\" target=\"_blank\"><img decoding=\"async\" src=\"http:\/\/www.fuldaer-nachrichten.de\/wp-content\/uploads\/2011\/04\/110401_Liblings_015.thumbnail.jpg\" alt=\"110401_Liblings_015.jpg\" width=\"265\" \/><\/a><\/p>\n<p><a title=\"Foto: Marzena Traber\" rel=\"lightbox[roadtrip]\" href=\"http:\/\/www.fuldaer-nachrichten.de\/wp-content\/uploads\/2011\/04\/110401_Liblings_013.jpg\" target=\"_blank\"><img decoding=\"async\" src=\"http:\/\/www.fuldaer-nachrichten.de\/wp-content\/uploads\/2011\/04\/110401_Liblings_013.thumbnail.jpg\" alt=\"110401_Liblings_013.jpg\" width=\"265\" \/><\/a> <a title=\"Foto: Marzena Traber\" rel=\"lightbox[roadtrip]\" href=\"http:\/\/www.fuldaer-nachrichten.de\/wp-content\/uploads\/2011\/04\/110401_Liblings_028.jpg\" target=\"_blank\"><img decoding=\"async\" src=\"http:\/\/www.fuldaer-nachrichten.de\/wp-content\/uploads\/2011\/04\/110401_Liblings_028.thumbnail.jpg\" alt=\"110401_Liblings_028.jpg\" width=\"265\" \/><\/a><\/p>\n<p><a title=\"Foto: Marzena Traber\" rel=\"lightbox[roadtrip]\" href=\"http:\/\/www.fuldaer-nachrichten.de\/wp-content\/uploads\/2011\/04\/110401_Liblings_017.jpg\" target=\"_blank\"><img decoding=\"async\" src=\"http:\/\/www.fuldaer-nachrichten.de\/wp-content\/uploads\/2011\/04\/110401_Liblings_017.thumbnail.jpg\" alt=\"110401_Liblings_017.jpg\" width=\"265\" \/><\/a> <a title=\"Foto: Marzena Traber\" rel=\"lightbox[roadtrip]\" href=\"http:\/\/www.fuldaer-nachrichten.de\/wp-content\/uploads\/2011\/04\/110401_Liblings_018.jpg\" target=\"_blank\"><img decoding=\"async\" src=\"http:\/\/www.fuldaer-nachrichten.de\/wp-content\/uploads\/2011\/04\/110401_Liblings_018.thumbnail.jpg\" alt=\"110401_Liblings_018.jpg\" width=\"265\" \/><\/a><\/p>\n<p><a title=\"Foto: Marzena Traber\" rel=\"lightbox[roadtrip]\" href=\"http:\/\/www.fuldaer-nachrichten.de\/wp-content\/uploads\/2011\/04\/110401_Liblings_019.jpg\" target=\"_blank\"><img decoding=\"async\" src=\"http:\/\/www.fuldaer-nachrichten.de\/wp-content\/uploads\/2011\/04\/110401_Liblings_019.thumbnail.jpg\" alt=\"110401_Liblings_019.jpg\" width=\"265\" \/><\/a> <a title=\"Foto: Marzena Traber\" rel=\"lightbox[roadtrip]\" href=\"http:\/\/www.fuldaer-nachrichten.de\/wp-content\/uploads\/2011\/04\/110401_Liblings_020.jpg\" target=\"_blank\"><img decoding=\"async\" src=\"http:\/\/www.fuldaer-nachrichten.de\/wp-content\/uploads\/2011\/04\/110401_Liblings_020.thumbnail.jpg\" alt=\"110401_Liblings_020.jpg\" width=\"265\" \/><\/a><\/p>\n<p><a title=\"Foto: Marzena Traber\" rel=\"lightbox[roadtrip]\" href=\"http:\/\/www.fuldaer-nachrichten.de\/wp-content\/uploads\/2011\/04\/110401_Liblings_021.jpg\" target=\"_blank\"><img decoding=\"async\" src=\"http:\/\/www.fuldaer-nachrichten.de\/wp-content\/uploads\/2011\/04\/110401_Liblings_021.thumbnail.jpg\" alt=\"110401_Liblings_021.jpg\" width=\"265\" \/><\/a> <a title=\"Foto: Marzena Traber\" rel=\"lightbox[roadtrip]\" href=\"http:\/\/www.fuldaer-nachrichten.de\/wp-content\/uploads\/2011\/04\/110401_Liblings_022.jpg\" target=\"_blank\"><img decoding=\"async\" src=\"http:\/\/www.fuldaer-nachrichten.de\/wp-content\/uploads\/2011\/04\/110401_Liblings_022.thumbnail.jpg\" alt=\"110401_Liblings_022.jpg\" width=\"265\" \/><\/a><\/p>\n<p><a title=\"Foto: Marzena Traber\" rel=\"lightbox[roadtrip]\" href=\"http:\/\/www.fuldaer-nachrichten.de\/wp-content\/uploads\/2011\/04\/110401_Liblings_023.jpg\" target=\"_blank\"><img decoding=\"async\" src=\"http:\/\/www.fuldaer-nachrichten.de\/wp-content\/uploads\/2011\/04\/110401_Liblings_023.thumbnail.jpg\" alt=\"110401_Liblings_023.jpg\" width=\"265\" \/><\/a> <a title=\"Foto: Marzena Traber\" rel=\"lightbox[roadtrip]\" href=\"http:\/\/www.fuldaer-nachrichten.de\/wp-content\/uploads\/2011\/04\/110401_Liblings_024.jpg\" target=\"_blank\"><img decoding=\"async\" src=\"http:\/\/www.fuldaer-nachrichten.de\/wp-content\/uploads\/2011\/04\/110401_Liblings_024.thumbnail.jpg\" alt=\"110401_Liblings_024.jpg\" width=\"265\" \/><\/a><\/p>\n<p><a title=\"Foto: Marzena Traber\" rel=\"lightbox[roadtrip]\" href=\"http:\/\/www.fuldaer-nachrichten.de\/wp-content\/uploads\/2011\/04\/110401_Liblings_025.jpg\" target=\"_blank\"><img decoding=\"async\" src=\"http:\/\/www.fuldaer-nachrichten.de\/wp-content\/uploads\/2011\/04\/110401_Liblings_025.thumbnail.jpg\" alt=\"110401_Liblings_025.jpg\" width=\"265\" \/><\/a> <a title=\"Foto: Marzena Traber\" rel=\"lightbox[roadtrip]\" href=\"http:\/\/www.fuldaer-nachrichten.de\/wp-content\/uploads\/2011\/04\/110401_Liblings_026.jpg\" target=\"_blank\"><img decoding=\"async\" src=\"http:\/\/www.fuldaer-nachrichten.de\/wp-content\/uploads\/2011\/04\/110401_Liblings_026.thumbnail.jpg\" alt=\"110401_Liblings_026.jpg\" width=\"265\" \/><\/a><\/p>\n<p><a title=\"Foto: Marzena Traber\" rel=\"lightbox[roadtrip]\" href=\"http:\/\/www.fuldaer-nachrichten.de\/wp-content\/uploads\/2011\/04\/110401_Liblings_027.jpg\" target=\"_blank\"><img decoding=\"async\" src=\"http:\/\/www.fuldaer-nachrichten.de\/wp-content\/uploads\/2011\/04\/110401_Liblings_027.thumbnail.jpg\" alt=\"110401_Liblings_027.jpg\" width=\"265\" \/><\/a><\/p>\n<p><a title=\"Foto: Marzena Traber\" rel=\"lightbox[roadtrip]\" href=\"http:\/\/www.fuldaer-nachrichten.de\/wp-content\/uploads\/2011\/04\/110401_Liblings_029.jpg\" target=\"_blank\"><img decoding=\"async\" src=\"http:\/\/www.fuldaer-nachrichten.de\/wp-content\/uploads\/2011\/04\/110401_Liblings_029.thumbnail.jpg\" alt=\"110401_Liblings_029.jpg\" width=\"265\" \/><\/a> <a title=\"Foto: Marzena Traber\" rel=\"lightbox[roadtrip]\" href=\"http:\/\/www.fuldaer-nachrichten.de\/wp-content\/uploads\/2011\/04\/110401_Liblings_030.jpg\" target=\"_blank\"><img decoding=\"async\" src=\"http:\/\/www.fuldaer-nachrichten.de\/wp-content\/uploads\/2011\/04\/110401_Liblings_030.thumbnail.jpg\" alt=\"110401_Liblings_030.jpg\" width=\"265\" \/><\/a><\/p>\n<p><a title=\"Foto: Marzena Traber\" rel=\"lightbox[roadtrip]\" href=\"http:\/\/www.fuldaer-nachrichten.de\/wp-content\/uploads\/2011\/04\/110401_Liblings_031.jpg\" target=\"_blank\"><img decoding=\"async\" src=\"http:\/\/www.fuldaer-nachrichten.de\/wp-content\/uploads\/2011\/04\/110401_Liblings_031.thumbnail.jpg\" alt=\"110401_Liblings_031.jpg\" width=\"265\" \/><\/a> <a title=\"Foto: Marzena Traber\" rel=\"lightbox[roadtrip]\" href=\"http:\/\/www.fuldaer-nachrichten.de\/wp-content\/uploads\/2011\/04\/110401_Liblings_032.jpg\" target=\"_blank\"><img decoding=\"async\" src=\"http:\/\/www.fuldaer-nachrichten.de\/wp-content\/uploads\/2011\/04\/110401_Liblings_032.thumbnail.jpg\" alt=\"110401_Liblings_032.jpg\" width=\"265\" \/><\/a><\/p>\n<p><a title=\"Foto: Marzena Traber\" rel=\"lightbox[roadtrip]\" href=\"http:\/\/www.fuldaer-nachrichten.de\/wp-content\/uploads\/2011\/04\/110401_Liblings_033.jpg\" target=\"_blank\"><img decoding=\"async\" src=\"http:\/\/www.fuldaer-nachrichten.de\/wp-content\/uploads\/2011\/04\/110401_Liblings_033.thumbnail.jpg\" alt=\"110401_Liblings_033.jpg\" width=\"265\" \/><\/a> <a title=\"Foto: Marzena Traber\" rel=\"lightbox[roadtrip]\" href=\"http:\/\/www.fuldaer-nachrichten.de\/wp-content\/uploads\/2011\/04\/110401_Liblings_034.jpg\" target=\"_blank\"><img decoding=\"async\" src=\"http:\/\/www.fuldaer-nachrichten.de\/wp-content\/uploads\/2011\/04\/110401_Liblings_034.thumbnail.jpg\" alt=\"110401_Liblings_034.jpg\" width=\"265\" \/><\/a><\/p>\n","protected":false},"excerpt":{"rendered":"<div class=\"tmnf_excerpt\"><p>Fulda. Das Lieblings\u00e2\u20ac\u00a6, der beliebte Lifestyle-Store ist bereits seit \u00fcber 5 Jahren in Fulda. Kurz vor dem 6-j\u00e4hrigen Firmenjubil\u00e4um bezieht das Lieblings\u00e2\u20ac\u00a6 in der Friedrichstr. 14 &#8211; 16 &#8211; dem ehemaligen Modehaus B\u00fcttner &#8211; neue R\u00e4umlichkeiten. Auf stark vergr\u00f6\u00dferter Fl\u00e4che bietet es ab dem heutigen Samstag, 2. April, noch mehr Mode ausgesuchter Marken, Kosmetik &amp; &hellip;<\/p>\n<\/div>","protected":false},"author":1,"featured_media":0,"comment_status":"closed","ping_status":"closed","sticky":false,"template":"","format":"standard","meta":{"footnotes":""},"categories":[1,54,78],"tags":[],"class_list":["post-84338","post","type-post","status-publish","format-standard","hentry","category-startseite","category-bildergalerien","category-topthema"],"_links":{"self":[{"href":"https:\/\/www.fuldaernachrichten.de\/index.php?rest_route=\/wp\/v2\/posts\/84338","targetHints":{"allow":["GET"]}}],"collection":[{"href":"https:\/\/www.fuldaernachrichten.de\/index.php?rest_route=\/wp\/v2\/posts"}],"about":[{"href":"https:\/\/www.fuldaernachrichten.de\/index.php?rest_route=\/wp\/v2\/types\/post"}],"author":[{"embeddable":true,"href":"https:\/\/www.fuldaernachrichten.de\/index.php?rest_route=\/wp\/v2\/users\/1"}],"replies":[{"embeddable":true,"href":"https:\/\/www.fuldaernachrichten.de\/index.php?rest_route=%2Fwp%2Fv2%2Fcomments&post=84338"}],"version-history":[{"count":1,"href":"https:\/\/www.fuldaernachrichten.de\/index.php?rest_route=\/wp\/v2\/posts\/84338\/revisions"}],"predecessor-version":[{"id":84456,"href":"https:\/\/www.fuldaernachrichten.de\/index.php?rest_route=\/wp\/v2\/posts\/84338\/revisions\/84456"}],"wp:attachment":[{"href":"https:\/\/www.fuldaernachrichten.de\/index.php?rest_route=%2Fwp%2Fv2%2Fmedia&parent=84338"}],"wp:term":[{"taxonomy":"category","embeddable":true,"href":"https:\/\/www.fuldaernachrichten.de\/index.php?rest_route=%2Fwp%2Fv2%2Fcategories&post=84338"},{"taxonomy":"post_tag","embeddable":true,"href":"https:\/\/www.fuldaernachrichten.de\/index.php?rest_route=%2Fwp%2Fv2%2Ftags&post=84338"}],"curies":[{"name":"wp","href":"https:\/\/api.w.org\/{rel}","templated":true}]}}