{"id":8385,"date":"2008-03-21T10:34:54","date_gmt":"2008-03-21T09:34:54","guid":{"rendered":"http:\/\/www.schoene-nachrichten.de\/?p=8385"},"modified":"2008-03-22T10:02:58","modified_gmt":"2008-03-22T09:02:58","slug":"6-sauberhaften-fruehlingsputz-2008-ueber-15000-teilnehmer-und1-million-liter-abfall","status":"publish","type":"post","link":"https:\/\/www.fuldaernachrichten.de\/?p=8385","title":{"rendered":"\u201e6. Sauberhafter Fr\u00fchlingsputz 2008\u201c: \u00fcber 15.000 Teilnehmer und 1 Million Liter Abfall"},"content":{"rendered":"<p><strong>Region. <\/strong>Hessen strahlt in fr\u00fchlingshaftem Glanz: Beim diesj\u00e4hrigen \u201eSauberhaften Fr\u00fchlingsputz\u201c haben am vergangenen Samstag in \u00fcber 150 hessischen Kommunen mehr als 15.000 B\u00fcrgerinnen und B\u00fcrger rund 1 Million Liter Abfall eingesammelt.<!--more--><\/p>\n<p>\u201eDiese Menge entspricht dem Volumen von rund 9.000 120-Liter-M\u00fclltonnen \u2013 das ist so viel wie das w\u00f6chentliche Abfallaufkommen einer Kleinstadt. Mit diesem \u00fcberw\u00e4ltigenden Ergebnis kn\u00fcpft der Sauberhafte Fr\u00fchlingsputz 2008 nahtlos an die Erfolge der vergangenen Jahre an\u201c, bilanzierte der Hessische Umweltminister, Wilhelm Dietzel, in Wiesbaden und weiter: \u201eIch bedanke mich ausdr\u00fccklich bei allen Teilnehmerinnen und Teilnehmern sowie bei allen Organisatorinnen und Organisatoren, die diesen Aktionstag gemeinsam zu einem hessenweiten Gro\u00dfereignis gemacht haben.\u201c<\/p>\n<p>Besonders erfreut zeigte sich der Minister dar\u00fcber hinaus \u00fcber die positive Entwicklung der Kampagne \u201eSauberhafter Fr\u00fchlingsputz\u201c: \u201eErneut hat die diesj\u00e4hrige Teilnehmerzahlen die der Vorjahre \u00fcbertroffen. Diese enorme Steigerung, die seit dem ersten Fr\u00fchlingsputz anh\u00e4lt, zeigt, dass Umweltengagement f\u00fcr die Bev\u00f6lkerung immer mehr an Bedeutung gewinnt.<\/p>\n<p>Menschen jeden Alters sind sich einig, dass Verpackungen, Zigarettenkippen und Hinterlassenschaften auf Wiesen oder in Gr\u00fcnanlagen nichts zu suchen haben. Mit ihrem Handeln erinnern sie ihre Mitb\u00fcrgerinnen und Mitb\u00fcrger daran, dass es in der Verantwortung jedes Einzelnen liegt, einen Beitrag zu einer saubereren Umwelt zu leisten\u201c, f\u00fchrte Dietzel weiter aus.<\/p>\n<p><strong>Hintergrund:<\/strong> \u201eSauberhaftes Hessen\u201c ist eine Umweltkampagne der Hessischen Landesregierung, die das Bewusstsein und Verantwortungsgef\u00fchl der B\u00fcrgerinnen und B\u00fcrger f\u00fcr Parkanlagen, Wiesen, Stra\u00dfen und andere \u00f6ffentliche R\u00e4ume weckt.<\/p>\n<p>Weitere Informationen zur Kampagne unter www.sauberhaftes-hessen.de.<\/p>\n","protected":false},"excerpt":{"rendered":"<div class=\"tmnf_excerpt\"><p>Region. Hessen strahlt in fr\u00fchlingshaftem Glanz: Beim diesj\u00e4hrigen \u201eSauberhaften Fr\u00fchlingsputz\u201c haben am vergangenen Samstag in \u00fcber 150 hessischen Kommunen mehr als 15.000 B\u00fcrgerinnen und B\u00fcrger rund 1 Million Liter Abfall eingesammelt.<\/p>\n<\/div>","protected":false},"author":1,"featured_media":0,"comment_status":"closed","ping_status":"closed","sticky":false,"template":"","format":"standard","meta":{"footnotes":""},"categories":[1,29,52],"tags":[],"class_list":["post-8385","post","type-post","status-publish","format-standard","hentry","category-startseite","category-politik","category-umwelt"],"_links":{"self":[{"href":"https:\/\/www.fuldaernachrichten.de\/index.php?rest_route=\/wp\/v2\/posts\/8385","targetHints":{"allow":["GET"]}}],"collection":[{"href":"https:\/\/www.fuldaernachrichten.de\/index.php?rest_route=\/wp\/v2\/posts"}],"about":[{"href":"https:\/\/www.fuldaernachrichten.de\/index.php?rest_route=\/wp\/v2\/types\/post"}],"author":[{"embeddable":true,"href":"https:\/\/www.fuldaernachrichten.de\/index.php?rest_route=\/wp\/v2\/users\/1"}],"replies":[{"embeddable":true,"href":"https:\/\/www.fuldaernachrichten.de\/index.php?rest_route=%2Fwp%2Fv2%2Fcomments&post=8385"}],"version-history":[{"count":0,"href":"https:\/\/www.fuldaernachrichten.de\/index.php?rest_route=\/wp\/v2\/posts\/8385\/revisions"}],"wp:attachment":[{"href":"https:\/\/www.fuldaernachrichten.de\/index.php?rest_route=%2Fwp%2Fv2%2Fmedia&parent=8385"}],"wp:term":[{"taxonomy":"category","embeddable":true,"href":"https:\/\/www.fuldaernachrichten.de\/index.php?rest_route=%2Fwp%2Fv2%2Fcategories&post=8385"},{"taxonomy":"post_tag","embeddable":true,"href":"https:\/\/www.fuldaernachrichten.de\/index.php?rest_route=%2Fwp%2Fv2%2Ftags&post=8385"}],"curies":[{"name":"wp","href":"https:\/\/api.w.org\/{rel}","templated":true}]}}