{"id":83839,"date":"2011-06-24T10:21:59","date_gmt":"2011-06-24T10:21:59","guid":{"rendered":"http:\/\/www.fuldaer-nachrichten.de\/?p=83839"},"modified":"2011-06-24T10:23:31","modified_gmt":"2011-06-24T10:23:31","slug":"auf-den-spuren-von-darwin-humboldt-reisen-nach-sudamerika-und-ecuador","status":"publish","type":"post","link":"https:\/\/www.fuldaernachrichten.de\/?p=83839","title":{"rendered":"Auf den Spuren von Darwin &#038; Humboldt &#8211; Reisen nach S\u00fcdamerika und Ecuador"},"content":{"rendered":"<p><strong><a href=\"http:\/\/www.fuldaer-nachrichten.de\/wp-content\/uploads\/2011\/03\/110318_Ecuador_Galapagos_096-1.jpg\"><img decoding=\"async\" class=\"alignleft size-thumbnail wp-image-83840\" title=\"110318_Ecuador_Galapagos_096 (1)\" src=\"http:\/\/www.fuldaer-nachrichten.de\/wp-content\/uploads\/2011\/03\/110318_Ecuador_Galapagos_096-1-265x175.jpg\" alt=\"\" width=\"265\" height=\"175\" srcset=\"https:\/\/www.fuldaernachrichten.de\/wp-content\/uploads\/2011\/03\/110318_Ecuador_Galapagos_096-1-265x175.jpg 265w, https:\/\/www.fuldaernachrichten.de\/wp-content\/uploads\/2011\/03\/110318_Ecuador_Galapagos_096-1.jpg 592w\" sizes=\"(max-width: 265px) 100vw, 265px\" \/><\/a>Fulda. <\/strong>Auf den Spuren von Charles Darwin &amp; Alexander von Humboldt konnte Christian Schubert, Inhaber des Spezialreiseveranstalters Berghorizonte, letzes Jahr die H\u00f6hepunkte Ecuadors entdecken. Ecuador- und die Galapagos Inseln sind die letzten R\u00fcckzugsgebiete f\u00fcr bedrohte und endemische Tiere. Durch die direkte Lage am \u00c4quator ist die Vegetation im Hochland, das teilweise bis auf 6000m H\u00f6he steigt, au\u00dfergew\u00f6hnlich.\u00c2\u00a0 Die Vulkane sind teilweise noch aktiv und die Eisgipfel ragen direkt vom Dschungel und dem Amazonas Gebiet in den Himmel. Auf dem Pazifik sind es die Galapagos Inseln. Das Naturparadies empf\u00e4ngt seine Besucher mit einer einzigartigen Natur-und Tierwelt. Reisende erkunden die Galapagos Inseln auf einem Expeditionsschiff . Das Schiff ist komfortabel, modern und auf dem neuesten Sicherheitsstandard. Kompetente Guides bringen die G\u00e4ste an die sch\u00f6nsten Pl\u00e4tze der Inseln und informieren \u00fcber die Tier-und Artenvielfalt &#8230;Weitere Infos zu Reisen nach S\u00fcdamerika und Ecuador gibts beim Reiseveranstalter berghorizonte: <a href=\"http:\/\/www.berghorizonte.de\/\" target=\"_blank\">www.berghorizonte.de <\/a>.<!--more--><\/p>\n<p><strong>Fotos (102):<\/strong> Christian Schubert<\/p>\n<p><a title=\"Foto: Christian Schubert\" rel=\"lightbox[roadtrip]\" href=\"http:\/\/www.fuldaer-nachrichten.de\/wp-content\/uploads\/2011\/03\/110318_Ecuador_Galapagos_002.jpg\" target=\"_blank\"><img decoding=\"async\" src=\"http:\/\/www.fuldaer-nachrichten.de\/wp-content\/uploads\/2011\/03\/110318_Ecuador_Galapagos_002.thumbnail.jpg\" alt=\"110318_Ecuador_Galapagos_002.jpg\" width=\"265\" \/><\/a> <a title=\"Foto: Christian Schubert\" rel=\"lightbox[roadtrip]\" href=\"http:\/\/www.fuldaer-nachrichten.de\/wp-content\/uploads\/2011\/03\/110318_Ecuador_Galapagos_003.jpg\" target=\"_blank\"><img decoding=\"async\" src=\"http:\/\/www.fuldaer-nachrichten.de\/wp-content\/uploads\/2011\/03\/110318_Ecuador_Galapagos_003.thumbnail.jpg\" alt=\"110318_Ecuador_Galapagos_003.jpg\" width=\"265\" \/><\/a><\/p>\n<p><a title=\"Foto: Christian Schubert\" rel=\"lightbox[roadtrip]\" href=\"http:\/\/www.fuldaer-nachrichten.de\/wp-content\/uploads\/2011\/03\/110318_Ecuador_Galapagos_004.jpg\" target=\"_blank\"><img decoding=\"async\" src=\"http:\/\/www.fuldaer-nachrichten.de\/wp-content\/uploads\/2011\/03\/110318_Ecuador_Galapagos_004.thumbnail.jpg\" alt=\"110318_Ecuador_Galapagos_004.jpg\" width=\"265\" height=\"175\" \/> <\/a><a title=\"Foto: Christian Schubert\" rel=\"lightbox[roadtrip]\" href=\"http:\/\/www.fuldaer-nachrichten.de\/wp-content\/uploads\/2011\/03\/110318_Ecuador_Galapagos_033.jpg\" target=\"_blank\"><img decoding=\"async\" src=\"http:\/\/www.fuldaer-nachrichten.de\/wp-content\/uploads\/2011\/03\/110318_Ecuador_Galapagos_033.thumbnail.jpg\" alt=\"110318_Ecuador_Galapagos_033.jpg\" width=\"265\" \/><\/a><\/p>\n<p><a title=\"Foto: Christian Schubert\" rel=\"lightbox[roadtrip]\" href=\"http:\/\/www.fuldaer-nachrichten.de\/wp-content\/uploads\/2011\/03\/110318_Ecuador_Galapagos_007.jpg\" target=\"_blank\"><img decoding=\"async\" src=\"http:\/\/www.fuldaer-nachrichten.de\/wp-content\/uploads\/2011\/03\/110318_Ecuador_Galapagos_007.thumbnail.jpg\" alt=\"110318_Ecuador_Galapagos_007.jpg\" width=\"265\" \/><\/a> <a title=\"Foto: Christian Schubert\" rel=\"lightbox[roadtrip]\" href=\"http:\/\/www.fuldaer-nachrichten.de\/wp-content\/uploads\/2011\/03\/110318_Ecuador_Galapagos_005.jpg\" target=\"_blank\"><img decoding=\"async\" src=\"http:\/\/www.fuldaer-nachrichten.de\/wp-content\/uploads\/2011\/03\/110318_Ecuador_Galapagos_005.thumbnail.jpg\" alt=\"110318_Ecuador_Galapagos_005.jpg\" width=\"265\" \/><\/a><\/p>\n<p><a title=\"Foto: Christian Schubert\" rel=\"lightbox[roadtrip]\" href=\"http:\/\/www.fuldaer-nachrichten.de\/wp-content\/uploads\/2011\/03\/110318_Ecuador_Galapagos_005.jpg\" target=\"_blank\"><\/a> <a title=\"Foto: Christian Schubert\" rel=\"lightbox[roadtrip]\" href=\"http:\/\/www.fuldaer-nachrichten.de\/wp-content\/uploads\/2011\/03\/110318_Ecuador_Galapagos_008.jpg\" target=\"_blank\"><img decoding=\"async\" src=\"http:\/\/www.fuldaer-nachrichten.de\/wp-content\/uploads\/2011\/03\/110318_Ecuador_Galapagos_008.thumbnail.jpg\" alt=\"110318_Ecuador_Galapagos_008.jpg\" width=\"265\" \/><\/a> <a title=\"Foto: Christian Schubert\" rel=\"lightbox[roadtrip]\" href=\"http:\/\/www.fuldaer-nachrichten.de\/wp-content\/uploads\/2011\/03\/110318_Ecuador_Galapagos_006.jpg\" target=\"_blank\"><img decoding=\"async\" src=\"http:\/\/www.fuldaer-nachrichten.de\/wp-content\/uploads\/2011\/03\/110318_Ecuador_Galapagos_006.thumbnail.jpg\" alt=\"110318_Ecuador_Galapagos_006.jpg\" width=\"265\" \/><\/a><\/p>\n<p><a title=\"Foto: Christian Schubert\" rel=\"lightbox[roadtrip]\" href=\"http:\/\/www.fuldaer-nachrichten.de\/wp-content\/uploads\/2011\/03\/110318_Ecuador_Galapagos_014.jpg\" target=\"_blank\"><img decoding=\"async\" src=\"http:\/\/www.fuldaer-nachrichten.de\/wp-content\/uploads\/2011\/03\/110318_Ecuador_Galapagos_014.thumbnail.jpg\" alt=\"110318_Ecuador_Galapagos_014.jpg\" width=\"265\" \/><\/a> <a title=\"Foto: Christian Schubert\" rel=\"lightbox[roadtrip]\" href=\"http:\/\/www.fuldaer-nachrichten.de\/wp-content\/uploads\/2011\/03\/110318_Ecuador_Galapagos_012.jpg\" target=\"_blank\"><img decoding=\"async\" src=\"http:\/\/www.fuldaer-nachrichten.de\/wp-content\/uploads\/2011\/03\/110318_Ecuador_Galapagos_012.thumbnail.jpg\" alt=\"110318_Ecuador_Galapagos_012.jpg\" width=\"265\" \/><\/a><\/p>\n<p><a title=\"Foto: Christian Schubert\" rel=\"lightbox[roadtrip]\" href=\"http:\/\/www.fuldaer-nachrichten.de\/wp-content\/uploads\/2011\/03\/110318_Ecuador_Galapagos_009.jpg\" target=\"_blank\"><img decoding=\"async\" src=\"http:\/\/www.fuldaer-nachrichten.de\/wp-content\/uploads\/2011\/03\/110318_Ecuador_Galapagos_009.thumbnail.jpg\" alt=\"110318_Ecuador_Galapagos_009.jpg\" width=\"265\" \/><\/a> <a title=\"Foto: Christian Schubert\" rel=\"lightbox[roadtrip]\" href=\"http:\/\/www.fuldaer-nachrichten.de\/wp-content\/uploads\/2011\/03\/110318_Ecuador_Galapagos_010.jpg\" target=\"_blank\"><img decoding=\"async\" src=\"http:\/\/www.fuldaer-nachrichten.de\/wp-content\/uploads\/2011\/03\/110318_Ecuador_Galapagos_010.thumbnail.jpg\" alt=\"110318_Ecuador_Galapagos_010.jpg\" width=\"265\" \/><\/a><\/p>\n<p><a title=\"Foto: Christian Schubert\" rel=\"lightbox[roadtrip]\" href=\"http:\/\/www.fuldaer-nachrichten.de\/wp-content\/uploads\/2011\/03\/110318_Ecuador_Galapagos_011.jpg\" target=\"_blank\"><img decoding=\"async\" src=\"http:\/\/www.fuldaer-nachrichten.de\/wp-content\/uploads\/2011\/03\/110318_Ecuador_Galapagos_011.thumbnail.jpg\" alt=\"110318_Ecuador_Galapagos_011.jpg\" width=\"265\" \/><\/a> <a title=\"Foto: Christian Schubert\" rel=\"lightbox[roadtrip]\" href=\"http:\/\/www.fuldaer-nachrichten.de\/wp-content\/uploads\/2011\/03\/110318_Ecuador_Galapagos_013.jpg\" target=\"_blank\"><img decoding=\"async\" src=\"http:\/\/www.fuldaer-nachrichten.de\/wp-content\/uploads\/2011\/03\/110318_Ecuador_Galapagos_013.thumbnail.jpg\" alt=\"110318_Ecuador_Galapagos_013.jpg\" width=\"265\" \/><\/a><\/p>\n<p><a title=\"Foto: Christian Schubert\" rel=\"lightbox[roadtrip]\" href=\"http:\/\/www.fuldaer-nachrichten.de\/wp-content\/uploads\/2011\/03\/110318_Ecuador_Galapagos_015.jpg\" target=\"_blank\"><img decoding=\"async\" src=\"http:\/\/www.fuldaer-nachrichten.de\/wp-content\/uploads\/2011\/03\/110318_Ecuador_Galapagos_015.thumbnail.jpg\" alt=\"110318_Ecuador_Galapagos_015.jpg\" width=\"265\" \/><\/a> <a title=\"Foto: Christian Schubert\" rel=\"lightbox[roadtrip]\" href=\"http:\/\/www.fuldaer-nachrichten.de\/wp-content\/uploads\/2011\/03\/110318_Ecuador_Galapagos_016.jpg\" target=\"_blank\"><img decoding=\"async\" src=\"http:\/\/www.fuldaer-nachrichten.de\/wp-content\/uploads\/2011\/03\/110318_Ecuador_Galapagos_016.thumbnail.jpg\" alt=\"110318_Ecuador_Galapagos_016.jpg\" width=\"265\" \/><\/a><\/p>\n<p><a title=\"Foto: Christian Schubert\" rel=\"lightbox[roadtrip]\" href=\"http:\/\/www.fuldaer-nachrichten.de\/wp-content\/uploads\/2011\/03\/110318_Ecuador_Galapagos_017.jpg\" target=\"_blank\"><img decoding=\"async\" src=\"http:\/\/www.fuldaer-nachrichten.de\/wp-content\/uploads\/2011\/03\/110318_Ecuador_Galapagos_017.thumbnail.jpg\" alt=\"110318_Ecuador_Galapagos_017.jpg\" width=\"265\" \/><\/a> <a title=\"Foto: Christian Schubert\" rel=\"lightbox[roadtrip]\" href=\"http:\/\/www.fuldaer-nachrichten.de\/wp-content\/uploads\/2011\/03\/110318_Ecuador_Galapagos_018.jpg\" target=\"_blank\"><img decoding=\"async\" src=\"http:\/\/www.fuldaer-nachrichten.de\/wp-content\/uploads\/2011\/03\/110318_Ecuador_Galapagos_018.thumbnail.jpg\" alt=\"110318_Ecuador_Galapagos_018.jpg\" width=\"265\" \/><\/a><\/p>\n<p><a title=\"Foto: Christian Schubert\" rel=\"lightbox[roadtrip]\" href=\"http:\/\/www.fuldaer-nachrichten.de\/wp-content\/uploads\/2011\/03\/110318_Ecuador_Galapagos_019.jpg\" target=\"_blank\"><img decoding=\"async\" src=\"http:\/\/www.fuldaer-nachrichten.de\/wp-content\/uploads\/2011\/03\/110318_Ecuador_Galapagos_019.thumbnail.jpg\" alt=\"110318_Ecuador_Galapagos_019.jpg\" width=\"265\" \/><\/a> <a title=\"Foto: Christian Schubert\" rel=\"lightbox[roadtrip]\" href=\"http:\/\/www.fuldaer-nachrichten.de\/wp-content\/uploads\/2011\/03\/110318_Ecuador_Galapagos_020.jpg\" target=\"_blank\"><img decoding=\"async\" src=\"http:\/\/www.fuldaer-nachrichten.de\/wp-content\/uploads\/2011\/03\/110318_Ecuador_Galapagos_020.thumbnail.jpg\" alt=\"110318_Ecuador_Galapagos_020.jpg\" width=\"265\" \/><\/a><\/p>\n<p><a title=\"Foto: Christian Schubert\" rel=\"lightbox[roadtrip]\" href=\"http:\/\/www.fuldaer-nachrichten.de\/wp-content\/uploads\/2011\/03\/110318_Ecuador_Galapagos_023.jpg\" target=\"_blank\"><img decoding=\"async\" src=\"http:\/\/www.fuldaer-nachrichten.de\/wp-content\/uploads\/2011\/03\/110318_Ecuador_Galapagos_023.thumbnail.jpg\" alt=\"110318_Ecuador_Galapagos_023.jpg\" width=\"265\" \/><\/a> <a title=\"Foto: Christian Schubert\" rel=\"lightbox[roadtrip]\" href=\"http:\/\/www.fuldaer-nachrichten.de\/wp-content\/uploads\/2011\/03\/110318_Ecuador_Galapagos_022.jpg\" target=\"_blank\"><img decoding=\"async\" src=\"http:\/\/www.fuldaer-nachrichten.de\/wp-content\/uploads\/2011\/03\/110318_Ecuador_Galapagos_022.thumbnail.jpg\" alt=\"110318_Ecuador_Galapagos_022.jpg\" width=\"265\" \/><\/a><\/p>\n<p><a title=\"Foto: Christian Schubert\" rel=\"lightbox[roadtrip]\" href=\"http:\/\/www.fuldaer-nachrichten.de\/wp-content\/uploads\/2011\/03\/110318_Ecuador_Galapagos_024.jpg\" target=\"_blank\"><img decoding=\"async\" src=\"http:\/\/www.fuldaer-nachrichten.de\/wp-content\/uploads\/2011\/03\/110318_Ecuador_Galapagos_024.thumbnail.jpg\" alt=\"110318_Ecuador_Galapagos_024.jpg\" width=\"265\" \/><\/a> <a title=\"Foto: Christian Schubert\" rel=\"lightbox[roadtrip]\" href=\"http:\/\/www.fuldaer-nachrichten.de\/wp-content\/uploads\/2011\/03\/110318_Ecuador_Galapagos_021.jpg\" target=\"_blank\"><img decoding=\"async\" src=\"http:\/\/www.fuldaer-nachrichten.de\/wp-content\/uploads\/2011\/03\/110318_Ecuador_Galapagos_021.thumbnail.jpg\" alt=\"110318_Ecuador_Galapagos_021.jpg\" width=\"265\" \/><\/a><\/p>\n<p><a title=\"Foto: Christian Schubert\" rel=\"lightbox[roadtrip]\" href=\"http:\/\/www.fuldaer-nachrichten.de\/wp-content\/uploads\/2011\/03\/110318_Ecuador_Galapagos_025.jpg\" target=\"_blank\"><img decoding=\"async\" src=\"http:\/\/www.fuldaer-nachrichten.de\/wp-content\/uploads\/2011\/03\/110318_Ecuador_Galapagos_025.thumbnail.jpg\" alt=\"110318_Ecuador_Galapagos_025.jpg\" width=\"265\" \/><\/a> <a title=\"Foto: Christian Schubert\" rel=\"lightbox[roadtrip]\" href=\"http:\/\/www.fuldaer-nachrichten.de\/wp-content\/uploads\/2011\/03\/110318_Ecuador_Galapagos_028.jpg\" target=\"_blank\"><img decoding=\"async\" src=\"http:\/\/www.fuldaer-nachrichten.de\/wp-content\/uploads\/2011\/03\/110318_Ecuador_Galapagos_028.thumbnail.jpg\" alt=\"110318_Ecuador_Galapagos_028.jpg\" width=\"265\" \/><\/a><\/p>\n<p><a title=\"Foto: Christian Schubert\" rel=\"lightbox[roadtrip]\" href=\"http:\/\/www.fuldaer-nachrichten.de\/wp-content\/uploads\/2011\/03\/110318_Ecuador_Galapagos_027.jpg\" target=\"_blank\"><img decoding=\"async\" src=\"http:\/\/www.fuldaer-nachrichten.de\/wp-content\/uploads\/2011\/03\/110318_Ecuador_Galapagos_027.thumbnail.jpg\" alt=\"110318_Ecuador_Galapagos_027.jpg\" width=\"265\" \/><\/a> <a title=\"Foto: Christian Schubert\" rel=\"lightbox[roadtrip]\" href=\"http:\/\/www.fuldaer-nachrichten.de\/wp-content\/uploads\/2011\/03\/110318_Ecuador_Galapagos_026.jpg\" target=\"_blank\"><img decoding=\"async\" src=\"http:\/\/www.fuldaer-nachrichten.de\/wp-content\/uploads\/2011\/03\/110318_Ecuador_Galapagos_026.thumbnail.jpg\" alt=\"110318_Ecuador_Galapagos_026.jpg\" width=\"265\" \/><\/a><\/p>\n<p><a title=\"Foto: Christian Schubert\" rel=\"lightbox[roadtrip]\" href=\"http:\/\/www.fuldaer-nachrichten.de\/wp-content\/uploads\/2011\/03\/110318_Ecuador_Galapagos_029.jpg\" target=\"_blank\"><img decoding=\"async\" src=\"http:\/\/www.fuldaer-nachrichten.de\/wp-content\/uploads\/2011\/03\/110318_Ecuador_Galapagos_029.thumbnail.jpg\" alt=\"110318_Ecuador_Galapagos_029.jpg\" width=\"265\" \/><\/a> <a title=\"Foto: Christian Schubert\" rel=\"lightbox[roadtrip]\" href=\"http:\/\/www.fuldaer-nachrichten.de\/wp-content\/uploads\/2011\/03\/110318_Ecuador_Galapagos_038.jpg\" target=\"_blank\"><img decoding=\"async\" src=\"http:\/\/www.fuldaer-nachrichten.de\/wp-content\/uploads\/2011\/03\/110318_Ecuador_Galapagos_038.thumbnail.jpg\" alt=\"110318_Ecuador_Galapagos_038.jpg\" width=\"265\" \/><\/a><\/p>\n<p><a title=\"Foto: Christian Schubert\" rel=\"lightbox[roadtrip]\" href=\"http:\/\/www.fuldaer-nachrichten.de\/wp-content\/uploads\/2011\/03\/110318_Ecuador_Galapagos_032.jpg\" target=\"_blank\"><img decoding=\"async\" src=\"http:\/\/www.fuldaer-nachrichten.de\/wp-content\/uploads\/2011\/03\/110318_Ecuador_Galapagos_032.thumbnail.jpg\" alt=\"110318_Ecuador_Galapagos_032.jpg\" width=\"265\" \/><\/a> <a title=\"Foto: Christian Schubert\" rel=\"lightbox[roadtrip]\" href=\"http:\/\/www.fuldaer-nachrichten.de\/wp-content\/uploads\/2011\/03\/110318_Ecuador_Galapagos_031.jpg\" target=\"_blank\"><img decoding=\"async\" src=\"http:\/\/www.fuldaer-nachrichten.de\/wp-content\/uploads\/2011\/03\/110318_Ecuador_Galapagos_031.thumbnail.jpg\" alt=\"110318_Ecuador_Galapagos_031.jpg\" width=\"265\" \/><\/a><\/p>\n<p><a title=\"Foto: Christian Schubert\" rel=\"lightbox[roadtrip]\" href=\"http:\/\/www.fuldaer-nachrichten.de\/wp-content\/uploads\/2011\/03\/110318_Ecuador_Galapagos_035.jpg\" target=\"_blank\"><img decoding=\"async\" src=\"http:\/\/www.fuldaer-nachrichten.de\/wp-content\/uploads\/2011\/03\/110318_Ecuador_Galapagos_035.thumbnail.jpg\" alt=\"110318_Ecuador_Galapagos_035.jpg\" width=\"265\" \/><\/a> <a title=\"Foto: Christian Schubert\" rel=\"lightbox[roadtrip]\" href=\"http:\/\/www.fuldaer-nachrichten.de\/wp-content\/uploads\/2011\/03\/110318_Ecuador_Galapagos_036.jpg\" target=\"_blank\"><img decoding=\"async\" src=\"http:\/\/www.fuldaer-nachrichten.de\/wp-content\/uploads\/2011\/03\/110318_Ecuador_Galapagos_036.thumbnail.jpg\" alt=\"110318_Ecuador_Galapagos_036.jpg\" width=\"265\" \/><\/a><\/p>\n<p><a title=\"Foto: Christian Schubert\" rel=\"lightbox[roadtrip]\" href=\"http:\/\/www.fuldaer-nachrichten.de\/wp-content\/uploads\/2011\/03\/110318_Ecuador_Galapagos_030.jpg\" target=\"_blank\"><img decoding=\"async\" src=\"http:\/\/www.fuldaer-nachrichten.de\/wp-content\/uploads\/2011\/03\/110318_Ecuador_Galapagos_030.thumbnail.jpg\" alt=\"110318_Ecuador_Galapagos_030.jpg\" width=\"265\" \/><\/a> <a title=\"Foto: Christian Schubert\" rel=\"lightbox[roadtrip]\" href=\"http:\/\/www.fuldaer-nachrichten.de\/wp-content\/uploads\/2011\/03\/110318_Ecuador_Galapagos_037.jpg\" target=\"_blank\"><img decoding=\"async\" src=\"http:\/\/www.fuldaer-nachrichten.de\/wp-content\/uploads\/2011\/03\/110318_Ecuador_Galapagos_037.thumbnail.jpg\" alt=\"110318_Ecuador_Galapagos_037.jpg\" width=\"265\" \/><\/a><\/p>\n<p><a title=\"Foto: Christian Schubert\" rel=\"lightbox[roadtrip]\" href=\"http:\/\/www.fuldaer-nachrichten.de\/wp-content\/uploads\/2011\/03\/110318_Ecuador_Galapagos_040.jpg\" target=\"_blank\"><img decoding=\"async\" src=\"http:\/\/www.fuldaer-nachrichten.de\/wp-content\/uploads\/2011\/03\/110318_Ecuador_Galapagos_040.thumbnail.jpg\" alt=\"110318_Ecuador_Galapagos_040.jpg\" width=\"265\" \/><\/a> <a title=\"Foto: Christian Schubert\" rel=\"lightbox[roadtrip]\" href=\"http:\/\/www.fuldaer-nachrichten.de\/wp-content\/uploads\/2011\/03\/110318_Ecuador_Galapagos_045.jpg\" target=\"_blank\"><img decoding=\"async\" src=\"http:\/\/www.fuldaer-nachrichten.de\/wp-content\/uploads\/2011\/03\/110318_Ecuador_Galapagos_045.thumbnail.jpg\" alt=\"110318_Ecuador_Galapagos_045.jpg\" width=\"265\" \/><\/a><\/p>\n<p><a title=\"Foto: Christian Schubert\" rel=\"lightbox[roadtrip]\" href=\"http:\/\/www.fuldaer-nachrichten.de\/wp-content\/uploads\/2011\/03\/110318_Ecuador_Galapagos_041.jpg\" target=\"_blank\"><img decoding=\"async\" src=\"http:\/\/www.fuldaer-nachrichten.de\/wp-content\/uploads\/2011\/03\/110318_Ecuador_Galapagos_041.thumbnail.jpg\" alt=\"110318_Ecuador_Galapagos_041.jpg\" width=\"265\" \/><\/a> <a title=\"Foto: Christian Schubert\" rel=\"lightbox[roadtrip]\" href=\"http:\/\/www.fuldaer-nachrichten.de\/wp-content\/uploads\/2011\/03\/110318_Ecuador_Galapagos_042.jpg\" target=\"_blank\"><img decoding=\"async\" src=\"http:\/\/www.fuldaer-nachrichten.de\/wp-content\/uploads\/2011\/03\/110318_Ecuador_Galapagos_042.thumbnail.jpg\" alt=\"110318_Ecuador_Galapagos_042.jpg\" width=\"265\" \/><\/a><\/p>\n<p><a title=\"Foto: Christian Schubert\" rel=\"lightbox[roadtrip]\" href=\"http:\/\/www.fuldaer-nachrichten.de\/wp-content\/uploads\/2011\/03\/110318_Ecuador_Galapagos_043.jpg\" target=\"_blank\"><img decoding=\"async\" src=\"http:\/\/www.fuldaer-nachrichten.de\/wp-content\/uploads\/2011\/03\/110318_Ecuador_Galapagos_043.thumbnail.jpg\" alt=\"110318_Ecuador_Galapagos_043.jpg\" width=\"265\" \/><\/a> <a title=\"Foto: Christian Schubert\" rel=\"lightbox[roadtrip]\" href=\"http:\/\/www.fuldaer-nachrichten.de\/wp-content\/uploads\/2011\/03\/110318_Ecuador_Galapagos_044.jpg\" target=\"_blank\"><img decoding=\"async\" src=\"http:\/\/www.fuldaer-nachrichten.de\/wp-content\/uploads\/2011\/03\/110318_Ecuador_Galapagos_044.thumbnail.jpg\" alt=\"110318_Ecuador_Galapagos_044.jpg\" width=\"265\" \/><\/a><\/p>\n<p><a title=\"Foto: Christian Schubert\" rel=\"lightbox[roadtrip]\" href=\"http:\/\/www.fuldaer-nachrichten.de\/wp-content\/uploads\/2011\/03\/110318_Ecuador_Galapagos_048.jpg\" target=\"_blank\"><img decoding=\"async\" src=\"http:\/\/www.fuldaer-nachrichten.de\/wp-content\/uploads\/2011\/03\/110318_Ecuador_Galapagos_048.thumbnail.jpg\" alt=\"110318_Ecuador_Galapagos_048.jpg\" width=\"265\" \/><\/a> <a title=\"Foto: Christian Schubert\" rel=\"lightbox[roadtrip]\" href=\"http:\/\/www.fuldaer-nachrichten.de\/wp-content\/uploads\/2011\/03\/110318_Ecuador_Galapagos_049.jpg\" target=\"_blank\"><img decoding=\"async\" src=\"http:\/\/www.fuldaer-nachrichten.de\/wp-content\/uploads\/2011\/03\/110318_Ecuador_Galapagos_049.thumbnail.jpg\" alt=\"110318_Ecuador_Galapagos_049.jpg\" width=\"265\" \/><br \/>\n<\/a><\/p>\n<p><a title=\"Foto: Christian Schubert\" rel=\"lightbox[roadtrip]\" href=\"http:\/\/www.fuldaer-nachrichten.de\/wp-content\/uploads\/2011\/03\/110318_Ecuador_Galapagos_034.jpg\" target=\"_blank\"><img decoding=\"async\" src=\"http:\/\/www.fuldaer-nachrichten.de\/wp-content\/uploads\/2011\/03\/110318_Ecuador_Galapagos_034.thumbnail.jpg\" alt=\"110318_Ecuador_Galapagos_034.jpg\" width=\"265\" \/><\/a><a title=\"Foto: Christian Schubert\" rel=\"lightbox[roadtrip]\" href=\"http:\/\/www.fuldaer-nachrichten.de\/wp-content\/uploads\/2011\/03\/110318_Ecuador_Galapagos_034.jpg\" target=\"_blank\"> <\/a><a title=\"Foto: Christian Schubert\" rel=\"lightbox[roadtrip]\" href=\"http:\/\/www.fuldaer-nachrichten.de\/wp-content\/uploads\/2011\/03\/110318_Ecuador_Galapagos_034.jpg\" target=\"_blank\"> <\/a><a title=\"Foto: Christian Schubert\" rel=\"lightbox[roadtrip]\" href=\"http:\/\/www.fuldaer-nachrichten.de\/wp-content\/uploads\/2011\/03\/110318_Ecuador_Galapagos_054.jpg\" target=\"_blank\"><img decoding=\"async\" src=\"http:\/\/www.fuldaer-nachrichten.de\/wp-content\/uploads\/2011\/03\/110318_Ecuador_Galapagos_054.thumbnail.jpg\" alt=\"110318_Ecuador_Galapagos_054.jpg\" width=\"265\" \/><\/a><\/p>\n<p><a title=\"Foto: Christian Schubert\" rel=\"lightbox[roadtrip]\" href=\"http:\/\/www.fuldaer-nachrichten.de\/wp-content\/uploads\/2011\/03\/110318_Ecuador_Galapagos_060.jpg\" target=\"_blank\"><img decoding=\"async\" src=\"http:\/\/www.fuldaer-nachrichten.de\/wp-content\/uploads\/2011\/03\/110318_Ecuador_Galapagos_060.thumbnail.jpg\" alt=\"110318_Ecuador_Galapagos_060.jpg\" width=\"265\" \/> <\/a><a title=\"Foto: Christian Schubert\" rel=\"lightbox[roadtrip]\" href=\"http:\/\/www.fuldaer-nachrichten.de\/wp-content\/uploads\/2011\/03\/110318_Ecuador_Galapagos_057.jpg\" target=\"_blank\"><img decoding=\"async\" src=\"http:\/\/www.fuldaer-nachrichten.de\/wp-content\/uploads\/2011\/03\/110318_Ecuador_Galapagos_057.thumbnail.jpg\" alt=\"110318_Ecuador_Galapagos_057.jpg\" width=\"265\" \/><\/a><a title=\"Foto: Christian Schubert\" rel=\"lightbox[roadtrip]\" href=\"http:\/\/www.fuldaer-nachrichten.de\/wp-content\/uploads\/2011\/03\/110318_Ecuador_Galapagos_060.jpg\" target=\"_blank\"> <\/a><\/p>\n<p><a title=\"Foto: Christian Schubert\" rel=\"lightbox[roadtrip]\" href=\"http:\/\/www.fuldaer-nachrichten.de\/wp-content\/uploads\/2011\/03\/110318_Ecuador_Galapagos_052.jpg\" target=\"_blank\"><img decoding=\"async\" src=\"http:\/\/www.fuldaer-nachrichten.de\/wp-content\/uploads\/2011\/03\/110318_Ecuador_Galapagos_052.thumbnail.jpg\" alt=\"110318_Ecuador_Galapagos_052.jpg\" width=\"265\" \/><\/a> <a title=\"Foto: Christian Schubert\" rel=\"lightbox[roadtrip]\" href=\"http:\/\/www.fuldaer-nachrichten.de\/wp-content\/uploads\/2011\/03\/110318_Ecuador_Galapagos_051.jpg\" target=\"_blank\"><img decoding=\"async\" src=\"http:\/\/www.fuldaer-nachrichten.de\/wp-content\/uploads\/2011\/03\/110318_Ecuador_Galapagos_051.thumbnail.jpg\" alt=\"110318_Ecuador_Galapagos_051.jpg\" width=\"265\" \/><\/a><\/p>\n<p><a title=\"Foto: Christian Schubert\" rel=\"lightbox[roadtrip]\" href=\"http:\/\/www.fuldaer-nachrichten.de\/wp-content\/uploads\/2011\/03\/110318_Ecuador_Galapagos_056.jpg\" target=\"_blank\"><img decoding=\"async\" src=\"http:\/\/www.fuldaer-nachrichten.de\/wp-content\/uploads\/2011\/03\/110318_Ecuador_Galapagos_056.thumbnail.jpg\" alt=\"110318_Ecuador_Galapagos_056.jpg\" width=\"265\" \/><\/a> <a title=\"Foto: Christian Schubert\" rel=\"lightbox[roadtrip]\" href=\"http:\/\/www.fuldaer-nachrichten.de\/wp-content\/uploads\/2011\/03\/110318_Ecuador_Galapagos_055.jpg\" target=\"_blank\"><img decoding=\"async\" src=\"http:\/\/www.fuldaer-nachrichten.de\/wp-content\/uploads\/2011\/03\/110318_Ecuador_Galapagos_055.thumbnail.jpg\" alt=\"110318_Ecuador_Galapagos_055.jpg\" width=\"265\" \/><\/a><\/p>\n<p><a title=\"Foto: Christian Schubert\" rel=\"lightbox[roadtrip]\" href=\"http:\/\/www.fuldaer-nachrichten.de\/wp-content\/uploads\/2011\/03\/110318_Ecuador_Galapagos_059.jpg\" target=\"_blank\"><img decoding=\"async\" src=\"http:\/\/www.fuldaer-nachrichten.de\/wp-content\/uploads\/2011\/03\/110318_Ecuador_Galapagos_059.thumbnail.jpg\" alt=\"110318_Ecuador_Galapagos_059.jpg\" width=\"265\" \/><\/a> <a title=\"Foto: Christian Schubert\" rel=\"lightbox[roadtrip]\" href=\"http:\/\/www.fuldaer-nachrichten.de\/wp-content\/uploads\/2011\/03\/110318_Ecuador_Galapagos_058.jpg\" target=\"_blank\"><img decoding=\"async\" src=\"http:\/\/www.fuldaer-nachrichten.de\/wp-content\/uploads\/2011\/03\/110318_Ecuador_Galapagos_058.thumbnail.jpg\" alt=\"110318_Ecuador_Galapagos_058.jpg\" width=\"265\" \/><\/a><\/p>\n<p><a title=\"Foto: Christian Schubert\" rel=\"lightbox[roadtrip]\" href=\"http:\/\/www.fuldaer-nachrichten.de\/wp-content\/uploads\/2011\/03\/110318_Ecuador_Galapagos_061.jpg\" target=\"_blank\"><img decoding=\"async\" src=\"http:\/\/www.fuldaer-nachrichten.de\/wp-content\/uploads\/2011\/03\/110318_Ecuador_Galapagos_061.thumbnail.jpg\" alt=\"110318_Ecuador_Galapagos_061.jpg\" width=\"265\" \/><\/a> <a title=\"Foto: Christian Schubert\" rel=\"lightbox[roadtrip]\" href=\"http:\/\/www.fuldaer-nachrichten.de\/wp-content\/uploads\/2011\/03\/110318_Ecuador_Galapagos_062.jpg\" target=\"_blank\"><img decoding=\"async\" src=\"http:\/\/www.fuldaer-nachrichten.de\/wp-content\/uploads\/2011\/03\/110318_Ecuador_Galapagos_062.thumbnail.jpg\" alt=\"110318_Ecuador_Galapagos_062.jpg\" width=\"265\" \/><\/a><\/p>\n<p><a title=\"Foto: Christian Schubert\" rel=\"lightbox[roadtrip]\" href=\"http:\/\/www.fuldaer-nachrichten.de\/wp-content\/uploads\/2011\/03\/110318_Ecuador_Galapagos_063.jpg\" target=\"_blank\"><img decoding=\"async\" src=\"http:\/\/www.fuldaer-nachrichten.de\/wp-content\/uploads\/2011\/03\/110318_Ecuador_Galapagos_063.thumbnail.jpg\" alt=\"110318_Ecuador_Galapagos_063.jpg\" width=\"265\" \/><\/a> <a title=\"Foto: Christian Schubert\" rel=\"lightbox[roadtrip]\" href=\"http:\/\/www.fuldaer-nachrichten.de\/wp-content\/uploads\/2011\/03\/110318_Ecuador_Galapagos_064.jpg\" target=\"_blank\"><img decoding=\"async\" src=\"http:\/\/www.fuldaer-nachrichten.de\/wp-content\/uploads\/2011\/03\/110318_Ecuador_Galapagos_064.thumbnail.jpg\" alt=\"110318_Ecuador_Galapagos_064.jpg\" width=\"265\" \/><\/a><\/p>\n<p><a title=\"Foto: Christian Schubert\" rel=\"lightbox[roadtrip]\" href=\"http:\/\/www.fuldaer-nachrichten.de\/wp-content\/uploads\/2011\/03\/110318_Ecuador_Galapagos_065.jpg\" target=\"_blank\"><img decoding=\"async\" src=\"http:\/\/www.fuldaer-nachrichten.de\/wp-content\/uploads\/2011\/03\/110318_Ecuador_Galapagos_065.thumbnail.jpg\" alt=\"110318_Ecuador_Galapagos_065.jpg\" width=\"265\" \/><\/a> <a title=\"Foto: Christian Schubert\" rel=\"lightbox[roadtrip]\" href=\"http:\/\/www.fuldaer-nachrichten.de\/wp-content\/uploads\/2011\/03\/110318_Ecuador_Galapagos_066.jpg\" target=\"_blank\"><img decoding=\"async\" src=\"http:\/\/www.fuldaer-nachrichten.de\/wp-content\/uploads\/2011\/03\/110318_Ecuador_Galapagos_066.thumbnail.jpg\" alt=\"110318_Ecuador_Galapagos_066.jpg\" width=\"265\" \/><\/a><\/p>\n<p><a title=\"Foto: Christian Schubert\" rel=\"lightbox[roadtrip]\" href=\"http:\/\/www.fuldaer-nachrichten.de\/wp-content\/uploads\/2011\/03\/110318_Ecuador_Galapagos_067.jpg\" target=\"_blank\"><img decoding=\"async\" src=\"http:\/\/www.fuldaer-nachrichten.de\/wp-content\/uploads\/2011\/03\/110318_Ecuador_Galapagos_067.thumbnail.jpg\" alt=\"110318_Ecuador_Galapagos_067.jpg\" width=\"265\" \/><\/a> <a title=\"Foto: Christian Schubert\" rel=\"lightbox[roadtrip]\" href=\"http:\/\/www.fuldaer-nachrichten.de\/wp-content\/uploads\/2011\/03\/110318_Ecuador_Galapagos_068.jpg\" target=\"_blank\"><img decoding=\"async\" src=\"http:\/\/www.fuldaer-nachrichten.de\/wp-content\/uploads\/2011\/03\/110318_Ecuador_Galapagos_068.thumbnail.jpg\" alt=\"110318_Ecuador_Galapagos_068.jpg\" width=\"265\" \/><\/a><\/p>\n<p><a href=\"http:\/\/www.fuldaer-nachrichten.de\/wp-content\/uploads\/2011\/03\/110318_Ecuador_Galapagos_100.jpg\"><img decoding=\"async\" class=\"alignnone size-thumbnail wp-image-83845\" title=\"110318_Ecuador_Galapagos_100\" src=\"http:\/\/www.fuldaer-nachrichten.de\/wp-content\/uploads\/2011\/03\/110318_Ecuador_Galapagos_100-265x175.jpg\" alt=\"\" width=\"265\" height=\"175\" srcset=\"https:\/\/www.fuldaernachrichten.de\/wp-content\/uploads\/2011\/03\/110318_Ecuador_Galapagos_100-265x175.jpg 265w, https:\/\/www.fuldaernachrichten.de\/wp-content\/uploads\/2011\/03\/110318_Ecuador_Galapagos_100.jpg 592w\" sizes=\"(max-width: 265px) 100vw, 265px\" \/><\/a> <a href=\"http:\/\/www.fuldaer-nachrichten.de\/wp-content\/uploads\/2011\/03\/110318_Ecuador_Galapagos_101.jpg\"><img loading=\"lazy\" decoding=\"async\" class=\"alignnone size-thumbnail wp-image-83846\" title=\"110318_Ecuador_Galapagos_101\" src=\"http:\/\/www.fuldaer-nachrichten.de\/wp-content\/uploads\/2011\/03\/110318_Ecuador_Galapagos_101-265x175.jpg\" alt=\"\" width=\"265\" height=\"175\" srcset=\"https:\/\/www.fuldaernachrichten.de\/wp-content\/uploads\/2011\/03\/110318_Ecuador_Galapagos_101-265x175.jpg 265w, https:\/\/www.fuldaernachrichten.de\/wp-content\/uploads\/2011\/03\/110318_Ecuador_Galapagos_101.jpg 592w\" sizes=\"(max-width: 265px) 100vw, 265px\" \/><\/a><\/p>\n<p><a href=\"http:\/\/www.fuldaer-nachrichten.de\/wp-content\/uploads\/2011\/03\/110318_Ecuador_Galapagos_103.jpg\"><img loading=\"lazy\" decoding=\"async\" class=\"alignnone size-thumbnail wp-image-83847\" title=\"110318_Ecuador_Galapagos_103\" src=\"http:\/\/www.fuldaer-nachrichten.de\/wp-content\/uploads\/2011\/03\/110318_Ecuador_Galapagos_103-265x175.jpg\" alt=\"\" width=\"265\" height=\"175\" srcset=\"https:\/\/www.fuldaernachrichten.de\/wp-content\/uploads\/2011\/03\/110318_Ecuador_Galapagos_103-265x175.jpg 265w, https:\/\/www.fuldaernachrichten.de\/wp-content\/uploads\/2011\/03\/110318_Ecuador_Galapagos_103.jpg 592w\" sizes=\"(max-width: 265px) 100vw, 265px\" \/><\/a> <a href=\"http:\/\/www.fuldaer-nachrichten.de\/wp-content\/uploads\/2011\/03\/110318_Ecuador_Galapagos_104.jpg\"><img loading=\"lazy\" decoding=\"async\" class=\"alignnone size-thumbnail wp-image-83848\" title=\"110318_Ecuador_Galapagos_104\" src=\"http:\/\/www.fuldaer-nachrichten.de\/wp-content\/uploads\/2011\/03\/110318_Ecuador_Galapagos_104-265x175.jpg\" alt=\"\" width=\"265\" height=\"175\" srcset=\"https:\/\/www.fuldaernachrichten.de\/wp-content\/uploads\/2011\/03\/110318_Ecuador_Galapagos_104-265x175.jpg 265w, https:\/\/www.fuldaernachrichten.de\/wp-content\/uploads\/2011\/03\/110318_Ecuador_Galapagos_104.jpg 592w\" sizes=\"(max-width: 265px) 100vw, 265px\" \/><\/a><\/p>\n<p><a title=\"Foto: Christian Schubert\" rel=\"lightbox[roadtrip]\" href=\"http:\/\/www.fuldaer-nachrichten.de\/wp-content\/uploads\/2011\/03\/110318_Ecuador_Galapagos_069.jpg\" target=\"_blank\"><img decoding=\"async\" src=\"http:\/\/www.fuldaer-nachrichten.de\/wp-content\/uploads\/2011\/03\/110318_Ecuador_Galapagos_069.thumbnail.jpg\" alt=\"110318_Ecuador_Galapagos_069.jpg\" width=\"265\" \/><\/a> <a title=\"Foto: Christian Schubert\" rel=\"lightbox[roadtrip]\" href=\"http:\/\/www.fuldaer-nachrichten.de\/wp-content\/uploads\/2011\/03\/110318_Ecuador_Galapagos_071.jpg\" target=\"_blank\"><img decoding=\"async\" src=\"http:\/\/www.fuldaer-nachrichten.de\/wp-content\/uploads\/2011\/03\/110318_Ecuador_Galapagos_071.thumbnail.jpg\" alt=\"110318_Ecuador_Galapagos_071.jpg\" width=\"265\" \/><\/a><a title=\"Foto: Christian Schubert\" rel=\"lightbox[roadtrip]\" href=\"http:\/\/www.fuldaer-nachrichten.de\/wp-content\/uploads\/2011\/03\/110318_Ecuador_Galapagos_070.jpg\" target=\"_blank\"> <\/a><\/p>\n<p><a title=\"Foto: Christian Schubert\" rel=\"lightbox[roadtrip]\" href=\"http:\/\/www.fuldaer-nachrichten.de\/wp-content\/uploads\/2011\/03\/110318_Ecuador_Galapagos_070.jpg\" target=\"_blank\"> <\/a><a title=\"Foto: Christian Schubert\" rel=\"lightbox[roadtrip]\" href=\"http:\/\/www.fuldaer-nachrichten.de\/wp-content\/uploads\/2011\/03\/110318_Ecuador_Galapagos_074.jpg\" target=\"_blank\"><img decoding=\"async\" src=\"http:\/\/www.fuldaer-nachrichten.de\/wp-content\/uploads\/2011\/03\/110318_Ecuador_Galapagos_074.thumbnail.jpg\" alt=\"110318_Ecuador_Galapagos_074.jpg\" width=\"265\" \/><\/a> <a title=\"Foto: Christian Schubert\" rel=\"lightbox[roadtrip]\" href=\"http:\/\/www.fuldaer-nachrichten.de\/wp-content\/uploads\/2011\/03\/110318_Ecuador_Galapagos_073.jpg\" target=\"_blank\"><img decoding=\"async\" src=\"..\/wp-content\/uploads\/2011\/03\/110318_Ecuador_Galapagos_070.thumbnail.jpg\" alt=\"110318_Ecuador_Galapagos_070.jpg\" width=\"265\" \/> <\/a><\/p>\n<p><a href=\"http:\/\/www.fuldaer-nachrichten.de\/wp-content\/uploads\/2011\/03\/110318_Ecuador_Galapagos_096-1.jpg\"><img loading=\"lazy\" decoding=\"async\" class=\"alignnone size-thumbnail wp-image-83840\" title=\"110318_Ecuador_Galapagos_096 (1)\" src=\"http:\/\/www.fuldaer-nachrichten.de\/wp-content\/uploads\/2011\/03\/110318_Ecuador_Galapagos_096-1-265x175.jpg\" alt=\"\" width=\"265\" height=\"175\" srcset=\"https:\/\/www.fuldaernachrichten.de\/wp-content\/uploads\/2011\/03\/110318_Ecuador_Galapagos_096-1-265x175.jpg 265w, https:\/\/www.fuldaernachrichten.de\/wp-content\/uploads\/2011\/03\/110318_Ecuador_Galapagos_096-1.jpg 592w\" sizes=\"(max-width: 265px) 100vw, 265px\" \/><\/a> <a href=\"http:\/\/www.fuldaer-nachrichten.de\/wp-content\/uploads\/2011\/03\/110318_Ecuador_Galapagos_099-1.jpg\"><img loading=\"lazy\" decoding=\"async\" class=\"alignnone size-thumbnail wp-image-83842\" title=\"110318_Ecuador_Galapagos_099 (1)\" src=\"http:\/\/www.fuldaer-nachrichten.de\/wp-content\/uploads\/2011\/03\/110318_Ecuador_Galapagos_099-1-265x175.jpg\" alt=\"\" width=\"265\" height=\"175\" srcset=\"https:\/\/www.fuldaernachrichten.de\/wp-content\/uploads\/2011\/03\/110318_Ecuador_Galapagos_099-1-265x175.jpg 265w, https:\/\/www.fuldaernachrichten.de\/wp-content\/uploads\/2011\/03\/110318_Ecuador_Galapagos_099-1.jpg 592w\" sizes=\"(max-width: 265px) 100vw, 265px\" \/><\/a><\/p>\n<p><a href=\"http:\/\/www.fuldaer-nachrichten.de\/wp-content\/uploads\/2011\/03\/110318_Ecuador_Galapagos_098-1.jpg\"><img loading=\"lazy\" decoding=\"async\" class=\"alignnone size-thumbnail wp-image-83843\" title=\"110318_Ecuador_Galapagos_098 (1)\" src=\"http:\/\/www.fuldaer-nachrichten.de\/wp-content\/uploads\/2011\/03\/110318_Ecuador_Galapagos_098-1-265x176.jpg\" alt=\"\" width=\"265\" height=\"176\" srcset=\"https:\/\/www.fuldaernachrichten.de\/wp-content\/uploads\/2011\/03\/110318_Ecuador_Galapagos_098-1-265x176.jpg 265w, https:\/\/www.fuldaernachrichten.de\/wp-content\/uploads\/2011\/03\/110318_Ecuador_Galapagos_098-1.jpg 592w\" sizes=\"(max-width: 265px) 100vw, 265px\" \/><\/a> <a href=\"http:\/\/www.fuldaer-nachrichten.de\/wp-content\/uploads\/2011\/03\/110318_Ecuador_Galapagos_097-11.jpg\"><img loading=\"lazy\" decoding=\"async\" class=\"alignnone size-thumbnail wp-image-83844\" title=\"110318_Ecuador_Galapagos_097 (1)\" src=\"http:\/\/www.fuldaer-nachrichten.de\/wp-content\/uploads\/2011\/03\/110318_Ecuador_Galapagos_097-11-265x176.jpg\" alt=\"\" width=\"265\" height=\"176\" srcset=\"https:\/\/www.fuldaernachrichten.de\/wp-content\/uploads\/2011\/03\/110318_Ecuador_Galapagos_097-11-265x176.jpg 265w, https:\/\/www.fuldaernachrichten.de\/wp-content\/uploads\/2011\/03\/110318_Ecuador_Galapagos_097-11.jpg 592w\" sizes=\"(max-width: 265px) 100vw, 265px\" \/><\/a><\/p>\n<p><a href=\"http:\/\/www.fuldaer-nachrichten.de\/wp-content\/uploads\/2011\/03\/110318_Ecuador_Galapagos_109.jpg\"><img loading=\"lazy\" decoding=\"async\" class=\"alignnone size-thumbnail wp-image-83849\" title=\"110318_Ecuador_Galapagos_109\" src=\"http:\/\/www.fuldaer-nachrichten.de\/wp-content\/uploads\/2011\/03\/110318_Ecuador_Galapagos_109-265x175.jpg\" alt=\"\" width=\"265\" height=\"175\" srcset=\"https:\/\/www.fuldaernachrichten.de\/wp-content\/uploads\/2011\/03\/110318_Ecuador_Galapagos_109-265x175.jpg 265w, https:\/\/www.fuldaernachrichten.de\/wp-content\/uploads\/2011\/03\/110318_Ecuador_Galapagos_109.jpg 592w\" sizes=\"(max-width: 265px) 100vw, 265px\" \/><\/a> <a href=\"http:\/\/www.fuldaer-nachrichten.de\/wp-content\/uploads\/2011\/03\/110318_Ecuador_Galapagos_110.jpg\"><img loading=\"lazy\" decoding=\"async\" class=\"alignnone size-thumbnail wp-image-83850\" title=\"110318_Ecuador_Galapagos_110\" src=\"http:\/\/www.fuldaer-nachrichten.de\/wp-content\/uploads\/2011\/03\/110318_Ecuador_Galapagos_110-265x175.jpg\" alt=\"\" width=\"265\" height=\"175\" srcset=\"https:\/\/www.fuldaernachrichten.de\/wp-content\/uploads\/2011\/03\/110318_Ecuador_Galapagos_110-265x175.jpg 265w, https:\/\/www.fuldaernachrichten.de\/wp-content\/uploads\/2011\/03\/110318_Ecuador_Galapagos_110.jpg 592w\" sizes=\"(max-width: 265px) 100vw, 265px\" \/><\/a><\/p>\n<p><a title=\"Foto: Christian Schubert\" rel=\"lightbox[roadtrip]\" href=\"http:\/\/www.fuldaer-nachrichten.de\/wp-content\/uploads\/2011\/03\/110318_Ecuador_Galapagos_053.jpg\" target=\"_blank\"><img decoding=\"async\" src=\"http:\/\/www.fuldaer-nachrichten.de\/wp-content\/uploads\/2011\/03\/110318_Ecuador_Galapagos_053.thumbnail.jpg\" alt=\"110318_Ecuador_Galapagos_053.jpg\" width=\"265\" \/><\/a><a title=\"Foto: Christian Schubert\" rel=\"lightbox[roadtrip]\" href=\"http:\/\/www.fuldaer-nachrichten.de\/wp-content\/uploads\/2011\/03\/110318_Ecuador_Galapagos_053.jpg\" target=\"_blank\"> <\/a><a title=\"Foto: Christian Schubert\" rel=\"lightbox[roadtrip]\" href=\"..\/wp-content\/uploads\/2011\/03\/110318_Ecuador_Galapagos_073.jpg\" target=\"_blank\"><img decoding=\"async\" src=\"..\/wp-content\/uploads\/2011\/03\/110318_Ecuador_Galapagos_073.thumbnail.jpg\" alt=\"110318_Ecuador_Galapagos_073.jpg\" width=\"265\" \/><\/a><a title=\"Foto: Christian Schubert\" rel=\"lightbox[roadtrip]\" href=\"..\/wp-content\/uploads\/2011\/03\/110318_Ecuador_Galapagos_073.jpg\" target=\"_blank\"> <\/a><\/p>\n<p><a title=\"Foto: Christian Schubert\" rel=\"lightbox[roadtrip]\" href=\"http:\/\/www.fuldaer-nachrichten.de\/wp-content\/uploads\/2011\/03\/110318_Ecuador_Galapagos_053.jpg\" target=\"_blank\"> <\/a><\/p>\n<p><a title=\"Foto: Christian Schubert\" rel=\"lightbox[roadtrip]\" href=\"http:\/\/www.fuldaer-nachrichten.de\/wp-content\/uploads\/2011\/03\/110318_Ecuador_Galapagos_075.jpg\" target=\"_blank\"><img decoding=\"async\" src=\"http:\/\/www.fuldaer-nachrichten.de\/wp-content\/uploads\/2011\/03\/110318_Ecuador_Galapagos_075.thumbnail.jpg\" alt=\"110318_Ecuador_Galapagos_075.jpg\" width=\"265\" \/><\/a> <a title=\"Foto: Christian Schubert\" rel=\"lightbox[roadtrip]\" href=\"http:\/\/www.fuldaer-nachrichten.de\/wp-content\/uploads\/2011\/03\/110318_Ecuador_Galapagos_076.jpg\" target=\"_blank\"><img decoding=\"async\" src=\"http:\/\/www.fuldaer-nachrichten.de\/wp-content\/uploads\/2011\/03\/110318_Ecuador_Galapagos_076.thumbnail.jpg\" alt=\"110318_Ecuador_Galapagos_076.jpg\" width=\"265\" \/><\/a><\/p>\n<p><a title=\"Foto: Christian Schubert\" rel=\"lightbox[roadtrip]\" href=\"http:\/\/www.fuldaer-nachrichten.de\/wp-content\/uploads\/2011\/03\/110318_Ecuador_Galapagos_077.jpg\" target=\"_blank\"><img decoding=\"async\" src=\"http:\/\/www.fuldaer-nachrichten.de\/wp-content\/uploads\/2011\/03\/110318_Ecuador_Galapagos_077.thumbnail.jpg\" alt=\"110318_Ecuador_Galapagos_077.jpg\" width=\"265\" \/><\/a> <a title=\"Foto: Christian Schubert\" rel=\"lightbox[roadtrip]\" href=\"http:\/\/www.fuldaer-nachrichten.de\/wp-content\/uploads\/2011\/03\/110318_Ecuador_Galapagos_078.jpg\" target=\"_blank\"><img decoding=\"async\" src=\"http:\/\/www.fuldaer-nachrichten.de\/wp-content\/uploads\/2011\/03\/110318_Ecuador_Galapagos_078.thumbnail.jpg\" alt=\"110318_Ecuador_Galapagos_078.jpg\" width=\"265\" \/><\/a><\/p>\n<p><a title=\"Foto: Christian Schubert\" rel=\"lightbox[roadtrip]\" href=\"http:\/\/www.fuldaer-nachrichten.de\/wp-content\/uploads\/2011\/03\/110318_Ecuador_Galapagos_079.jpg\" target=\"_blank\"><img decoding=\"async\" src=\"http:\/\/www.fuldaer-nachrichten.de\/wp-content\/uploads\/2011\/03\/110318_Ecuador_Galapagos_079.thumbnail.jpg\" alt=\"110318_Ecuador_Galapagos_079.jpg\" width=\"265\" \/><\/a> <a title=\"Foto: Christian Schubert\" rel=\"lightbox[roadtrip]\" href=\"http:\/\/www.fuldaer-nachrichten.de\/wp-content\/uploads\/2011\/03\/110318_Ecuador_Galapagos_080.jpg\" target=\"_blank\"><img decoding=\"async\" src=\"http:\/\/www.fuldaer-nachrichten.de\/wp-content\/uploads\/2011\/03\/110318_Ecuador_Galapagos_080.thumbnail.jpg\" alt=\"110318_Ecuador_Galapagos_080.jpg\" width=\"265\" \/><\/a><\/p>\n<p><a title=\"Foto: Christian Schubert\" rel=\"lightbox[roadtrip]\" href=\"http:\/\/www.fuldaer-nachrichten.de\/wp-content\/uploads\/2011\/03\/110318_Ecuador_Galapagos_081.jpg\" target=\"_blank\"><img decoding=\"async\" src=\"http:\/\/www.fuldaer-nachrichten.de\/wp-content\/uploads\/2011\/03\/110318_Ecuador_Galapagos_081.thumbnail.jpg\" alt=\"110318_Ecuador_Galapagos_081.jpg\" width=\"265\" \/><\/a> <a title=\"Foto: Christian Schubert\" rel=\"lightbox[roadtrip]\" href=\"http:\/\/www.fuldaer-nachrichten.de\/wp-content\/uploads\/2011\/03\/110318_Ecuador_Galapagos_082.jpg\" target=\"_blank\"><img decoding=\"async\" src=\"http:\/\/www.fuldaer-nachrichten.de\/wp-content\/uploads\/2011\/03\/110318_Ecuador_Galapagos_082.thumbnail.jpg\" alt=\"110318_Ecuador_Galapagos_082.jpg\" width=\"265\" \/><\/a><\/p>\n<p><a title=\"Foto: Christian Schubert\" rel=\"lightbox[roadtrip]\" href=\"http:\/\/www.fuldaer-nachrichten.de\/wp-content\/uploads\/2011\/03\/110318_Ecuador_Galapagos_083.jpg\" target=\"_blank\"><img decoding=\"async\" src=\"http:\/\/www.fuldaer-nachrichten.de\/wp-content\/uploads\/2011\/03\/110318_Ecuador_Galapagos_083.thumbnail.jpg\" alt=\"110318_Ecuador_Galapagos_083.jpg\" width=\"265\" \/><\/a> <a title=\"Foto: Christian Schubert\" rel=\"lightbox[roadtrip]\" href=\"http:\/\/www.fuldaer-nachrichten.de\/wp-content\/uploads\/2011\/03\/110318_Ecuador_Galapagos_084.jpg\" target=\"_blank\"><img decoding=\"async\" src=\"http:\/\/www.fuldaer-nachrichten.de\/wp-content\/uploads\/2011\/03\/110318_Ecuador_Galapagos_084.thumbnail.jpg\" alt=\"110318_Ecuador_Galapagos_084.jpg\" width=\"265\" \/><\/a><\/p>\n<p><a title=\"Foto: Christian Schubert\" rel=\"lightbox[roadtrip]\" href=\"http:\/\/www.fuldaer-nachrichten.de\/wp-content\/uploads\/2011\/03\/110318_Ecuador_Galapagos_085.jpg\" target=\"_blank\"><img decoding=\"async\" src=\"http:\/\/www.fuldaer-nachrichten.de\/wp-content\/uploads\/2011\/03\/110318_Ecuador_Galapagos_085.thumbnail.jpg\" alt=\"110318_Ecuador_Galapagos_085.jpg\" width=\"265\" \/><\/a> <a title=\"Foto: Christian Schubert\" rel=\"lightbox[roadtrip]\" href=\"http:\/\/www.fuldaer-nachrichten.de\/wp-content\/uploads\/2011\/03\/110318_Ecuador_Galapagos_086.jpg\" target=\"_blank\"><img decoding=\"async\" src=\"http:\/\/www.fuldaer-nachrichten.de\/wp-content\/uploads\/2011\/03\/110318_Ecuador_Galapagos_086.thumbnail.jpg\" alt=\"110318_Ecuador_Galapagos_086.jpg\" width=\"265\" \/><\/a><\/p>\n<p><a title=\"Foto: Christian Schubert\" rel=\"lightbox[roadtrip]\" href=\"http:\/\/www.fuldaer-nachrichten.de\/wp-content\/uploads\/2011\/03\/110318_Ecuador_Galapagos_087.jpg\" target=\"_blank\"><img decoding=\"async\" src=\"http:\/\/www.fuldaer-nachrichten.de\/wp-content\/uploads\/2011\/03\/110318_Ecuador_Galapagos_087.thumbnail.jpg\" alt=\"110318_Ecuador_Galapagos_087.jpg\" width=\"265\" \/><\/a> <a title=\"Foto: Christian Schubert\" rel=\"lightbox[roadtrip]\" href=\"http:\/\/www.fuldaer-nachrichten.de\/wp-content\/uploads\/2011\/03\/110318_Ecuador_Galapagos_088.jpg\" target=\"_blank\"><img decoding=\"async\" src=\"http:\/\/www.fuldaer-nachrichten.de\/wp-content\/uploads\/2011\/03\/110318_Ecuador_Galapagos_088.thumbnail.jpg\" alt=\"110318_Ecuador_Galapagos_088.jpg\" width=\"265\" \/><\/a><\/p>\n<p><a title=\"Foto: Christian Schubert\" rel=\"lightbox[roadtrip]\" href=\"http:\/\/www.fuldaer-nachrichten.de\/wp-content\/uploads\/2011\/03\/110318_Ecuador_Galapagos_089.jpg\" target=\"_blank\"><img decoding=\"async\" src=\"http:\/\/www.fuldaer-nachrichten.de\/wp-content\/uploads\/2011\/03\/110318_Ecuador_Galapagos_089.thumbnail.jpg\" alt=\"110318_Ecuador_Galapagos_089.jpg\" width=\"265\" \/><\/a> <a title=\"Foto: Christian Schubert\" rel=\"lightbox[roadtrip]\" href=\"http:\/\/www.fuldaer-nachrichten.de\/wp-content\/uploads\/2011\/03\/110318_Ecuador_Galapagos_090.jpg\" target=\"_blank\"><img decoding=\"async\" src=\"http:\/\/www.fuldaer-nachrichten.de\/wp-content\/uploads\/2011\/03\/110318_Ecuador_Galapagos_090.thumbnail.jpg\" alt=\"110318_Ecuador_Galapagos_090.jpg\" width=\"265\" \/><\/a><\/p>\n<p><a title=\"Foto: Christian Schubert\" rel=\"lightbox[roadtrip]\" href=\"http:\/\/www.fuldaer-nachrichten.de\/wp-content\/uploads\/2011\/03\/110318_Ecuador_Galapagos_091.jpg\" target=\"_blank\"><img decoding=\"async\" src=\"http:\/\/www.fuldaer-nachrichten.de\/wp-content\/uploads\/2011\/03\/110318_Ecuador_Galapagos_091.thumbnail.jpg\" alt=\"110318_Ecuador_Galapagos_091.jpg\" width=\"265\" \/><\/a> <a title=\"Foto: Christian Schubert\" rel=\"lightbox[roadtrip]\" href=\"http:\/\/www.fuldaer-nachrichten.de\/wp-content\/uploads\/2011\/03\/110318_Ecuador_Galapagos_092.jpg\" target=\"_blank\"><img decoding=\"async\" src=\"http:\/\/www.fuldaer-nachrichten.de\/wp-content\/uploads\/2011\/03\/110318_Ecuador_Galapagos_092.thumbnail.jpg\" alt=\"110318_Ecuador_Galapagos_092.jpg\" width=\"265\" \/><\/a><\/p>\n<p><a title=\"Foto: Christian Schubert\" rel=\"lightbox[roadtrip]\" href=\"http:\/\/www.fuldaer-nachrichten.de\/wp-content\/uploads\/2011\/03\/110318_Ecuador_Galapagos_093.jpg\" target=\"_blank\"><img decoding=\"async\" src=\"http:\/\/www.fuldaer-nachrichten.de\/wp-content\/uploads\/2011\/03\/110318_Ecuador_Galapagos_093.thumbnail.jpg\" alt=\"110318_Ecuador_Galapagos_093.jpg\" width=\"265\" \/><\/a> <a title=\"Foto: Christian Schubert\" rel=\"lightbox[roadtrip]\" href=\"http:\/\/www.fuldaer-nachrichten.de\/wp-content\/uploads\/2011\/03\/110318_Ecuador_Galapagos_096.jpg\" target=\"_blank\"><img decoding=\"async\" src=\"http:\/\/www.fuldaer-nachrichten.de\/wp-content\/uploads\/2011\/03\/110318_Ecuador_Galapagos_096.thumbnail.jpg\" alt=\"110318_Ecuador_Galapagos_096.jpg\" width=\"265\" \/><\/a><\/p>\n<p><a title=\"Foto: Christian Schubert\" rel=\"lightbox[roadtrip]\" href=\"http:\/\/www.fuldaer-nachrichten.de\/wp-content\/uploads\/2011\/03\/110318_Ecuador_Galapagos_095.jpg\" target=\"_blank\"><img decoding=\"async\" src=\"http:\/\/www.fuldaer-nachrichten.de\/wp-content\/uploads\/2011\/03\/110318_Ecuador_Galapagos_095.thumbnail.jpg\" alt=\"110318_Ecuador_Galapagos_095.jpg\" width=\"265\" \/><\/a> <a title=\"Foto: Christian Schubert\" rel=\"lightbox[roadtrip]\" href=\"http:\/\/www.fuldaer-nachrichten.de\/wp-content\/uploads\/2011\/03\/110318_Ecuador_Galapagos_094.jpg\" target=\"_blank\"><img decoding=\"async\" src=\"http:\/\/www.fuldaer-nachrichten.de\/wp-content\/uploads\/2011\/03\/110318_Ecuador_Galapagos_094.thumbnail.jpg\" alt=\"110318_Ecuador_Galapagos_094.jpg\" width=\"265\" \/><\/a><\/p>\n<p><a title=\"Foto: Christian Schubert\" rel=\"lightbox[roadtrip]\" href=\"http:\/\/www.fuldaer-nachrichten.de\/wp-content\/uploads\/2011\/03\/110318_Ecuador_Galapagos_097.jpg\" target=\"_blank\"><img decoding=\"async\" src=\"http:\/\/www.fuldaer-nachrichten.de\/wp-content\/uploads\/2011\/03\/110318_Ecuador_Galapagos_097.thumbnail.jpg\" alt=\"110318_Ecuador_Galapagos_097.jpg\" width=\"265\" \/><\/a> <a title=\"Foto: Christian Schubert\" rel=\"lightbox[roadtrip]\" href=\"http:\/\/www.fuldaer-nachrichten.de\/wp-content\/uploads\/2011\/03\/110318_Ecuador_Galapagos_098.jpg\" target=\"_blank\"><img decoding=\"async\" src=\"http:\/\/www.fuldaer-nachrichten.de\/wp-content\/uploads\/2011\/03\/110318_Ecuador_Galapagos_098.thumbnail.jpg\" alt=\"110318_Ecuador_Galapagos_098.jpg\" width=\"265\" \/><\/a><\/p>\n<p><a title=\"Foto: Christian Schubert\" rel=\"lightbox[roadtrip]\" href=\"http:\/\/www.fuldaer-nachrichten.de\/wp-content\/uploads\/2011\/03\/110318_Ecuador_Galapagos_072.jpg\" target=\"_blank\"><img decoding=\"async\" src=\"http:\/\/www.fuldaer-nachrichten.de\/wp-content\/uploads\/2011\/03\/110318_Ecuador_Galapagos_072.thumbnail.jpg\" alt=\"110318_Ecuador_Galapagos_072.jpg\" width=\"265\" \/> <\/a><a title=\"Foto: Christian Schubert\" rel=\"lightbox[roadtrip]\" href=\"http:\/\/www.fuldaer-nachrichten.de\/wp-content\/uploads\/2011\/03\/110318_Ecuador_Galapagos_099.jpg\" target=\"_blank\"><img decoding=\"async\" src=\"http:\/\/www.fuldaer-nachrichten.de\/wp-content\/uploads\/2011\/03\/110318_Ecuador_Galapagos_099.thumbnail.jpg\" alt=\"110318_Ecuador_Galapagos_099.jpg\" width=\"265\" \/><\/a><\/p>\n<p><a title=\"Foto: Christian Schubert\" rel=\"lightbox[roadtrip]\" href=\"http:\/\/www.fuldaer-nachrichten.de\/wp-content\/uploads\/2011\/03\/110318_Ecuador_Galapagos_099.jpg\" target=\"_blank\"><\/a><a title=\"Foto: Christian Schubert\" rel=\"lightbox[roadtrip]\" href=\"http:\/\/www.fuldaer-nachrichten.de\/wp-content\/uploads\/2011\/03\/110318_Ecuador_Galapagos_001.jpg\" target=\"_blank\"><img decoding=\"async\" src=\"http:\/\/www.fuldaer-nachrichten.de\/wp-content\/uploads\/2011\/03\/110318_Ecuador_Galapagos_001.thumbnail.jpg\" alt=\"110318_Ecuador_Galapagos_001.jpg\" width=\"265\" \/><\/a><\/p>\n<p><a title=\"Foto: Christian Schubert\" rel=\"lightbox[roadtrip]\" href=\"http:\/\/www.fuldaer-nachrichten.de\/wp-content\/uploads\/2011\/03\/110318_Ecuador_Galapagos_047.jpg\" target=\"_blank\"><br \/>\n<\/a><\/p>\n<p><a title=\"Foto: Christian Schubert\" rel=\"lightbox[roadtrip]\" href=\"http:\/\/www.fuldaer-nachrichten.de\/wp-content\/uploads\/2011\/03\/110318_Ecuador_Galapagos_014.jpg\" target=\"_blank\"><br \/>\n<\/a><\/p>\n","protected":false},"excerpt":{"rendered":"<div class=\"tmnf_excerpt\"><p>Fulda. Auf den Spuren von Charles Darwin &amp; Alexander von Humboldt konnte Christian Schubert, Inhaber des Spezialreiseveranstalters Berghorizonte, letzes Jahr die H\u00f6hepunkte Ecuadors entdecken. Ecuador- und die Galapagos Inseln sind die letzten R\u00fcckzugsgebiete f\u00fcr bedrohte und endemische Tiere. Durch die direkte Lage am \u00c4quator ist die Vegetation im Hochland, das teilweise bis auf 6000m H\u00f6he &hellip;<\/p>\n<\/div>","protected":false},"author":1,"featured_media":0,"comment_status":"closed","ping_status":"closed","sticky":false,"template":"","format":"standard","meta":{"footnotes":""},"categories":[1,54,52],"tags":[],"class_list":["post-83839","post","type-post","status-publish","format-standard","hentry","category-startseite","category-bildergalerien","category-umwelt"],"_links":{"self":[{"href":"https:\/\/www.fuldaernachrichten.de\/index.php?rest_route=\/wp\/v2\/posts\/83839","targetHints":{"allow":["GET"]}}],"collection":[{"href":"https:\/\/www.fuldaernachrichten.de\/index.php?rest_route=\/wp\/v2\/posts"}],"about":[{"href":"https:\/\/www.fuldaernachrichten.de\/index.php?rest_route=\/wp\/v2\/types\/post"}],"author":[{"embeddable":true,"href":"https:\/\/www.fuldaernachrichten.de\/index.php?rest_route=\/wp\/v2\/users\/1"}],"replies":[{"embeddable":true,"href":"https:\/\/www.fuldaernachrichten.de\/index.php?rest_route=%2Fwp%2Fv2%2Fcomments&post=83839"}],"version-history":[{"count":0,"href":"https:\/\/www.fuldaernachrichten.de\/index.php?rest_route=\/wp\/v2\/posts\/83839\/revisions"}],"wp:attachment":[{"href":"https:\/\/www.fuldaernachrichten.de\/index.php?rest_route=%2Fwp%2Fv2%2Fmedia&parent=83839"}],"wp:term":[{"taxonomy":"category","embeddable":true,"href":"https:\/\/www.fuldaernachrichten.de\/index.php?rest_route=%2Fwp%2Fv2%2Fcategories&post=83839"},{"taxonomy":"post_tag","embeddable":true,"href":"https:\/\/www.fuldaernachrichten.de\/index.php?rest_route=%2Fwp%2Fv2%2Ftags&post=83839"}],"curies":[{"name":"wp","href":"https:\/\/api.w.org\/{rel}","templated":true}]}}