{"id":8380,"date":"2008-04-03T00:11:52","date_gmt":"2008-04-02T22:11:52","guid":{"rendered":"http:\/\/www.schoene-nachrichten.de\/?p=8380"},"modified":"2008-04-03T00:11:52","modified_gmt":"2008-04-02T22:11:52","slug":"wasserkraft-regenerative-energie-mit-zukunft","status":"publish","type":"post","link":"https:\/\/www.fuldaernachrichten.de\/?p=8380","title":{"rendered":"Wasserkraft \u2013 regenerative Energie mit Zukunft"},"content":{"rendered":"<p><strong>Termin.<\/strong> Der Landkreis Fulda, Biosph\u00e4renreservat Rh\u00f6n, l\u00e4dt f\u00fcr Donnerstag, 10. April 2008 um 19.00 Uhr, zum Vortrag \u201eWasserkraft \u2013 regenerative Energie mit Zukunft\u201c in den Gasthof \u201eZum Goldenen Stern\u201c nach H\u00fcnfeld-Gro\u00dfenbach ein. Referent ist Martin Kremer von der Verwaltungsstelle des Biosph\u00e4renreservats, der sich seit 1996 mit den heimischen Wasserkr\u00e4ften befasst und die Bedeutung der Wasserkraft als regeneratives Energiepotenzial, regionales Kulturgut und die Bedeutung der letzten Getreidem\u00fchlen als Bindeglied zwischen Landwirtschaft und B\u00e4ckerei darstellt. Die Veranstaltung ist kostenfrei.<\/p>\n","protected":false},"excerpt":{"rendered":"<div class=\"tmnf_excerpt\"><p>Termin. Der Landkreis Fulda, Biosph\u00e4renreservat Rh\u00f6n, l\u00e4dt f\u00fcr Donnerstag, 10. April 2008 um 19.00 Uhr, zum Vortrag \u201eWasserkraft \u2013 regenerative Energie mit Zukunft\u201c in den Gasthof \u201eZum Goldenen Stern\u201c nach H\u00fcnfeld-Gro\u00dfenbach ein. Referent ist Martin Kremer von der Verwaltungsstelle des Biosph\u00e4renreservats, der sich seit 1996 mit den heimischen Wasserkr\u00e4ften befasst und die Bedeutung der Wasserkraft &hellip;<\/p>\n<\/div>","protected":false},"author":1,"featured_media":0,"comment_status":"closed","ping_status":"closed","sticky":false,"template":"","format":"standard","meta":{"footnotes":""},"categories":[1,52],"tags":[],"class_list":["post-8380","post","type-post","status-publish","format-standard","hentry","category-startseite","category-umwelt"],"_links":{"self":[{"href":"https:\/\/www.fuldaernachrichten.de\/index.php?rest_route=\/wp\/v2\/posts\/8380","targetHints":{"allow":["GET"]}}],"collection":[{"href":"https:\/\/www.fuldaernachrichten.de\/index.php?rest_route=\/wp\/v2\/posts"}],"about":[{"href":"https:\/\/www.fuldaernachrichten.de\/index.php?rest_route=\/wp\/v2\/types\/post"}],"author":[{"embeddable":true,"href":"https:\/\/www.fuldaernachrichten.de\/index.php?rest_route=\/wp\/v2\/users\/1"}],"replies":[{"embeddable":true,"href":"https:\/\/www.fuldaernachrichten.de\/index.php?rest_route=%2Fwp%2Fv2%2Fcomments&post=8380"}],"version-history":[{"count":0,"href":"https:\/\/www.fuldaernachrichten.de\/index.php?rest_route=\/wp\/v2\/posts\/8380\/revisions"}],"wp:attachment":[{"href":"https:\/\/www.fuldaernachrichten.de\/index.php?rest_route=%2Fwp%2Fv2%2Fmedia&parent=8380"}],"wp:term":[{"taxonomy":"category","embeddable":true,"href":"https:\/\/www.fuldaernachrichten.de\/index.php?rest_route=%2Fwp%2Fv2%2Fcategories&post=8380"},{"taxonomy":"post_tag","embeddable":true,"href":"https:\/\/www.fuldaernachrichten.de\/index.php?rest_route=%2Fwp%2Fv2%2Ftags&post=8380"}],"curies":[{"name":"wp","href":"https:\/\/api.w.org\/{rel}","templated":true}]}}