{"id":8366,"date":"2008-03-21T01:40:30","date_gmt":"2008-03-21T00:40:30","guid":{"rendered":"http:\/\/www.schoene-nachrichten.de\/?p=8366"},"modified":"2008-12-15T13:16:15","modified_gmt":"2008-12-15T12:16:15","slug":"mit-spass-und-praxisbezug-in-der-kinderuniversitaet-lernen","status":"publish","type":"post","link":"https:\/\/www.fuldaernachrichten.de\/?p=8366","title":{"rendered":"Mit Spa\u00df und Praxisbezug in der Kinderuniversit\u00e4t lernen"},"content":{"rendered":"<p><strong>Fulda.<\/strong> Mit viel Eifer, Interesse und Spa\u00df folgten die 8 bis 12-j\u00e4hrigen Zuh\u00f6rer der letzten Veranstaltung der Kinderuniversit\u00e4t 2008 in der Kinderakademie Fulda. Das Thema \u201eRiechen, schmecken, h\u00f6ren \u2013 wie geht das?\u201c stie\u00df bei den Kleinen auf gro\u00dfe Resonanz. Im vollbesetzten \u201eH\u00f6rsaal\u201c erkl\u00e4rte  Prof. Dr. Dr. h. c. Wolfgang Draf FRCS in anschaulicher Weise, welche Funktionen unsere Sinne haben.<\/p>\n<p><strong>Video:<\/strong> Max Colin Heydenreich<\/p>\n<p><!--more--><\/p>\n<p>Mit Klangsbeispielen, bei denen konzentriertes Zuh\u00f6ren gefragt war, sensibilisierte Draf sein Publikum f\u00fcr die Wichtigkeit unseres Geh\u00f6rs. \u201eIch m\u00f6chte euch zeigen, was man mit diesem feinen Organ alles feststellen kann\u201c. Dieses Anliegen des Professors wurde sofort erf\u00fcllt, denn die Kinder zeigten durch qualifizierte Beitr\u00e4ge, wie genau sie die mitgebrachten Klangbeispiele wahrnehmen konnten.<\/p>\n<p>Anhand eines Ohrmodells erkl\u00e4rte Draf seinen Zuh\u00f6rern anschlie\u00dfend, wieso der Mensch in der Lage ist zu h\u00f6ren und wie Ger\u00e4usche \u00fcbertragen werden. Auch hier zeigte der Nachwuchs sich wieder sehr engagiert und trug mit vielen Fragen und Geschichten aus der eigenen Erfahrungswelt dazu bei, dass das Thema anschaulich und auf den Alltag bezogen dargestellt wurde.<\/p>\n<p>Eifrig  waren die Kleinen auch bei dem Themenkomplex Riechen und Schmecken dabei. Mithilfe von Geruchsproben bekamen sie einen praktischen Einblick in das, was ihr Geruchssinn leisten kann und \u00fcberzeugten auch hier wieder mit feinen Nasen und guten Antworten.<\/p>\n<p>Dass Riechen und Schmecken eng zusammen geh\u00f6ren, gab der Professor seinen Sch\u00fctzlingen mit auf den Weg und forderte sie auf: \u201eMan kann nicht gut schmecken, wenn man nicht riechen kann. Das k\u00f6nnt ihr zuhause mal selbst mit einem kleinen Experiment probieren. Haltet euch doch mal die Nase zu und esst etwas.\u201c<\/p>\n<p>Dass man diesen Versuch auch direkt in der Kinderuniversit\u00e4t durchf\u00fchren kann, zeigte ein kreativer Zuh\u00f6rer, indem er sich kurzum ein Bonbon in den Mund steckte und sich die Nase zuhielt.<\/p>\n<p>Das gro\u00dfe Interesse und der Wissensdurst seiner Zuh\u00f6rer beeindruckten den Professor so, dass er am Ende \u201eeinfach nur platt\u201c war. Und die kleinen Zuh\u00f6rer waren sich sicher, dass sie auch im n\u00e4chsten Jahr wieder in die Kinderuniversit\u00e4t gehen wollen, denn die \u201eist toll, weil immer alles gut erkl\u00e4rt wird und die Themen interessant sind.\u201c (Angela Kredig)<\/p>\n","protected":false},"excerpt":{"rendered":"<div class=\"tmnf_excerpt\"><p>Fulda. Mit viel Eifer, Interesse und Spa\u00df folgten die 8 bis 12-j\u00e4hrigen Zuh\u00f6rer der letzten Veranstaltung der Kinderuniversit\u00e4t 2008 in der Kinderakademie Fulda. Das Thema \u201eRiechen, schmecken, h\u00f6ren \u2013 wie geht das?\u201c stie\u00df bei den Kleinen auf gro\u00dfe Resonanz. Im vollbesetzten \u201eH\u00f6rsaal\u201c erkl\u00e4rte Prof. Dr. Dr. h. c. Wolfgang Draf FRCS in anschaulicher Weise, welche &hellip;<\/p>\n<\/div>","protected":false},"author":1,"featured_media":0,"comment_status":"closed","ping_status":"closed","sticky":false,"template":"","format":"standard","meta":{"footnotes":""},"categories":[1,54,53,51,79,48],"tags":[],"class_list":["post-8366","post","type-post","status-publish","format-standard","hentry","category-startseite","category-bildergalerien","category-bildung","category-medizin","category-kino","category-forschung"],"_links":{"self":[{"href":"https:\/\/www.fuldaernachrichten.de\/index.php?rest_route=\/wp\/v2\/posts\/8366","targetHints":{"allow":["GET"]}}],"collection":[{"href":"https:\/\/www.fuldaernachrichten.de\/index.php?rest_route=\/wp\/v2\/posts"}],"about":[{"href":"https:\/\/www.fuldaernachrichten.de\/index.php?rest_route=\/wp\/v2\/types\/post"}],"author":[{"embeddable":true,"href":"https:\/\/www.fuldaernachrichten.de\/index.php?rest_route=\/wp\/v2\/users\/1"}],"replies":[{"embeddable":true,"href":"https:\/\/www.fuldaernachrichten.de\/index.php?rest_route=%2Fwp%2Fv2%2Fcomments&post=8366"}],"version-history":[{"count":3,"href":"https:\/\/www.fuldaernachrichten.de\/index.php?rest_route=\/wp\/v2\/posts\/8366\/revisions"}],"predecessor-version":[{"id":17504,"href":"https:\/\/www.fuldaernachrichten.de\/index.php?rest_route=\/wp\/v2\/posts\/8366\/revisions\/17504"}],"wp:attachment":[{"href":"https:\/\/www.fuldaernachrichten.de\/index.php?rest_route=%2Fwp%2Fv2%2Fmedia&parent=8366"}],"wp:term":[{"taxonomy":"category","embeddable":true,"href":"https:\/\/www.fuldaernachrichten.de\/index.php?rest_route=%2Fwp%2Fv2%2Fcategories&post=8366"},{"taxonomy":"post_tag","embeddable":true,"href":"https:\/\/www.fuldaernachrichten.de\/index.php?rest_route=%2Fwp%2Fv2%2Ftags&post=8366"}],"curies":[{"name":"wp","href":"https:\/\/api.w.org\/{rel}","templated":true}]}}