{"id":83603,"date":"2011-03-30T00:15:45","date_gmt":"2011-03-30T00:15:45","guid":{"rendered":"http:\/\/www.fuldaer-nachrichten.de\/?p=83603"},"modified":"2011-03-29T15:10:52","modified_gmt":"2011-03-29T15:10:52","slug":"bilder-und-bildungsangebote-im-fokus-vhs-der-stadt-fulda-prasentiert-sich-im-uwag-kundenzentrum","status":"publish","type":"post","link":"https:\/\/www.fuldaernachrichten.de\/?p=83603","title":{"rendered":"Bilder und Bildungsangebote im Fokus &#8211; vhs der Stadt Fulda pr\u00e4sentiert sich im \u00dcWAG-Kundenzentrum"},"content":{"rendered":"<p><a title=\"Foto: Max Colin Heydenreich\" rel=\"lightbox[roadtrip]\" href=\"http:\/\/www.fuldaer-nachrichten.de\/wp-content\/uploads\/2011\/03\/110314_Uewag_073.jpg\" target=\"_blank\"><img decoding=\"async\" src=\"http:\/\/www.fuldaer-nachrichten.de\/wp-content\/uploads\/2011\/03\/110314_Uewag_073.jpg\" alt=\"110314_Uewag_073.jpg\" width=\"560\" \/><\/a><strong> <\/strong><\/p>\n<p><strong>Fulda. <\/strong>Die Bildungsangebote der Volkshochschule (vhs) der Stadt Fulda sind das Thema einer Ausstellung, die das Bildungsinstitut gemeinsam mit der \u00dcberlandwerk Fulda Aktiengesellschaft im Kundenzentrum des Energieversorgers in der Fuldaer Bahnhofstra\u00dfe pr\u00e4sentiert. Themenschwerpunkt ist der Kreativkurs \u201eMorgenmaler\u201c, dessen Teilnehmerinnen und Teilnehmer im \u00dcWAG-Kundenzentrum eine Auswahl ihrer Werke zeigen. Er\u00f6ffnet wird die Ausstellung mit einem bunten Programm am Montag, 4. April 2011, um 18:00 Uhr. Der Morgenmaler-Kurs ist mittlerweile eine echte Institution im Kursprogramm der vhs der Stadt Fulda.<\/p>\n<p><strong>Fotos (56):<\/strong> Max Colin Heydenreich<!--more--><\/p>\n<p>Seit \u00fcber 15 Jahren treffen sich malbegeisterte Frauen und M\u00e4nner immer montagmorgens in der K\u00fcnstlergalerie des Vonderau Museums, um unter Anleitung von Kursleiterin Linda Doernbach im Licht der neuen Woche gemeinsam zu malen. Im Laufe der Zeit sind so zahlreiche sehenswerte Bilder in unterschiedlichen Maltechniken entstanden, die mit der Ausstellung im \u00dcWAG-Kundenzentrum erstmals einer breiten \u00d6ffentlichkeit zug\u00e4nglich gemacht werden. Anhand zahlreicher Informationstafeln pr\u00e4sentiert die Volkshochschule der Stadt Fulda in einem eigenen Ausstellungsteil dar\u00fcber hinaus die weiteren Bildungsangebote ihres Kursprogramms.<\/p>\n<p><a title=\"Foto: Max Colin Heydenreich\" rel=\"lightbox[roadtrip]\" href=\"http:\/\/www.fuldaer-nachrichten.de\/wp-content\/uploads\/2011\/03\/110314_Uewag_034.jpg\" target=\"_blank\"><img decoding=\"async\" src=\"http:\/\/www.fuldaer-nachrichten.de\/wp-content\/uploads\/2011\/03\/110314_Uewag_034.thumbnail.jpg\" alt=\"110314_Uewag_034.jpg\" width=\"265\" \/> <\/a><a title=\"Foto: Max Colin Heydenreich\" rel=\"lightbox[roadtrip]\" href=\"http:\/\/www.fuldaer-nachrichten.de\/wp-content\/uploads\/2011\/03\/110314_Uewag_038.jpg\" target=\"_blank\"><img decoding=\"async\" src=\"http:\/\/www.fuldaer-nachrichten.de\/wp-content\/uploads\/2011\/03\/110314_Uewag_038.thumbnail.jpg\" alt=\"110314_Uewag_038.jpg\" width=\"265\" \/><\/a><\/p>\n<p><a title=\"Foto: Max Colin Heydenreich\" rel=\"lightbox[roadtrip]\" href=\"http:\/\/www.fuldaer-nachrichten.de\/wp-content\/uploads\/2011\/03\/110314_Uewag_023.jpg\" target=\"_blank\"><img decoding=\"async\" src=\"http:\/\/www.fuldaer-nachrichten.de\/wp-content\/uploads\/2011\/03\/110314_Uewag_023.thumbnail.jpg\" alt=\"110314_Uewag_023.jpg\" width=\"265\" \/><\/a> <a title=\"Foto: Max Colin Heydenreich\" rel=\"lightbox[roadtrip]\" href=\"http:\/\/www.fuldaer-nachrichten.de\/wp-content\/uploads\/2011\/03\/110314_Uewag_024.jpg\" target=\"_blank\"><img decoding=\"async\" src=\"http:\/\/www.fuldaer-nachrichten.de\/wp-content\/uploads\/2011\/03\/110314_Uewag_024.thumbnail.jpg\" alt=\"110314_Uewag_024.jpg\" width=\"265\" \/><\/a><\/p>\n<p>Offiziell er\u00f6ffnet wird die Ausstellung am Montag, 4. April 2011, um 18:00 Uhr. Zum Programm an diesem Abend geh\u00f6rt unter anderem ein Kurzvortrag von Dr. Franz-Georg Trabert, dem Leiter der Volkshochschule der Stadt Fulda, der \u00fcber das Thema \u201eKreativit\u00e4t in der Volkshochschule\u201c berichtet. Umrahmt wird die Ausstellungser\u00f6ffnung von Auftritten der \u201eFischgretchen\u201c, der Theatergruppe des Jugendbildungswerkes der Stadt Fulda, die Teile aus ihrem aktuellen Programm &#8220;GewissensBISSE oder Mit Essen spielt man nicht?&#8221; auff\u00fchren.<\/p>\n<p><strong>Die Ausstellung \u201eVolkshochschule der Stadt Fulda\u201c ist bis zum 18. April 2011 w\u00e4hrend der gewohnten \u00d6ffnungszeiten des \u00dcWAG-Kundenzentrums zu sehen: montags bis freitags von 9:00 bis 19:00 Uhr und samstags von 9:00 bis 13:00 Uhr.<\/strong><\/p>\n<p><a title=\"Foto: Max Colin Heydenreich\" rel=\"lightbox[roadtrip]\" href=\"http:\/\/www.fuldaer-nachrichten.de\/wp-content\/uploads\/2011\/03\/110314_Uewag_029.jpg\" target=\"_blank\"><img decoding=\"async\" src=\"http:\/\/www.fuldaer-nachrichten.de\/wp-content\/uploads\/2011\/03\/110314_Uewag_029.thumbnail.jpg\" alt=\"110314_Uewag_029.jpg\" width=\"265\" \/><\/a> <a title=\"Foto: Max Colin Heydenreich\" rel=\"lightbox[roadtrip]\" href=\"http:\/\/www.fuldaer-nachrichten.de\/wp-content\/uploads\/2011\/03\/110314_Uewag_030.jpg\" target=\"_blank\"><img decoding=\"async\" src=\"http:\/\/www.fuldaer-nachrichten.de\/wp-content\/uploads\/2011\/03\/110314_Uewag_030.thumbnail.jpg\" alt=\"110314_Uewag_030.jpg\" width=\"265\" \/><\/a><\/p>\n<p><a title=\"Foto: Max Colin Heydenreich\" rel=\"lightbox[roadtrip]\" href=\"http:\/\/www.fuldaer-nachrichten.de\/wp-content\/uploads\/2011\/03\/110314_Uewag_001.jpg\" target=\"_blank\"><img decoding=\"async\" src=\"http:\/\/www.fuldaer-nachrichten.de\/wp-content\/uploads\/2011\/03\/110314_Uewag_001.thumbnail.jpg\" alt=\"110314_Uewag_001.jpg\" width=\"265\" \/><\/a> <a title=\"Foto: Max Colin Heydenreich\" rel=\"lightbox[roadtrip]\" href=\"http:\/\/www.fuldaer-nachrichten.de\/wp-content\/uploads\/2011\/03\/110314_Uewag_002.jpg\" target=\"_blank\"><img decoding=\"async\" src=\"http:\/\/www.fuldaer-nachrichten.de\/wp-content\/uploads\/2011\/03\/110314_Uewag_002.thumbnail.jpg\" alt=\"110314_Uewag_002.jpg\" width=\"265\" \/><\/a><\/p>\n<p><a title=\"Foto: Max Colin Heydenreich\" rel=\"lightbox[roadtrip]\" href=\"http:\/\/www.fuldaer-nachrichten.de\/wp-content\/uploads\/2011\/03\/110314_Uewag_044.jpg\" target=\"_blank\"><img decoding=\"async\" src=\"http:\/\/www.fuldaer-nachrichten.de\/wp-content\/uploads\/2011\/03\/110314_Uewag_044.thumbnail.jpg\" alt=\"110314_Uewag_044.jpg\" width=\"265\" \/><\/a> <a title=\"Foto: Max Colin Heydenreich\" rel=\"lightbox[roadtrip]\" href=\"http:\/\/www.fuldaer-nachrichten.de\/wp-content\/uploads\/2011\/03\/110314_Uewag_046.jpg\" target=\"_blank\"><img decoding=\"async\" src=\"http:\/\/www.fuldaer-nachrichten.de\/wp-content\/uploads\/2011\/03\/110314_Uewag_046.thumbnail.jpg\" alt=\"110314_Uewag_046.jpg\" width=\"265\" \/><\/a><\/p>\n<p><a title=\"Foto: Max Colin Heydenreich\" rel=\"lightbox[roadtrip]\" href=\"http:\/\/www.fuldaer-nachrichten.de\/wp-content\/uploads\/2011\/03\/110314_Uewag_066.jpg\" target=\"_blank\"><img decoding=\"async\" src=\"http:\/\/www.fuldaer-nachrichten.de\/wp-content\/uploads\/2011\/03\/110314_Uewag_066.thumbnail.jpg\" alt=\"110314_Uewag_066.jpg\" width=\"265\" \/> <\/a><a title=\"Foto: Max Colin Heydenreich\" rel=\"lightbox[roadtrip]\" href=\"http:\/\/www.fuldaer-nachrichten.de\/wp-content\/uploads\/2011\/03\/110314_Uewag_050.jpg\" target=\"_blank\"><img decoding=\"async\" src=\"http:\/\/www.fuldaer-nachrichten.de\/wp-content\/uploads\/2011\/03\/110314_Uewag_050.thumbnail.jpg\" alt=\"110314_Uewag_050.jpg\" width=\"265\" \/><\/a><a title=\"Foto: Max Colin Heydenreich\" rel=\"lightbox[roadtrip]\" href=\"http:\/\/www.fuldaer-nachrichten.de\/wp-content\/uploads\/2011\/03\/110314_Uewag_066.jpg\" target=\"_blank\"> <\/a><\/p>\n<p><a title=\"Foto: Max Colin Heydenreich\" rel=\"lightbox[roadtrip]\" href=\"http:\/\/www.fuldaer-nachrichten.de\/wp-content\/uploads\/2011\/03\/110314_Uewag_062.jpg\" target=\"_blank\"><img decoding=\"async\" src=\"http:\/\/www.fuldaer-nachrichten.de\/wp-content\/uploads\/2011\/03\/110314_Uewag_062.thumbnail.jpg\" alt=\"110314_Uewag_062.jpg\" width=\"265\" \/> <\/a><a title=\"Foto: Max Colin Heydenreich\" rel=\"lightbox[roadtrip]\" href=\"http:\/\/www.fuldaer-nachrichten.de\/wp-content\/uploads\/2011\/03\/110314_Uewag_045.jpg\" target=\"_blank\"><img decoding=\"async\" src=\"http:\/\/www.fuldaer-nachrichten.de\/wp-content\/uploads\/2011\/03\/110314_Uewag_045.thumbnail.jpg\" alt=\"110314_Uewag_045.jpg\" width=\"265\" \/><\/a><\/p>\n<p><a title=\"Foto: Max Colin Heydenreich\" rel=\"lightbox[roadtrip]\" href=\"http:\/\/www.fuldaer-nachrichten.de\/wp-content\/uploads\/2011\/03\/110314_Uewag_005.jpg\" target=\"_blank\"><img decoding=\"async\" src=\"http:\/\/www.fuldaer-nachrichten.de\/wp-content\/uploads\/2011\/03\/110314_Uewag_005.thumbnail.jpg\" alt=\"110314_Uewag_005.jpg\" width=\"265\" \/><\/a> <a title=\"Foto: Max Colin Heydenreich\" rel=\"lightbox[roadtrip]\" href=\"http:\/\/www.fuldaer-nachrichten.de\/wp-content\/uploads\/2011\/03\/110314_Uewag_007.jpg\" target=\"_blank\"><img decoding=\"async\" src=\"http:\/\/www.fuldaer-nachrichten.de\/wp-content\/uploads\/2011\/03\/110314_Uewag_007.thumbnail.jpg\" alt=\"110314_Uewag_007.jpg\" width=\"265\" \/><\/a><\/p>\n<p><a title=\"Foto: Max Colin Heydenreich\" rel=\"lightbox[roadtrip]\" href=\"http:\/\/www.fuldaer-nachrichten.de\/wp-content\/uploads\/2011\/03\/110314_Uewag_041.jpg\" target=\"_blank\"><img decoding=\"async\" src=\"http:\/\/www.fuldaer-nachrichten.de\/wp-content\/uploads\/2011\/03\/110314_Uewag_041.thumbnail.jpg\" alt=\"110314_Uewag_041.jpg\" width=\"265\" \/><\/a> <a title=\"Foto: Max Colin Heydenreich\" rel=\"lightbox[roadtrip]\" href=\"http:\/\/www.fuldaer-nachrichten.de\/wp-content\/uploads\/2011\/03\/110314_Uewag_042.jpg\" target=\"_blank\"><img decoding=\"async\" src=\"http:\/\/www.fuldaer-nachrichten.de\/wp-content\/uploads\/2011\/03\/110314_Uewag_042.thumbnail.jpg\" alt=\"110314_Uewag_042.jpg\" width=\"265\" \/><\/a><\/p>\n<p><a title=\"Foto: Max Colin Heydenreich\" rel=\"lightbox[roadtrip]\" href=\"http:\/\/www.fuldaer-nachrichten.de\/wp-content\/uploads\/2011\/03\/110314_Uewag_047.jpg\" target=\"_blank\"><img decoding=\"async\" src=\"http:\/\/www.fuldaer-nachrichten.de\/wp-content\/uploads\/2011\/03\/110314_Uewag_047.thumbnail.jpg\" alt=\"110314_Uewag_047.jpg\" width=\"265\" \/><\/a> <a title=\"Foto: Max Colin Heydenreich\" rel=\"lightbox[roadtrip]\" href=\"http:\/\/www.fuldaer-nachrichten.de\/wp-content\/uploads\/2011\/03\/110314_Uewag_048.jpg\" target=\"_blank\"><img decoding=\"async\" src=\"http:\/\/www.fuldaer-nachrichten.de\/wp-content\/uploads\/2011\/03\/110314_Uewag_048.thumbnail.jpg\" alt=\"110314_Uewag_048.jpg\" width=\"265\" \/><\/a><\/p>\n<p><a title=\"Foto: Max Colin Heydenreich\" rel=\"lightbox[roadtrip]\" href=\"http:\/\/www.fuldaer-nachrichten.de\/wp-content\/uploads\/2011\/03\/110314_Uewag_009.jpg\" target=\"_blank\"><img decoding=\"async\" src=\"http:\/\/www.fuldaer-nachrichten.de\/wp-content\/uploads\/2011\/03\/110314_Uewag_009.thumbnail.jpg\" alt=\"110314_Uewag_009.jpg\" width=\"265\" \/><\/a> <a title=\"Foto: Max Colin Heydenreich\" rel=\"lightbox[roadtrip]\" href=\"http:\/\/www.fuldaer-nachrichten.de\/wp-content\/uploads\/2011\/03\/110314_Uewag_013.jpg\" target=\"_blank\"><img decoding=\"async\" src=\"http:\/\/www.fuldaer-nachrichten.de\/wp-content\/uploads\/2011\/03\/110314_Uewag_013.thumbnail.jpg\" alt=\"110314_Uewag_013.jpg\" width=\"265\" \/><\/a><\/p>\n<p><a title=\"Foto: Max Colin Heydenreich\" rel=\"lightbox[roadtrip]\" href=\"http:\/\/www.fuldaer-nachrichten.de\/wp-content\/uploads\/2011\/03\/110314_Uewag_026.jpg\" target=\"_blank\"><img decoding=\"async\" src=\"http:\/\/www.fuldaer-nachrichten.de\/wp-content\/uploads\/2011\/03\/110314_Uewag_026.thumbnail.jpg\" alt=\"110314_Uewag_026.jpg\" width=\"265\" \/><\/a> <a title=\"Foto: Max Colin Heydenreich\" rel=\"lightbox[roadtrip]\" href=\"http:\/\/www.fuldaer-nachrichten.de\/wp-content\/uploads\/2011\/03\/110314_Uewag_032.jpg\" target=\"_blank\"><img decoding=\"async\" src=\"http:\/\/www.fuldaer-nachrichten.de\/wp-content\/uploads\/2011\/03\/110314_Uewag_032.thumbnail.jpg\" alt=\"110314_Uewag_032.jpg\" width=\"265\" \/><\/a><\/p>\n<p><a title=\"Foto: Max Colin Heydenreich\" rel=\"lightbox[roadtrip]\" href=\"http:\/\/www.fuldaer-nachrichten.de\/wp-content\/uploads\/2011\/03\/110314_Uewag_027.jpg\" target=\"_blank\"><img decoding=\"async\" src=\"http:\/\/www.fuldaer-nachrichten.de\/wp-content\/uploads\/2011\/03\/110314_Uewag_027.thumbnail.jpg\" alt=\"110314_Uewag_027.jpg\" width=\"265\" \/><\/a> <a title=\"Foto: Max Colin Heydenreich\" rel=\"lightbox[roadtrip]\" href=\"http:\/\/www.fuldaer-nachrichten.de\/wp-content\/uploads\/2011\/03\/110314_Uewag_028.jpg\" target=\"_blank\"><img decoding=\"async\" src=\"http:\/\/www.fuldaer-nachrichten.de\/wp-content\/uploads\/2011\/03\/110314_Uewag_028.thumbnail.jpg\" alt=\"110314_Uewag_028.jpg\" width=\"265\" \/><\/a><\/p>\n<p><a title=\"Foto: Max Colin Heydenreich\" rel=\"lightbox[roadtrip]\" href=\"http:\/\/www.fuldaer-nachrichten.de\/wp-content\/uploads\/2011\/03\/110314_Uewag_011.jpg\" target=\"_blank\"><img decoding=\"async\" src=\"http:\/\/www.fuldaer-nachrichten.de\/wp-content\/uploads\/2011\/03\/110314_Uewag_011.thumbnail.jpg\" alt=\"110314_Uewag_011.jpg\" width=\"265\" \/><\/a> <a title=\"Foto: Max Colin Heydenreich\" rel=\"lightbox[roadtrip]\" href=\"http:\/\/www.fuldaer-nachrichten.de\/wp-content\/uploads\/2011\/03\/110314_Uewag_012.jpg\" target=\"_blank\"><img decoding=\"async\" src=\"http:\/\/www.fuldaer-nachrichten.de\/wp-content\/uploads\/2011\/03\/110314_Uewag_012.thumbnail.jpg\" alt=\"110314_Uewag_012.jpg\" width=\"265\" \/><\/a><\/p>\n<p><a title=\"Foto: Max Colin Heydenreich\" rel=\"lightbox[roadtrip]\" href=\"http:\/\/www.fuldaer-nachrichten.de\/wp-content\/uploads\/2011\/03\/110314_Uewag_057.jpg\" target=\"_blank\"><img decoding=\"async\" src=\"http:\/\/www.fuldaer-nachrichten.de\/wp-content\/uploads\/2011\/03\/110314_Uewag_057.thumbnail.jpg\" alt=\"110314_Uewag_057.jpg\" width=\"265\" \/><\/a> <a title=\"Foto: Max Colin Heydenreich\" rel=\"lightbox[roadtrip]\" href=\"http:\/\/www.fuldaer-nachrichten.de\/wp-content\/uploads\/2011\/03\/110314_Uewag_058.jpg\" target=\"_blank\"><img decoding=\"async\" src=\"http:\/\/www.fuldaer-nachrichten.de\/wp-content\/uploads\/2011\/03\/110314_Uewag_058.thumbnail.jpg\" alt=\"110314_Uewag_058.jpg\" width=\"265\" \/><\/a><\/p>\n<p><a title=\"Foto: Max Colin Heydenreich\" rel=\"lightbox[roadtrip]\" href=\"http:\/\/www.fuldaer-nachrichten.de\/wp-content\/uploads\/2011\/03\/110314_Uewag_015.jpg\" target=\"_blank\"><img decoding=\"async\" src=\"http:\/\/www.fuldaer-nachrichten.de\/wp-content\/uploads\/2011\/03\/110314_Uewag_015.thumbnail.jpg\" alt=\"110314_Uewag_015.jpg\" width=\"265\" \/><\/a> <a title=\"Foto: Max Colin Heydenreich\" rel=\"lightbox[roadtrip]\" href=\"http:\/\/www.fuldaer-nachrichten.de\/wp-content\/uploads\/2011\/03\/110314_Uewag_016.jpg\" target=\"_blank\"><img decoding=\"async\" src=\"http:\/\/www.fuldaer-nachrichten.de\/wp-content\/uploads\/2011\/03\/110314_Uewag_016.thumbnail.jpg\" alt=\"110314_Uewag_016.jpg\" width=\"265\" \/><\/a><\/p>\n<p><a title=\"Foto: Max Colin Heydenreich\" rel=\"lightbox[roadtrip]\" href=\"http:\/\/www.fuldaer-nachrichten.de\/wp-content\/uploads\/2011\/03\/110314_Uewag_055.jpg\" target=\"_blank\"><img decoding=\"async\" src=\"http:\/\/www.fuldaer-nachrichten.de\/wp-content\/uploads\/2011\/03\/110314_Uewag_055.thumbnail.jpg\" alt=\"110314_Uewag_055.jpg\" width=\"265\" \/><\/a> <a title=\"Foto: Max Colin Heydenreich\" rel=\"lightbox[roadtrip]\" href=\"http:\/\/www.fuldaer-nachrichten.de\/wp-content\/uploads\/2011\/03\/110314_Uewag_056.jpg\" target=\"_blank\"><img decoding=\"async\" src=\"http:\/\/www.fuldaer-nachrichten.de\/wp-content\/uploads\/2011\/03\/110314_Uewag_056.thumbnail.jpg\" alt=\"110314_Uewag_056.jpg\" width=\"265\" \/><\/a><\/p>\n<p><a title=\"Foto: Max Colin Heydenreich\" rel=\"lightbox[roadtrip]\" href=\"http:\/\/www.fuldaer-nachrichten.de\/wp-content\/uploads\/2011\/03\/110314_Uewag_063.jpg\" target=\"_blank\"><img decoding=\"async\" src=\"http:\/\/www.fuldaer-nachrichten.de\/wp-content\/uploads\/2011\/03\/110314_Uewag_063.thumbnail.jpg\" alt=\"110314_Uewag_063.jpg\" width=\"265\" \/><\/a> <a title=\"Foto: Max Colin Heydenreich\" rel=\"lightbox[roadtrip]\" href=\"http:\/\/www.fuldaer-nachrichten.de\/wp-content\/uploads\/2011\/03\/110314_Uewag_064.jpg\" target=\"_blank\"><img decoding=\"async\" src=\"http:\/\/www.fuldaer-nachrichten.de\/wp-content\/uploads\/2011\/03\/110314_Uewag_064.thumbnail.jpg\" alt=\"110314_Uewag_064.jpg\" width=\"265\" \/><\/a><\/p>\n<p><a title=\"Foto: Max Colin Heydenreich\" rel=\"lightbox[roadtrip]\" href=\"http:\/\/www.fuldaer-nachrichten.de\/wp-content\/uploads\/2011\/03\/110314_Uewag_017.jpg\" target=\"_blank\"><img decoding=\"async\" src=\"http:\/\/www.fuldaer-nachrichten.de\/wp-content\/uploads\/2011\/03\/110314_Uewag_017.thumbnail.jpg\" alt=\"110314_Uewag_017.jpg\" width=\"265\" \/><\/a> <a title=\"Foto: Max Colin Heydenreich\" rel=\"lightbox[roadtrip]\" href=\"http:\/\/www.fuldaer-nachrichten.de\/wp-content\/uploads\/2011\/03\/110314_Uewag_018.jpg\" target=\"_blank\"><img decoding=\"async\" src=\"http:\/\/www.fuldaer-nachrichten.de\/wp-content\/uploads\/2011\/03\/110314_Uewag_018.thumbnail.jpg\" alt=\"110314_Uewag_018.jpg\" width=\"265\" \/><\/a><\/p>\n<p><a title=\"Foto: Max Colin Heydenreich\" rel=\"lightbox[roadtrip]\" href=\"http:\/\/www.fuldaer-nachrichten.de\/wp-content\/uploads\/2011\/03\/110314_Uewag_019.jpg\" target=\"_blank\"><img decoding=\"async\" src=\"http:\/\/www.fuldaer-nachrichten.de\/wp-content\/uploads\/2011\/03\/110314_Uewag_019.thumbnail.jpg\" alt=\"110314_Uewag_019.jpg\" width=\"265\" \/><\/a> <a title=\"Foto: Max Colin Heydenreich\" rel=\"lightbox[roadtrip]\" href=\"http:\/\/www.fuldaer-nachrichten.de\/wp-content\/uploads\/2011\/03\/110314_Uewag_020.jpg\" target=\"_blank\"><img decoding=\"async\" src=\"http:\/\/www.fuldaer-nachrichten.de\/wp-content\/uploads\/2011\/03\/110314_Uewag_020.thumbnail.jpg\" alt=\"110314_Uewag_020.jpg\" width=\"265\" \/><\/a><\/p>\n<p><a title=\"Foto: Max Colin Heydenreich\" rel=\"lightbox[roadtrip]\" href=\"http:\/\/www.fuldaer-nachrichten.de\/wp-content\/uploads\/2011\/03\/110314_Uewag_051.jpg\" target=\"_blank\"><img decoding=\"async\" src=\"http:\/\/www.fuldaer-nachrichten.de\/wp-content\/uploads\/2011\/03\/110314_Uewag_051.thumbnail.jpg\" alt=\"110314_Uewag_051.jpg\" width=\"265\" \/><\/a> <a title=\"Foto: Max Colin Heydenreich\" rel=\"lightbox[roadtrip]\" href=\"http:\/\/www.fuldaer-nachrichten.de\/wp-content\/uploads\/2011\/03\/110314_Uewag_052.jpg\" target=\"_blank\"><img decoding=\"async\" src=\"http:\/\/www.fuldaer-nachrichten.de\/wp-content\/uploads\/2011\/03\/110314_Uewag_052.thumbnail.jpg\" alt=\"110314_Uewag_052.jpg\" width=\"265\" \/><\/a><\/p>\n<p><a title=\"Foto: Max Colin Heydenreich\" rel=\"lightbox[roadtrip]\" href=\"http:\/\/www.fuldaer-nachrichten.de\/wp-content\/uploads\/2011\/03\/110314_Uewag_053.jpg\" target=\"_blank\"><img decoding=\"async\" src=\"http:\/\/www.fuldaer-nachrichten.de\/wp-content\/uploads\/2011\/03\/110314_Uewag_053.thumbnail.jpg\" alt=\"110314_Uewag_053.jpg\" width=\"265\" \/><\/a> <a title=\"Foto: Max Colin Heydenreich\" rel=\"lightbox[roadtrip]\" href=\"http:\/\/www.fuldaer-nachrichten.de\/wp-content\/uploads\/2011\/03\/110314_Uewag_054.jpg\" target=\"_blank\"><img decoding=\"async\" src=\"http:\/\/www.fuldaer-nachrichten.de\/wp-content\/uploads\/2011\/03\/110314_Uewag_054.thumbnail.jpg\" alt=\"110314_Uewag_054.jpg\" width=\"265\" \/><\/a><\/p>\n<p><a title=\"Foto: Max Colin Heydenreich\" rel=\"lightbox[roadtrip]\" href=\"http:\/\/www.fuldaer-nachrichten.de\/wp-content\/uploads\/2011\/03\/110314_Uewag_022.jpg\" target=\"_blank\"><img decoding=\"async\" src=\"http:\/\/www.fuldaer-nachrichten.de\/wp-content\/uploads\/2011\/03\/110314_Uewag_022.thumbnail.jpg\" alt=\"110314_Uewag_022.jpg\" width=\"265\" \/><\/a> <a title=\"Foto: Max Colin Heydenreich\" rel=\"lightbox[roadtrip]\" href=\"http:\/\/www.fuldaer-nachrichten.de\/wp-content\/uploads\/2011\/03\/110314_Uewag_025.jpg\" target=\"_blank\"><img decoding=\"async\" src=\"http:\/\/www.fuldaer-nachrichten.de\/wp-content\/uploads\/2011\/03\/110314_Uewag_025.thumbnail.jpg\" alt=\"110314_Uewag_025.jpg\" width=\"265\" \/><\/a><\/p>\n<p><a title=\"Foto: Max Colin Heydenreich\" rel=\"lightbox[roadtrip]\" href=\"http:\/\/www.fuldaer-nachrichten.de\/wp-content\/uploads\/2011\/03\/110314_Uewag_039.jpg\" target=\"_blank\"><img decoding=\"async\" src=\"http:\/\/www.fuldaer-nachrichten.de\/wp-content\/uploads\/2011\/03\/110314_Uewag_039.thumbnail.jpg\" alt=\"110314_Uewag_039.jpg\" width=\"265\" \/><\/a> <a title=\"Foto: Max Colin Heydenreich\" rel=\"lightbox[roadtrip]\" href=\"http:\/\/www.fuldaer-nachrichten.de\/wp-content\/uploads\/2011\/03\/110314_Uewag_040.jpg\" target=\"_blank\"><img decoding=\"async\" src=\"http:\/\/www.fuldaer-nachrichten.de\/wp-content\/uploads\/2011\/03\/110314_Uewag_040.thumbnail.jpg\" alt=\"110314_Uewag_040.jpg\" width=\"265\" \/><\/a><\/p>\n<p><a title=\"Foto: Max Colin Heydenreich\" rel=\"lightbox[roadtrip]\" href=\"http:\/\/www.fuldaer-nachrichten.de\/wp-content\/uploads\/2011\/03\/110314_Uewag_067.jpg\" target=\"_blank\"><img decoding=\"async\" src=\"http:\/\/www.fuldaer-nachrichten.de\/wp-content\/uploads\/2011\/03\/110314_Uewag_067.thumbnail.jpg\" alt=\"110314_Uewag_067.jpg\" width=\"265\" \/><\/a> <a title=\"Foto: Max Colin Heydenreich\" rel=\"lightbox[roadtrip]\" href=\"http:\/\/www.fuldaer-nachrichten.de\/wp-content\/uploads\/2011\/03\/110314_Uewag_068.jpg\" target=\"_blank\"><img decoding=\"async\" src=\"http:\/\/www.fuldaer-nachrichten.de\/wp-content\/uploads\/2011\/03\/110314_Uewag_068.thumbnail.jpg\" alt=\"110314_Uewag_068.jpg\" width=\"265\" \/><\/a><\/p>\n<p><a title=\"Foto: Max Colin Heydenreich\" rel=\"lightbox[roadtrip]\" href=\"http:\/\/www.fuldaer-nachrichten.de\/wp-content\/uploads\/2011\/03\/110314_Uewag_035.jpg\" target=\"_blank\"><img decoding=\"async\" src=\"http:\/\/www.fuldaer-nachrichten.de\/wp-content\/uploads\/2011\/03\/110314_Uewag_035.thumbnail.jpg\" alt=\"110314_Uewag_035.jpg\" width=\"265\" \/><\/a> <a title=\"Foto: Max Colin Heydenreich\" rel=\"lightbox[roadtrip]\" href=\"http:\/\/www.fuldaer-nachrichten.de\/wp-content\/uploads\/2011\/03\/110314_Uewag_036.jpg\" target=\"_blank\"><img decoding=\"async\" src=\"http:\/\/www.fuldaer-nachrichten.de\/wp-content\/uploads\/2011\/03\/110314_Uewag_036.thumbnail.jpg\" alt=\"110314_Uewag_036.jpg\" width=\"265\" \/><\/a><\/p>\n<p><a title=\"Foto: Max Colin Heydenreich\" rel=\"lightbox[roadtrip]\" href=\"http:\/\/www.fuldaer-nachrichten.de\/wp-content\/uploads\/2011\/03\/110314_Uewag_070.jpg\" target=\"_blank\"><img decoding=\"async\" src=\"http:\/\/www.fuldaer-nachrichten.de\/wp-content\/uploads\/2011\/03\/110314_Uewag_070.thumbnail.jpg\" alt=\"110314_Uewag_070.jpg\" width=\"265\" \/><\/a> <a title=\"Foto: Max Colin Heydenreich\" rel=\"lightbox[roadtrip]\" href=\"http:\/\/www.fuldaer-nachrichten.de\/wp-content\/uploads\/2011\/03\/110314_Uewag_071.jpg\" target=\"_blank\"><img decoding=\"async\" src=\"http:\/\/www.fuldaer-nachrichten.de\/wp-content\/uploads\/2011\/03\/110314_Uewag_071.thumbnail.jpg\" alt=\"110314_Uewag_071.jpg\" width=\"265\" \/><\/a><\/p>\n<p><a title=\"Foto: Max Colin Heydenreich\" rel=\"lightbox[roadtrip]\" href=\"..\/wp-content\/uploads\/2011\/03\/110314_Uewag_003.jpg\" target=\"_blank\"><img decoding=\"async\" src=\"..\/wp-content\/uploads\/2011\/03\/110314_Uewag_003.thumbnail.jpg\" alt=\"110314_Uewag_003.jpg\" width=\"265\" \/><\/a><\/p>\n<p>&nbsp;<\/p>\n","protected":false},"excerpt":{"rendered":"<div class=\"tmnf_excerpt\"><p>Fulda. Die Bildungsangebote der Volkshochschule (vhs) der Stadt Fulda sind das Thema einer Ausstellung, die das Bildungsinstitut gemeinsam mit der \u00dcberlandwerk Fulda Aktiengesellschaft im Kundenzentrum des Energieversorgers in der Fuldaer Bahnhofstra\u00dfe pr\u00e4sentiert. Themenschwerpunkt ist der Kreativkurs \u201eMorgenmaler\u201c, dessen Teilnehmerinnen und Teilnehmer im \u00dcWAG-Kundenzentrum eine Auswahl ihrer Werke zeigen. Er\u00f6ffnet wird die Ausstellung mit einem bunten &hellip;<\/p>\n<\/div>","protected":false},"author":1,"featured_media":0,"comment_status":"closed","ping_status":"closed","sticky":false,"template":"","format":"standard","meta":{"footnotes":""},"categories":[1,54,44],"tags":[],"class_list":["post-83603","post","type-post","status-publish","format-standard","hentry","category-startseite","category-bildergalerien","category-kultur"],"_links":{"self":[{"href":"https:\/\/www.fuldaernachrichten.de\/index.php?rest_route=\/wp\/v2\/posts\/83603","targetHints":{"allow":["GET"]}}],"collection":[{"href":"https:\/\/www.fuldaernachrichten.de\/index.php?rest_route=\/wp\/v2\/posts"}],"about":[{"href":"https:\/\/www.fuldaernachrichten.de\/index.php?rest_route=\/wp\/v2\/types\/post"}],"author":[{"embeddable":true,"href":"https:\/\/www.fuldaernachrichten.de\/index.php?rest_route=\/wp\/v2\/users\/1"}],"replies":[{"embeddable":true,"href":"https:\/\/www.fuldaernachrichten.de\/index.php?rest_route=%2Fwp%2Fv2%2Fcomments&post=83603"}],"version-history":[{"count":0,"href":"https:\/\/www.fuldaernachrichten.de\/index.php?rest_route=\/wp\/v2\/posts\/83603\/revisions"}],"wp:attachment":[{"href":"https:\/\/www.fuldaernachrichten.de\/index.php?rest_route=%2Fwp%2Fv2%2Fmedia&parent=83603"}],"wp:term":[{"taxonomy":"category","embeddable":true,"href":"https:\/\/www.fuldaernachrichten.de\/index.php?rest_route=%2Fwp%2Fv2%2Fcategories&post=83603"},{"taxonomy":"post_tag","embeddable":true,"href":"https:\/\/www.fuldaernachrichten.de\/index.php?rest_route=%2Fwp%2Fv2%2Ftags&post=83603"}],"curies":[{"name":"wp","href":"https:\/\/api.w.org\/{rel}","templated":true}]}}