{"id":833,"date":"2007-01-16T12:35:44","date_gmt":"2007-01-16T11:35:44","guid":{"rendered":"http:\/\/www.schoene-nachrichten.de\/?p=833"},"modified":"2007-01-16T23:23:53","modified_gmt":"2007-01-16T22:23:53","slug":"doppeltes-elterngluck-im-herz-jesu-krankenhaus","status":"publish","type":"post","link":"https:\/\/www.fuldaernachrichten.de\/?p=833","title":{"rendered":"Doppeltes Elterngl\u00fcck im Herz-Jesu-Krankenhaus"},"content":{"rendered":"<p><strong>Sch\u00f6nes aus Fulda.<\/strong> Als erstes Zwillingspaar des neuen Jahres 2007 wurden im Herz-Jesu-Krankenhaus Stella und Naja Reichenbach geboren. \u00dcber die zweieiigen M\u00e4dchen freuen sich die stolzen Eltern Rita Jander und Uwe Reichenbach aus Fulda.<\/p>\n<p>\u00c2\u00a0<\/p>\n<p>Fotos (3): Herz-Jesu-Krankenhaus<\/p>\n<p>\u00c2\u00a0<\/p>\n<p><a title=\"Foto: Herz-Jesu-Krankenhaus\" href=\"http:\/\/www.schoene-nachrichten.de\/wp-content\/uploads\/2007\/01\/070116_hjk_1.jpg\" target=\"_blank\"><img decoding=\"async\" id=\"image832\" height=\"80\" alt=\"070116_hjk_1.jpg\" src=\"http:\/\/www.schoene-nachrichten.de\/wp-content\/uploads\/2007\/01\/070116_hjk_1.thumbnail.jpg\" \/><\/a>\u00c2\u00a0<a title=\"Foto: Herz-Jesu-Krankenhaus\" href=\"http:\/\/www.schoene-nachrichten.de\/wp-content\/uploads\/2007\/01\/070116_hjk_3.jpg\" target=\"_blank\"><img decoding=\"async\" id=\"image862\" height=\"80\" alt=\"070116_hjk_3.jpg\" src=\"http:\/\/www.schoene-nachrichten.de\/wp-content\/uploads\/2007\/01\/070116_hjk_3.thumbnail.jpg\" \/><\/a>\u00c2\u00a0<a title=\"Foto: Herz-Jesu-Krankenhaus\" href=\"http:\/\/www.schoene-nachrichten.de\/wp-content\/uploads\/2007\/01\/070116_hjk_2.jpg\" target=\"_blank\"><img decoding=\"async\" id=\"image861\" height=\"80\" alt=\"070116_hjk_2.jpg\" src=\"http:\/\/www.schoene-nachrichten.de\/wp-content\/uploads\/2007\/01\/070116_hjk_2.thumbnail.jpg\" \/><\/a><\/p>\n<p>\u00c2\u00a0<\/p>\n<p><!--more-->Am 12.01.2007 erblickte Stella Reichenbach um 22.57 Uhr mit einem Geburtsgewicht von 3040g\u00c2\u00a0und zw\u00f6lf Minuten sp\u00e4ter Naja Reichenbach mit einem Gewicht von 2780g das Licht der Welt. Chefarzt Dr. Mosch\u00c2\u00a0hatte es sich nehmen lassen, die Geburt beider Kinder\u00c2\u00a0zu \u00fcberwachen.<\/p>\n<p>\u00c2\u00a0<\/p>\n<p>Das stolze Elternpaar Jander\/Reichenbach berichtete von einer problemlosen Geburt und erkl\u00e4rte \u00fcbereinstimmend, dass sie sehr froh und gl\u00fccklich seien, dass ihre Kinder im Herz-Jesu-Krankenhaus geboren wurden. Man habe sich gut aufgehoben und stets gut informiert gef\u00fchlt. &#8220;Dieser Umgang zeugt von einem ausgesprochen respektvollen Umgang der Klinik mit Ihren Patienten&#8221;, so Reichenbach.\u00c2\u00a0Auch Mutter Rita Jander berichtete von der sch\u00f6nen und famili\u00e4ren Atmosph\u00e4re im Herz-Jesu. Alle Mitarbeiterinnen haben sich \u00fcber die Geburt der Kinder mitgefreut, ein sch\u00f6nes Gef\u00fchl, so Rita Jander.\u00c2\u00a0\u00c2\u00a0\u00c2\u00a0\u00c2\u00a0<\/p>\n<p>\u00c2\u00a0<\/p>\n<p>Der Gesch\u00e4ftsf\u00fchrer des Herz-Jesu-Krankenhauses, Alexander Schmidtke, sowie Chefarzt Dr. Mosch und Ober\u00e4rztin Dr. Orban statteten dem gl\u00fccklichen Elternpaar einen Gratulationsbesuch ab und \u00fcberreichten den Eltern des ersten Zwillingspaares des neuen Jahres 2007 im Herz-Jesu-Krankenhaus ein kleines Buchgeschenk zum Thema Entwicklung des Kindes.<\/p>\n","protected":false},"excerpt":{"rendered":"<div class=\"tmnf_excerpt\"><p>Sch\u00f6nes aus Fulda. Als erstes Zwillingspaar des neuen Jahres 2007 wurden im Herz-Jesu-Krankenhaus Stella und Naja Reichenbach geboren. \u00dcber die zweieiigen M\u00e4dchen freuen sich die stolzen Eltern Rita Jander und Uwe Reichenbach aus Fulda. \u00c2\u00a0 Fotos (3): Herz-Jesu-Krankenhaus \u00c2\u00a0 \u00c2\u00a0\u00c2\u00a0 \u00c2\u00a0<\/p>\n<\/div>","protected":false},"author":1,"featured_media":0,"comment_status":"closed","ping_status":"closed","sticky":false,"template":"","format":"standard","meta":{"footnotes":""},"categories":[1,51],"tags":[],"class_list":["post-833","post","type-post","status-publish","format-standard","hentry","category-startseite","category-medizin"],"_links":{"self":[{"href":"https:\/\/www.fuldaernachrichten.de\/index.php?rest_route=\/wp\/v2\/posts\/833","targetHints":{"allow":["GET"]}}],"collection":[{"href":"https:\/\/www.fuldaernachrichten.de\/index.php?rest_route=\/wp\/v2\/posts"}],"about":[{"href":"https:\/\/www.fuldaernachrichten.de\/index.php?rest_route=\/wp\/v2\/types\/post"}],"author":[{"embeddable":true,"href":"https:\/\/www.fuldaernachrichten.de\/index.php?rest_route=\/wp\/v2\/users\/1"}],"replies":[{"embeddable":true,"href":"https:\/\/www.fuldaernachrichten.de\/index.php?rest_route=%2Fwp%2Fv2%2Fcomments&post=833"}],"version-history":[{"count":0,"href":"https:\/\/www.fuldaernachrichten.de\/index.php?rest_route=\/wp\/v2\/posts\/833\/revisions"}],"wp:attachment":[{"href":"https:\/\/www.fuldaernachrichten.de\/index.php?rest_route=%2Fwp%2Fv2%2Fmedia&parent=833"}],"wp:term":[{"taxonomy":"category","embeddable":true,"href":"https:\/\/www.fuldaernachrichten.de\/index.php?rest_route=%2Fwp%2Fv2%2Fcategories&post=833"},{"taxonomy":"post_tag","embeddable":true,"href":"https:\/\/www.fuldaernachrichten.de\/index.php?rest_route=%2Fwp%2Fv2%2Ftags&post=833"}],"curies":[{"name":"wp","href":"https:\/\/api.w.org\/{rel}","templated":true}]}}