{"id":8325,"date":"2008-03-19T00:55:18","date_gmt":"2008-03-18T23:55:18","guid":{"rendered":"http:\/\/www.schoene-nachrichten.de\/?p=8325"},"modified":"2008-12-15T13:09:56","modified_gmt":"2008-12-15T12:09:56","slug":"ausstellungseroeffnung-im-tuempelgarten-ostereiersuche-fuer-kleine-gaeste-und-traditioneller-preisskat-am-gruendonnerstag","status":"publish","type":"post","link":"https:\/\/www.fuldaernachrichten.de\/?p=8325","title":{"rendered":"Ausstellungser\u00f6ffnung im T\u00fcmpelgarten &#8211; Ostereiersuche f\u00fcr kleine G\u00e4ste und Traditioneller Preisskat am Gr\u00fcndonnerstag"},"content":{"rendered":"<p><strong>Fulda.<\/strong> Ab Karfreitag erh\u00e4lt die \u00d6ffentlichkeit wieder die M\u00f6glichkeit, sonn- und feiertags das Vereinsgel\u00e4nde des Fuldaer Aquarien- und Terrarienvereins \u201eScalare\u201c in der Zeit von 10 bis 18 Uhr zu besuchen. Auch am diesj\u00e4hrigen Osterwochenende hat sich der Verein wieder etwas Besonderes einfallen lassen, denn am Ostermontag sind alle kleinen G\u00e4ste herzlich ab 14.00 Uhr zur Ostereiersuche auf dem Vereinsgel\u00e4nde eingeladen.<\/p>\n<p><strong>Fotos (38):<\/strong> Sven Haustein<\/p>\n<p><strong>Video ansehen mit:<\/strong> <a href=\"http:\/\/www.schoene-nachrichten.de\/wp-content\/uploads\/2007\/04\/070405_Fische.wmv\" target=\"_blank\">Windows Media Player<\/a> oder <a href=\"http:\/\/www.schoene-nachrichten.de\/Video\/070405_Fische.rmvb\" target=\"_blank\">Real Media Player<\/a><\/p>\n<p><a href=\"http:\/\/www.schoene-nachrichten.de\/wp-content\/uploads\/2008\/03\/080318_Sven_02.jpg\" rel=\"lightbox[roadtrip]\" target=\"_blank\" title=\"Foto: Sven Haustein\"><img decoding=\"async\" src=\"http:\/\/www.schoene-nachrichten.de\/wp-content\/uploads\/2008\/03\/080318_Sven_02.thumbnail.jpg\" alt=\"080318_Sven_02.jpg\" width=\"128\" \/><\/a> <a href=\"http:\/\/www.schoene-nachrichten.de\/wp-content\/uploads\/2008\/03\/080318_Sven_05.jpg\" rel=\"lightbox[roadtrip]\" target=\"_blank\" title=\"Foto: Sven Haustein\"><img decoding=\"async\" src=\"http:\/\/www.schoene-nachrichten.de\/wp-content\/uploads\/2008\/03\/080318_Sven_05.thumbnail.jpg\" alt=\"080318_Sven_05.jpg\" width=\"128\" \/><\/a> <a href=\"http:\/\/www.schoene-nachrichten.de\/wp-content\/uploads\/2008\/03\/080318_Sven_06.jpg\" rel=\"lightbox[roadtrip]\" target=\"_blank\" title=\"Foto: Sven Haustein\"><img decoding=\"async\" src=\"http:\/\/www.schoene-nachrichten.de\/wp-content\/uploads\/2008\/03\/080318_Sven_06.thumbnail.jpg\" alt=\"080318_Sven_06.jpg\" width=\"128\" \/><\/a><\/p>\n<p><a href=\"http:\/\/www.schoene-nachrichten.de\/wp-content\/uploads\/2008\/03\/080318_Sven_20.jpg\" rel=\"lightbox[roadtrip]\" target=\"_blank\" title=\"Foto: Sven Haustein\"><img decoding=\"async\" src=\"http:\/\/www.schoene-nachrichten.de\/wp-content\/uploads\/2008\/03\/080318_Sven_20.thumbnail.jpg\" alt=\"080318_Sven_20.jpg\" width=\"128\" \/><\/a> <a href=\"http:\/\/www.schoene-nachrichten.de\/wp-content\/uploads\/2008\/03\/080318_Sven_04.jpg\" rel=\"lightbox[roadtrip]\" target=\"_blank\" title=\"Foto: Sven Haustein\"><img decoding=\"async\" src=\"http:\/\/www.schoene-nachrichten.de\/wp-content\/uploads\/2008\/03\/080318_Sven_04.thumbnail.jpg\" alt=\"080318_Sven_04.jpg\" width=\"128\" \/><\/a> <a href=\"http:\/\/www.schoene-nachrichten.de\/wp-content\/uploads\/2008\/03\/080318_Sven_21.jpg\" rel=\"lightbox[roadtrip]\" target=\"_blank\" title=\"Foto: Sven Haustein\"><img decoding=\"async\" src=\"http:\/\/www.schoene-nachrichten.de\/wp-content\/uploads\/2008\/03\/080318_Sven_21.thumbnail.jpg\" alt=\"080318_Sven_21.jpg\" width=\"128\" \/><\/a><\/p>\n<p><!--more--><\/p>\n<p>Auch in diesem Jahr gibt es wieder eine Reihe von Neuerungen, die einen Ausflug zum Vereinsgel\u00e4nde an der Maberzeller Stra\u00dfe lohnenswert machen. In das gro\u00dfe Seewasseraquarium sind einige neue farbenfrohe Bewohner eingezogen. Auch Klara und Willi, die beiden stattlichen Kubakrokodile freuen sich nach der Winterpause wieder auf Besuch. Schildkr\u00f6ten, Vogelspinnen und S\u00fc\u00dfwasserfische aus allen Kontinenten pr\u00e4sentieren sich ebenfalls dem interessierten Betrachter.<\/p>\n<p><a href=\"http:\/\/www.schoene-nachrichten.de\/wp-content\/uploads\/2008\/03\/080318_Sven_19.jpg\" rel=\"lightbox[roadtrip]\" target=\"_blank\" title=\"Foto: Sven Haustein\"><img decoding=\"async\" src=\"http:\/\/www.schoene-nachrichten.de\/wp-content\/uploads\/2008\/03\/080318_Sven_19.thumbnail.jpg\" alt=\"080318_Sven_19.jpg\" width=\"128\" \/><\/a> <a href=\"http:\/\/www.schoene-nachrichten.de\/wp-content\/uploads\/2008\/03\/080318_Sven_05.jpg\" rel=\"lightbox[roadtrip]\" target=\"_blank\" title=\"Foto: Sven Haustein\"><img decoding=\"async\" src=\"http:\/\/www.schoene-nachrichten.de\/wp-content\/uploads\/2008\/03\/080318_Sven_05.thumbnail.jpg\" alt=\"080318_Sven_05.jpg\" width=\"128\" \/><\/a> <a href=\"http:\/\/www.schoene-nachrichten.de\/wp-content\/uploads\/2008\/03\/080318_Sven_06.jpg\" rel=\"lightbox[roadtrip]\" target=\"_blank\" title=\"Foto: Sven Haustein\"><img decoding=\"async\" src=\"http:\/\/www.schoene-nachrichten.de\/wp-content\/uploads\/2008\/03\/080318_Sven_06.thumbnail.jpg\" alt=\"080318_Sven_06.jpg\" width=\"128\" \/><\/a><\/p>\n<p><a href=\"http:\/\/www.schoene-nachrichten.de\/wp-content\/uploads\/2008\/03\/080318_Sven_07.jpg\" rel=\"lightbox[roadtrip]\" target=\"_blank\" title=\"Foto: Sven Haustein\"><img decoding=\"async\" src=\"http:\/\/www.schoene-nachrichten.de\/wp-content\/uploads\/2008\/03\/080318_Sven_07.thumbnail.jpg\" alt=\"080318_Sven_07.jpg\" width=\"128\" \/><\/a> <a href=\"http:\/\/www.schoene-nachrichten.de\/wp-content\/uploads\/2008\/03\/080318_Sven_08.jpg\" rel=\"lightbox[roadtrip]\" target=\"_blank\" title=\"Foto: Sven Haustein\"><img decoding=\"async\" src=\"http:\/\/www.schoene-nachrichten.de\/wp-content\/uploads\/2008\/03\/080318_Sven_08.thumbnail.jpg\" alt=\"080318_Sven_08.jpg\" width=\"128\" \/><\/a> <a href=\"http:\/\/www.schoene-nachrichten.de\/wp-content\/uploads\/2008\/03\/080318_Sven_09.jpg\" rel=\"lightbox[roadtrip]\" target=\"_blank\" title=\"Foto: Sven Haustein\"><img decoding=\"async\" src=\"http:\/\/www.schoene-nachrichten.de\/wp-content\/uploads\/2008\/03\/080318_Sven_09.thumbnail.jpg\" alt=\"080318_Sven_09.jpg\" width=\"128\" \/><\/a><\/p>\n<p>Dass der T\u00fcmpelgarten immer einen Ausflug wert ist, hat sich inzwischen herumgesprochen, denn bei jedem Wetter bieten die weitl\u00e4ufigen \u00d6rtlichkeiten mit den \u00fcber 40 Aquarien, Terrarien und Freigehegen ein hohes Ma\u00df an Ruhe und Erholung. Auch Kinder sind gern gesehene G\u00e4ste, ob mit Eltern und\/oder Gro\u00dfeltern. Ein Osterspaziergang zum T\u00fcmpelgarten bietet Abwechslung und interessanten Gespr\u00e4chsstoff f\u00fcr die ganze Familie. Parkpl\u00e4tze sind in ausreichender Menge vorhanden.<\/p>\n<p><a href=\"http:\/\/www.schoene-nachrichten.de\/wp-content\/uploads\/2008\/03\/080318_Sven_10.jpg\" rel=\"lightbox[roadtrip]\" target=\"_blank\" title=\"Foto: Sven Haustein\"><img decoding=\"async\" src=\"http:\/\/www.schoene-nachrichten.de\/wp-content\/uploads\/2008\/03\/080318_Sven_10.thumbnail.jpg\" alt=\"080318_Sven_10.jpg\" width=\"128\" \/><\/a> <a href=\"http:\/\/www.schoene-nachrichten.de\/wp-content\/uploads\/2008\/03\/080318_Sven_11.jpg\" rel=\"lightbox[roadtrip]\" target=\"_blank\" title=\"Foto: Sven Haustein\"><img decoding=\"async\" src=\"http:\/\/www.schoene-nachrichten.de\/wp-content\/uploads\/2008\/03\/080318_Sven_11.thumbnail.jpg\" alt=\"080318_Sven_11.jpg\" width=\"128\" \/><\/a> <a href=\"http:\/\/www.schoene-nachrichten.de\/wp-content\/uploads\/2008\/03\/080318_Sven_12.jpg\" rel=\"lightbox[roadtrip]\" target=\"_blank\" title=\"Foto: Sven Haustein\"><img decoding=\"async\" src=\"http:\/\/www.schoene-nachrichten.de\/wp-content\/uploads\/2008\/03\/080318_Sven_12.thumbnail.jpg\" alt=\"080318_Sven_12.jpg\" width=\"128\" \/><\/a><\/p>\n<p><a href=\"http:\/\/www.schoene-nachrichten.de\/wp-content\/uploads\/2008\/03\/080318_Sven_13.jpg\" rel=\"lightbox[roadtrip]\" target=\"_blank\" title=\"Foto: Sven Haustein\"><img decoding=\"async\" src=\"http:\/\/www.schoene-nachrichten.de\/wp-content\/uploads\/2008\/03\/080318_Sven_13.thumbnail.jpg\" alt=\"080318_Sven_13.jpg\" width=\"128\" \/><\/a> <a href=\"http:\/\/www.schoene-nachrichten.de\/wp-content\/uploads\/2008\/03\/080318_Sven_14.jpg\" rel=\"lightbox[roadtrip]\" target=\"_blank\" title=\"Foto: Sven Haustein\"><img decoding=\"async\" src=\"http:\/\/www.schoene-nachrichten.de\/wp-content\/uploads\/2008\/03\/080318_Sven_14.thumbnail.jpg\" alt=\"080318_Sven_14.jpg\" width=\"128\" \/><\/a> <a href=\"http:\/\/www.schoene-nachrichten.de\/wp-content\/uploads\/2008\/03\/080318_Sven_01.jpg\" rel=\"lightbox[roadtrip]\" target=\"_blank\" title=\"Foto: Sven Haustein\"><img decoding=\"async\" src=\"http:\/\/www.schoene-nachrichten.de\/wp-content\/uploads\/2008\/03\/080318_Sven_01.thumbnail.jpg\" alt=\"080318_Sven_01.jpg\" width=\"128\" \/><\/a><\/p>\n<p>Das Ausstellungsgeb\u00e4ude mit seinen subtropischen Temperaturen sowie seiner Dschungelatmosph\u00e4re l\u00e4sst sogar Urlaubsgef\u00fchle aufkeimen. Dabei bietet sich f\u00fcr interessierte Besucher auch immer die M\u00f6glichkeit zu einem Fachgespr\u00e4ch mit einem der Pfleger. Also \u2013 auf in den T\u00fcmpelgarten. Die \u201eScalare\u201c erwarten Sie.<\/p>\n<p><a href=\"http:\/\/www.schoene-nachrichten.de\/wp-content\/uploads\/2008\/03\/080318_Sven_16.jpg\" rel=\"lightbox[roadtrip]\" target=\"_blank\" title=\"Foto: Sven Haustein\"><img decoding=\"async\" src=\"http:\/\/www.schoene-nachrichten.de\/wp-content\/uploads\/2008\/03\/080318_Sven_16.thumbnail.jpg\" alt=\"080318_Sven_16.jpg\" width=\"128\" \/><\/a> <a href=\"http:\/\/www.schoene-nachrichten.de\/wp-content\/uploads\/2008\/03\/080318_Sven_17.jpg\" rel=\"lightbox[roadtrip]\" target=\"_blank\" title=\"Foto: Sven Haustein\"><img decoding=\"async\" src=\"http:\/\/www.schoene-nachrichten.de\/wp-content\/uploads\/2008\/03\/080318_Sven_17.thumbnail.jpg\" alt=\"080318_Sven_17.jpg\" width=\"128\" \/><\/a> <a href=\"http:\/\/www.schoene-nachrichten.de\/wp-content\/uploads\/2008\/03\/080318_Sven_18.jpg\" rel=\"lightbox[roadtrip]\" target=\"_blank\" title=\"Foto: Sven Haustein\"><img decoding=\"async\" src=\"http:\/\/www.schoene-nachrichten.de\/wp-content\/uploads\/2008\/03\/080318_Sven_18.thumbnail.jpg\" alt=\"080318_Sven_18.jpg\" width=\"128\" \/><\/a><\/p>\n<p><a href=\"http:\/\/www.schoene-nachrichten.de\/wp-content\/uploads\/2008\/03\/080318_Sven_22.jpg\" rel=\"lightbox[roadtrip]\" target=\"_blank\" title=\"Foto: Sven Haustein\"><img decoding=\"async\" src=\"http:\/\/www.schoene-nachrichten.de\/wp-content\/uploads\/2008\/03\/080318_Sven_22.thumbnail.jpg\" alt=\"080318_Sven_22.jpg\" width=\"128\" \/><\/a> <a href=\"http:\/\/www.schoene-nachrichten.de\/wp-content\/uploads\/2008\/03\/080318_Sven_23.jpg\" rel=\"lightbox[roadtrip]\" target=\"_blank\" title=\"Foto: Sven Haustein\"><img decoding=\"async\" src=\"http:\/\/www.schoene-nachrichten.de\/wp-content\/uploads\/2008\/03\/080318_Sven_23.thumbnail.jpg\" alt=\"080318_Sven_23.jpg\" width=\"128\" \/><\/a> <a href=\"http:\/\/www.schoene-nachrichten.de\/wp-content\/uploads\/2008\/03\/080318_Sven_24.jpg\" rel=\"lightbox[roadtrip]\" target=\"_blank\" title=\"Foto: Sven Haustein\"><img decoding=\"async\" src=\"http:\/\/www.schoene-nachrichten.de\/wp-content\/uploads\/2008\/03\/080318_Sven_24.thumbnail.jpg\" alt=\"080318_Sven_24.jpg\" width=\"128\" \/><br \/>\n<\/a><\/p>\n<p><strong>Preisskat am Gr\u00fcndonnerstag im T\u00fcmpelgarten<\/strong><\/p>\n<p>Auch in diesem Jahr findet wieder der traditionelle, mittlerweile  legend\u00e4re Preisskat des Aquarien- und Terrarienvereins \u201eScalare\u201c Fulda e.V. statt. Am Gr\u00fcndonnerstag, den 20. M\u00e4rz um 19.30 Uhr geht es im Vereinshaus am T\u00fcmpelgarten in der Maberzeller Stra\u00dfe um hohe Geld- und zahlreiche attraktive Sachpreise. Dazu sind alle Skatfreunde herzlich eingeladen. Die \u201eT\u00fcmpelg\u00e4rtner\u201c hoffen wieder auf viele Teilnehmer. F\u00fcr das leibliche Wohl wird selbstverst\u00e4ndlich bestens gesorgt werden.<\/p>\n<p><a href=\"http:\/\/www.schoene-nachrichten.de\/wp-content\/uploads\/2008\/03\/080318_Sven_25.jpg\" rel=\"lightbox[roadtrip]\" target=\"_blank\" title=\"Foto: Sven Haustein\"><img decoding=\"async\" src=\"http:\/\/www.schoene-nachrichten.de\/wp-content\/uploads\/2008\/03\/080318_Sven_25.thumbnail.jpg\" alt=\"080318_Sven_25.jpg\" width=\"128\" \/><\/a> <a href=\"http:\/\/www.schoene-nachrichten.de\/wp-content\/uploads\/2008\/03\/080318_Sven_26.jpg\" rel=\"lightbox[roadtrip]\" target=\"_blank\" title=\"Foto: Sven Haustein\"><img decoding=\"async\" src=\"http:\/\/www.schoene-nachrichten.de\/wp-content\/uploads\/2008\/03\/080318_Sven_26.thumbnail.jpg\" alt=\"080318_Sven_26.jpg\" width=\"128\" \/><\/a> <a href=\"http:\/\/www.schoene-nachrichten.de\/wp-content\/uploads\/2008\/03\/080318_Sven_27.jpg\" rel=\"lightbox[roadtrip]\" target=\"_blank\" title=\"Foto: Sven Haustein\"><img decoding=\"async\" src=\"http:\/\/www.schoene-nachrichten.de\/wp-content\/uploads\/2008\/03\/080318_Sven_27.thumbnail.jpg\" alt=\"080318_Sven_27.jpg\" width=\"128\" \/><\/a><\/p>\n<p><a href=\"http:\/\/www.schoene-nachrichten.de\/wp-content\/uploads\/2008\/03\/080318_Sven_28.jpg\" rel=\"lightbox[roadtrip]\" target=\"_blank\" title=\"Foto: Sven Haustein\"><img decoding=\"async\" src=\"http:\/\/www.schoene-nachrichten.de\/wp-content\/uploads\/2008\/03\/080318_Sven_28.thumbnail.jpg\" alt=\"080318_Sven_28.jpg\" width=\"128\" \/><\/a> <a href=\"http:\/\/www.schoene-nachrichten.de\/wp-content\/uploads\/2008\/03\/080318_Sven_29.jpg\" rel=\"lightbox[roadtrip]\" target=\"_blank\" title=\"Foto: Sven Haustein\"><img decoding=\"async\" src=\"http:\/\/www.schoene-nachrichten.de\/wp-content\/uploads\/2008\/03\/080318_Sven_29.thumbnail.jpg\" alt=\"080318_Sven_29.jpg\" width=\"128\" \/><\/a> <a href=\"http:\/\/www.schoene-nachrichten.de\/wp-content\/uploads\/2008\/03\/080318_Sven_30.jpg\" rel=\"lightbox[roadtrip]\" target=\"_blank\" title=\"Foto: Sven Haustein\"><img decoding=\"async\" src=\"http:\/\/www.schoene-nachrichten.de\/wp-content\/uploads\/2008\/03\/080318_Sven_30.thumbnail.jpg\" alt=\"080318_Sven_30.jpg\" width=\"128\" \/><\/a><\/p>\n<p>N\u00e4hre Informationen zum Aquarien- und Terrarienverein \u201eScalare\u201c 1925\/55 e.V. Fulda finden Sie auch auf der umfangreichen Webseite <a href=\"http:\/\/www.scalare-fulda.de\" target=\"_blank\">www.scalare-fulda.de<\/a>.<\/p>\n<p><a href=\"http:\/\/www.schoene-nachrichten.de\/wp-content\/uploads\/2008\/03\/080318_Sven_31.jpg\" rel=\"lightbox[roadtrip]\" target=\"_blank\" title=\"Foto: Sven Haustein\"><img decoding=\"async\" src=\"http:\/\/www.schoene-nachrichten.de\/wp-content\/uploads\/2008\/03\/080318_Sven_31.thumbnail.jpg\" alt=\"080318_Sven_31.jpg\" width=\"128\" \/><\/a> <a href=\"http:\/\/www.schoene-nachrichten.de\/wp-content\/uploads\/2008\/03\/080318_Sven_32.jpg\" rel=\"lightbox[roadtrip]\" target=\"_blank\" title=\"Foto: Sven Haustein\"><img decoding=\"async\" src=\"http:\/\/www.schoene-nachrichten.de\/wp-content\/uploads\/2008\/03\/080318_Sven_32.thumbnail.jpg\" alt=\"080318_Sven_32.jpg\" width=\"128\" \/><\/a> <a href=\"http:\/\/www.schoene-nachrichten.de\/wp-content\/uploads\/2008\/03\/080318_Sven_38.jpg\" rel=\"lightbox[roadtrip]\" target=\"_blank\" title=\"Foto: Sven Haustein\"><img decoding=\"async\" src=\"http:\/\/www.schoene-nachrichten.de\/wp-content\/uploads\/2008\/03\/080318_Sven_38.thumbnail.jpg\" alt=\"080318_Sven_38.jpg\" width=\"128\" \/><\/a><\/p>\n<p><a href=\"http:\/\/www.schoene-nachrichten.de\/wp-content\/uploads\/2008\/03\/080318_Sven_34.jpg\" rel=\"lightbox[roadtrip]\" target=\"_blank\" title=\"Foto: Sven Haustein\"><img decoding=\"async\" src=\"http:\/\/www.schoene-nachrichten.de\/wp-content\/uploads\/2008\/03\/080318_Sven_34.thumbnail.jpg\" alt=\"080318_Sven_34.jpg\" width=\"128\" \/><\/a> <a href=\"http:\/\/www.schoene-nachrichten.de\/wp-content\/uploads\/2008\/03\/080318_Sven_35.jpg\" rel=\"lightbox[roadtrip]\" target=\"_blank\" title=\"Foto: Sven Haustein\"><img decoding=\"async\" src=\"http:\/\/www.schoene-nachrichten.de\/wp-content\/uploads\/2008\/03\/080318_Sven_35.thumbnail.jpg\" alt=\"080318_Sven_35.jpg\" width=\"128\" \/><\/a> <a href=\"http:\/\/www.schoene-nachrichten.de\/wp-content\/uploads\/2008\/03\/080318_Sven_36.jpg\" rel=\"lightbox[roadtrip]\" target=\"_blank\" title=\"Foto: Sven Haustein\"><img decoding=\"async\" src=\"http:\/\/www.schoene-nachrichten.de\/wp-content\/uploads\/2008\/03\/080318_Sven_36.thumbnail.jpg\" alt=\"080318_Sven_36.jpg\" width=\"128\" \/><\/a><\/p>\n<p><a href=\"http:\/\/www.schoene-nachrichten.de\/wp-content\/uploads\/2008\/03\/080318_Sven_15.jpg\" rel=\"lightbox[roadtrip]\" target=\"_blank\" title=\"Foto: Sven Haustein\"><img decoding=\"async\" src=\"http:\/\/www.schoene-nachrichten.de\/wp-content\/uploads\/2008\/03\/080318_Sven_15.thumbnail.jpg\" alt=\"080318_Sven_15.jpg\" width=\"128\" \/><\/a> <a href=\"http:\/\/www.schoene-nachrichten.de\/wp-content\/uploads\/2008\/03\/080318_Sven_03.jpg\" rel=\"lightbox[roadtrip]\" target=\"_blank\" title=\"Foto: Sven Haustein\"><img decoding=\"async\" src=\"http:\/\/www.schoene-nachrichten.de\/wp-content\/uploads\/2008\/03\/080318_Sven_03.thumbnail.jpg\" alt=\"080318_Sven_03.jpg\" width=\"128\" \/><\/a><\/p>\n<p><a href=\"http:\/\/www.schoene-nachrichten.de\/wp-content\/uploads\/2008\/03\/080318_Sven_37.jpg\" rel=\"lightbox[roadtrip]\" target=\"_blank\" title=\"Foto: Sven Haustein\"><img decoding=\"async\" src=\"http:\/\/www.schoene-nachrichten.de\/wp-content\/uploads\/2008\/03\/080318_Sven_37.thumbnail.jpg\" alt=\"080318_Sven_37.jpg\" width=\"128\" \/><\/a> <a href=\"http:\/\/www.schoene-nachrichten.de\/wp-content\/uploads\/2008\/03\/080318_Sven_33.jpg\" rel=\"lightbox[roadtrip]\" target=\"_blank\" title=\"Foto: Sven Haustein\"><img decoding=\"async\" src=\"http:\/\/www.schoene-nachrichten.de\/wp-content\/uploads\/2008\/03\/080318_Sven_33.thumbnail.jpg\" alt=\"080318_Sven_33.jpg\" width=\"128\" \/><\/a><\/p>\n<p>[local \/wp-content\/uploads\/2007\/04\/070405_Fische.wmv]<\/p>\n","protected":false},"excerpt":{"rendered":"<div class=\"tmnf_excerpt\"><p>Fulda. Ab Karfreitag erh\u00e4lt die \u00d6ffentlichkeit wieder die M\u00f6glichkeit, sonn- und feiertags das Vereinsgel\u00e4nde des Fuldaer Aquarien- und Terrarienvereins \u201eScalare\u201c in der Zeit von 10 bis 18 Uhr zu besuchen. Auch am diesj\u00e4hrigen Osterwochenende hat sich der Verein wieder etwas Besonderes einfallen lassen, denn am Ostermontag sind alle kleinen G\u00e4ste herzlich ab 14.00 Uhr zur &hellip;<\/p>\n<\/div>","protected":false},"author":1,"featured_media":0,"comment_status":"closed","ping_status":"closed","sticky":false,"template":"","format":"standard","meta":{"footnotes":""},"categories":[1,54,79,52],"tags":[],"class_list":["post-8325","post","type-post","status-publish","format-standard","hentry","category-startseite","category-bildergalerien","category-kino","category-umwelt"],"_links":{"self":[{"href":"https:\/\/www.fuldaernachrichten.de\/index.php?rest_route=\/wp\/v2\/posts\/8325","targetHints":{"allow":["GET"]}}],"collection":[{"href":"https:\/\/www.fuldaernachrichten.de\/index.php?rest_route=\/wp\/v2\/posts"}],"about":[{"href":"https:\/\/www.fuldaernachrichten.de\/index.php?rest_route=\/wp\/v2\/types\/post"}],"author":[{"embeddable":true,"href":"https:\/\/www.fuldaernachrichten.de\/index.php?rest_route=\/wp\/v2\/users\/1"}],"replies":[{"embeddable":true,"href":"https:\/\/www.fuldaernachrichten.de\/index.php?rest_route=%2Fwp%2Fv2%2Fcomments&post=8325"}],"version-history":[{"count":1,"href":"https:\/\/www.fuldaernachrichten.de\/index.php?rest_route=\/wp\/v2\/posts\/8325\/revisions"}],"predecessor-version":[{"id":17357,"href":"https:\/\/www.fuldaernachrichten.de\/index.php?rest_route=\/wp\/v2\/posts\/8325\/revisions\/17357"}],"wp:attachment":[{"href":"https:\/\/www.fuldaernachrichten.de\/index.php?rest_route=%2Fwp%2Fv2%2Fmedia&parent=8325"}],"wp:term":[{"taxonomy":"category","embeddable":true,"href":"https:\/\/www.fuldaernachrichten.de\/index.php?rest_route=%2Fwp%2Fv2%2Fcategories&post=8325"},{"taxonomy":"post_tag","embeddable":true,"href":"https:\/\/www.fuldaernachrichten.de\/index.php?rest_route=%2Fwp%2Fv2%2Ftags&post=8325"}],"curies":[{"name":"wp","href":"https:\/\/api.w.org\/{rel}","templated":true}]}}