{"id":8324,"date":"2008-03-19T00:45:07","date_gmt":"2008-03-18T23:45:07","guid":{"rendered":"http:\/\/www.schoene-nachrichten.de\/?p=8324"},"modified":"2008-12-15T13:16:16","modified_gmt":"2008-12-15T12:16:16","slug":"flugstunden-waehrend-35-rallye-rund-um-den-knuell","status":"publish","type":"post","link":"https:\/\/www.fuldaernachrichten.de\/?p=8324","title":{"rendered":"Flugstunden w\u00e4hrend 35. Rallye &#8220;Rund um den Kn\u00fcll&#8221;"},"content":{"rendered":"<p><strong>Motorsport.<\/strong> Die Sport- und Kulturhalle in Schwalmstadt\/Ziegenhain war am vergangenen Wochenende Start- und Zielpunkt der ADAC Rallye &#8220;Rund um den Kn\u00fcll&#8221;. Die MSG Frielendorf veranstaltete zum 35. Mal diese Rallye und konnte sieben Wertungspr\u00fcfungen (WP) mit 31 WP-Kilometern, sechs Ortsdurchfahrten sowie einer Sprungkuppe die Zuschauer aus Nah und Fern anlocken. Am Samstag um 13:01 Uhr ging das erste Fahrzeug p\u00fcnktlich an den Start zur ersten Pr\u00fcfung.<\/p>\n<p><strong>Fotos (9):<\/strong> Denny Rausch &#8211; <strong>Flash-Video:<\/strong> Marco Hellwig<\/p>\n<p><a title=\"080318_rallye_07.jpg\" rel=\"lightbox[roadtrip]\" href=\"http:\/\/www.schoene-nachrichten.de\/wp-content\/uploads\/2008\/03\/080318_rallye_07.jpg\"><img decoding=\"async\" src=\"http:\/\/www.schoene-nachrichten.de\/wp-content\/uploads\/2008\/03\/080318_rallye_07.thumbnail.jpg\" alt=\"080318_rallye_07.jpg\" \/><\/a><a title=\"080318_rallye_08.jpg\" rel=\"lightbox[roadtrip]\" href=\"http:\/\/www.schoene-nachrichten.de\/wp-content\/uploads\/2008\/03\/080318_rallye_08.jpg\"> <img decoding=\"async\" src=\"http:\/\/www.schoene-nachrichten.de\/wp-content\/uploads\/2008\/03\/080318_rallye_08.thumbnail.jpg\" alt=\"080318_rallye_08.jpg\" \/><\/a><a title=\"080318_rallye_09.jpg\" rel=\"lightbox[roadtrip]\" href=\"http:\/\/www.schoene-nachrichten.de\/wp-content\/uploads\/2008\/03\/080318_rallye_09.jpg\"> <img decoding=\"async\" src=\"http:\/\/www.schoene-nachrichten.de\/wp-content\/uploads\/2008\/03\/080318_rallye_09.thumbnail.jpg\" alt=\"080318_rallye_09.jpg\" \/><\/a><\/p>\n<p><!--more--><\/p>\n<p>Von Anfang an konnte das Team Marco Koch \/ Stefan Assmann (AMC Hungen) mit ihrem Opel Kadett C Coup\u00e9 das Startfeld anf\u00fchren. Sie beendeten fast jede Pr\u00fcfung mit einer Bestzeit und setzten den Kadett an einer Sprungkuppe sogar als Flugger\u00e4t ein. Einen solchen Sprung hatte die nationale Szene lange nicht mehr, vielleicht sogar noch nie, gesehen. Man munkelte, dass Koch bald den Unterboden des C Coup\u00e9 als Werbefl\u00e4che vermieten k\u00f6nnte.<\/p>\n<p><a title=\"080318_rallye_04.jpg\" rel=\"lightbox[roadtrip]\" href=\"http:\/\/www.schoene-nachrichten.de\/wp-content\/uploads\/2008\/03\/080318_rallye_04.jpg\"><img decoding=\"async\" src=\"http:\/\/www.schoene-nachrichten.de\/wp-content\/uploads\/2008\/03\/080318_rallye_04.thumbnail.jpg\" alt=\"080318_rallye_04.jpg\" \/><\/a><a title=\"080318_rallye_05.jpg\" rel=\"lightbox[roadtrip]\" href=\"http:\/\/www.schoene-nachrichten.de\/wp-content\/uploads\/2008\/03\/080318_rallye_05.jpg\"> <img decoding=\"async\" src=\"http:\/\/www.schoene-nachrichten.de\/wp-content\/uploads\/2008\/03\/080318_rallye_05.thumbnail.jpg\" alt=\"080318_rallye_05.jpg\" \/><\/a><a title=\"080318_rallye_06.jpg\" rel=\"lightbox[roadtrip]\" href=\"http:\/\/www.schoene-nachrichten.de\/wp-content\/uploads\/2008\/03\/080318_rallye_06.jpg\"> <img decoding=\"async\" src=\"http:\/\/www.schoene-nachrichten.de\/wp-content\/uploads\/2008\/03\/080318_rallye_06.thumbnail.jpg\" alt=\"080318_rallye_06.jpg\" \/><\/a><\/p>\n<p>Mit ihrem neuen Einsatzger\u00e4t, dem Mitsubishi Evo VI, waren J\u00f6rg Schuhej und Tanja Timmer (Team DMV) den F\u00fchrenden stets dicht auf den Fersen und konnten die\u00c2\u00a0Pace von Koch fast einholen. Am Ende reichte es dennoch f\u00fcr Platz zwei in der Gesamtplatzierung. Michael Rausch und Thomas Sch\u00e4fer (AC Schlitz) k\u00e4mpften mit ihrem Opel Ascona B 16V gegen den vom Team Udo Schiffmann \/ Sandro Matejka (SFG Vogelsberg) pilotierten BMW M3 und konnten diesen Kampf nach WP 7 f\u00fcr sich entscheiden. Sie erreichten den Klassensieg der Klasse H 14. Uwe Kiehm mit Copilot Christian Sch\u00e4fer (SFG Vogelsberg) landeten mit dem Opel Kadett C Coup\u00e9 vor dem Team Peter Smakal \/ Erwin Mahl (SFG Vogelsberg) auf Platz acht. Ebenfalls f\u00fcr die SFG Vogelsberg gingen Uwe Hausner und Andreas Neun mit ihrem VW Polo 86c an den Start. Sie erreichten den zweiten Platz in ihrer Klasse und reihten sich auf Rang 34 im Gesamtergebnis ein.<\/p>\n<p><a title=\"080318_rallye_01.jpg\" rel=\"lightbox[roadtrip]\" href=\"http:\/\/www.schoene-nachrichten.de\/wp-content\/uploads\/2008\/03\/080318_rallye_01.jpg\"><img decoding=\"async\" src=\"http:\/\/www.schoene-nachrichten.de\/wp-content\/uploads\/2008\/03\/080318_rallye_01.thumbnail.jpg\" alt=\"080318_rallye_01.jpg\" \/><\/a><a title=\"080318_rallye_02.jpg\" href=\"http:\/\/www.schoene-nachrichten.de\/wp-content\/uploads\/2008\/03\/080318_rallye_02.jpg\"> <img decoding=\"async\" src=\"http:\/\/www.schoene-nachrichten.de\/wp-content\/uploads\/2008\/03\/080318_rallye_02.thumbnail.jpg\" alt=\"080318_rallye_02.jpg\" \/><\/a><a title=\"080318_rallye_03.jpg\" rel=\"lightbox[roadtrip]\" href=\"http:\/\/www.schoene-nachrichten.de\/wp-content\/uploads\/2008\/03\/080318_rallye_03.jpg\"> <img decoding=\"async\" src=\"http:\/\/www.schoene-nachrichten.de\/wp-content\/uploads\/2008\/03\/080318_rallye_03.thumbnail.jpg\" alt=\"080318_rallye_03.jpg\" \/><\/a><\/p>\n<p>Auch Thomas Leipold mit Beifahrerin Lena-Linda Kaufmann (ADAC Hessen Th\u00fcringen) waren auf der Rallye vertreten. Sie erreichten mit ihrem Suzuki Swift den Klassensieg N2 und wurden 18. in der Gesamtwertung. Alle Ergebnisse sind unter <a href=\"http:\/\/www.msg-frielendorf.de\/\">www.msg-frielendorf.de<\/a> einzusehen.<\/p>\n<p>Viele Rallyefans hofften auf den Start des mehrfachen &#8220;Frielendorf-Gewinners&#8221; Norbert Moufang, f\u00fcr den bis zum Samstagmorgen die Startnummer eins reserviert war. Leider konnte er nicht an der Veranstaltung teilnehmen, da sein Opel Kadett C Coup\u00e9 noch nicht in einen einsatzf\u00e4higen Zustand gebracht worden war.<\/p>\n","protected":false},"excerpt":{"rendered":"<div class=\"tmnf_excerpt\"><p>Motorsport. Die Sport- und Kulturhalle in Schwalmstadt\/Ziegenhain war am vergangenen Wochenende Start- und Zielpunkt der ADAC Rallye &#8220;Rund um den Kn\u00fcll&#8221;. Die MSG Frielendorf veranstaltete zum 35. Mal diese Rallye und konnte sieben Wertungspr\u00fcfungen (WP) mit 31 WP-Kilometern, sechs Ortsdurchfahrten sowie einer Sprungkuppe die Zuschauer aus Nah und Fern anlocken. Am Samstag um 13:01 Uhr &hellip;<\/p>\n<\/div>","protected":false},"author":1,"featured_media":0,"comment_status":"closed","ping_status":"closed","sticky":false,"template":"","format":"standard","meta":{"footnotes":""},"categories":[1,54,79,46],"tags":[],"class_list":["post-8324","post","type-post","status-publish","format-standard","hentry","category-startseite","category-bildergalerien","category-kino","category-sport"],"_links":{"self":[{"href":"https:\/\/www.fuldaernachrichten.de\/index.php?rest_route=\/wp\/v2\/posts\/8324","targetHints":{"allow":["GET"]}}],"collection":[{"href":"https:\/\/www.fuldaernachrichten.de\/index.php?rest_route=\/wp\/v2\/posts"}],"about":[{"href":"https:\/\/www.fuldaernachrichten.de\/index.php?rest_route=\/wp\/v2\/types\/post"}],"author":[{"embeddable":true,"href":"https:\/\/www.fuldaernachrichten.de\/index.php?rest_route=\/wp\/v2\/users\/1"}],"replies":[{"embeddable":true,"href":"https:\/\/www.fuldaernachrichten.de\/index.php?rest_route=%2Fwp%2Fv2%2Fcomments&post=8324"}],"version-history":[{"count":3,"href":"https:\/\/www.fuldaernachrichten.de\/index.php?rest_route=\/wp\/v2\/posts\/8324\/revisions"}],"predecessor-version":[{"id":17506,"href":"https:\/\/www.fuldaernachrichten.de\/index.php?rest_route=\/wp\/v2\/posts\/8324\/revisions\/17506"}],"wp:attachment":[{"href":"https:\/\/www.fuldaernachrichten.de\/index.php?rest_route=%2Fwp%2Fv2%2Fmedia&parent=8324"}],"wp:term":[{"taxonomy":"category","embeddable":true,"href":"https:\/\/www.fuldaernachrichten.de\/index.php?rest_route=%2Fwp%2Fv2%2Fcategories&post=8324"},{"taxonomy":"post_tag","embeddable":true,"href":"https:\/\/www.fuldaernachrichten.de\/index.php?rest_route=%2Fwp%2Fv2%2Ftags&post=8324"}],"curies":[{"name":"wp","href":"https:\/\/api.w.org\/{rel}","templated":true}]}}