{"id":83040,"date":"2011-02-28T10:26:58","date_gmt":"2011-02-28T10:26:58","guid":{"rendered":"http:\/\/www.fuldaer-nachrichten.de\/?p=83040"},"modified":"2011-02-28T13:27:05","modified_gmt":"2011-02-28T13:27:05","slug":"jugendfeuerwehren-der-gemeinde-grossenlueder-erhalten-neue-jacken","status":"publish","type":"post","link":"https:\/\/www.fuldaernachrichten.de\/?p=83040","title":{"rendered":"Jugendfeuerwehren der Gemeinde Gro\u00dfenl\u00fcder erhalten neue Jacken"},"content":{"rendered":"<p><strong><a href=\"http:\/\/www.fuldaer-nachrichten.de\/wp-content\/uploads\/2011\/02\/110228_Jugendfeuerwehr.jpg\"><img decoding=\"async\" class=\"alignleft size-thumbnail wp-image-83041\" title=\"110228_Jugendfeuerwehr\" src=\"http:\/\/www.fuldaer-nachrichten.de\/wp-content\/uploads\/2011\/02\/110228_Jugendfeuerwehr-265x129.jpg\" alt=\"\" width=\"265\" height=\"129\" srcset=\"https:\/\/www.fuldaernachrichten.de\/wp-content\/uploads\/2011\/02\/110228_Jugendfeuerwehr-265x129.jpg 265w, https:\/\/www.fuldaernachrichten.de\/wp-content\/uploads\/2011\/02\/110228_Jugendfeuerwehr.jpg 592w\" sizes=\"(max-width: 265px) 100vw, 265px\" \/><\/a>Gro\u00dfenl\u00fcder. <\/strong>Bei strahlendem Sonnenschein versammelten sich am Samstagnachmittag ca. 80 M\u00e4dchen und Jungen der Jugendfeuerwehren der Gro\u00dfgemeinde Gro\u00dfenl\u00fcder mit ihren Betreuern am St.-Georg-Platz. Anlass war die \u00dcbergabe der neuen Softshell-Jacken an die Jugendfeuerwehren, deren Anschaffung zu 90 % von Sponsoren finanziert wurde. \u201eEine gute Ausstattung ist notwendig\u201c, begr\u00fcndete B\u00fcrgermeister Werner Dietrich die Anschaffung, die wegen der angespannten Haushaltslage erst mit Hilfe von Sponsoren m\u00f6glich geworden ist. Eine solche Unterst\u00fctzung sei nicht selbstverst\u00e4ndlich, doch w\u00fcssten auch die Sponsoren, dass dieses Geld gut angelegt sei. Dietrich selbst hatte sich um die Sponsoren bem\u00fcht, mit ihnen verhandelt und so die Spendengelder f\u00fcr die Jugendfeuerwehren einsammeln k\u00f6nnen.<!--more--><\/p>\n<p>110 Jacken zum Preis von je 38 \u00e2\u201a\u00ac waren angeschafft worden, 3.700 \u00e2\u201a\u00ac davon wurden durch die Sponsoren finanziert. Auch der Landkreis Fulda beteiligt sich \u201eals Anerkennung der wertvollen Arbeit der Feuerwehr und zur Unterst\u00fctzung der Jugendarbeit\u201c mit einer Kreisbeihilfe an der Anschaffung, sodass f\u00fcr die Gemeinde Gro\u00dfenl\u00fcder nur ein geringer Anteil verbleibt. Dietrich dankte den Feuerwehrkameradinnen und \u2013kameraden, insbesondere dem Jugendfeuerwehrwart Daniel Schr\u00f6ter und seinem Stellvertreter Johannes Keller, dem Gemeindebrandinspektor J\u00fcrgen Reinhard und seinem Stellvertreter Thorsten Schnell f\u00fcr ihr ehrenamtliches Engagement. Sein Dank galt auch dem Feuerwehrkameraden Georg Lomb, der die gesamte Bestellung der Jacken \u00fcbernommen hatte und der Fa. Technolit und Fa. Iwetec f\u00fcr ihren Beitrag. Der Gemeindebrandinspektor J\u00fcrgen Reinhard dankte B\u00fcrgermeister Werner Dietrich f\u00fcr seinen Einsatz und seine Unterst\u00fctzung f\u00fcr die Jugendfeuerwehr.<\/p>\n","protected":false},"excerpt":{"rendered":"<div class=\"tmnf_excerpt\"><p>Gro\u00dfenl\u00fcder. Bei strahlendem Sonnenschein versammelten sich am Samstagnachmittag ca. 80 M\u00e4dchen und Jungen der Jugendfeuerwehren der Gro\u00dfgemeinde Gro\u00dfenl\u00fcder mit ihren Betreuern am St.-Georg-Platz. Anlass war die \u00dcbergabe der neuen Softshell-Jacken an die Jugendfeuerwehren, deren Anschaffung zu 90 % von Sponsoren finanziert wurde. \u201eEine gute Ausstattung ist notwendig\u201c, begr\u00fcndete B\u00fcrgermeister Werner Dietrich die Anschaffung, die wegen &hellip;<\/p>\n<\/div>","protected":false},"author":1,"featured_media":0,"comment_status":"closed","ping_status":"closed","sticky":false,"template":"","format":"standard","meta":{"footnotes":""},"categories":[1,71],"tags":[],"class_list":["post-83040","post","type-post","status-publish","format-standard","hentry","category-startseite","category-feuerwehr"],"_links":{"self":[{"href":"https:\/\/www.fuldaernachrichten.de\/index.php?rest_route=\/wp\/v2\/posts\/83040","targetHints":{"allow":["GET"]}}],"collection":[{"href":"https:\/\/www.fuldaernachrichten.de\/index.php?rest_route=\/wp\/v2\/posts"}],"about":[{"href":"https:\/\/www.fuldaernachrichten.de\/index.php?rest_route=\/wp\/v2\/types\/post"}],"author":[{"embeddable":true,"href":"https:\/\/www.fuldaernachrichten.de\/index.php?rest_route=\/wp\/v2\/users\/1"}],"replies":[{"embeddable":true,"href":"https:\/\/www.fuldaernachrichten.de\/index.php?rest_route=%2Fwp%2Fv2%2Fcomments&post=83040"}],"version-history":[{"count":0,"href":"https:\/\/www.fuldaernachrichten.de\/index.php?rest_route=\/wp\/v2\/posts\/83040\/revisions"}],"wp:attachment":[{"href":"https:\/\/www.fuldaernachrichten.de\/index.php?rest_route=%2Fwp%2Fv2%2Fmedia&parent=83040"}],"wp:term":[{"taxonomy":"category","embeddable":true,"href":"https:\/\/www.fuldaernachrichten.de\/index.php?rest_route=%2Fwp%2Fv2%2Fcategories&post=83040"},{"taxonomy":"post_tag","embeddable":true,"href":"https:\/\/www.fuldaernachrichten.de\/index.php?rest_route=%2Fwp%2Fv2%2Ftags&post=83040"}],"curies":[{"name":"wp","href":"https:\/\/api.w.org\/{rel}","templated":true}]}}