{"id":83013,"date":"2011-02-26T01:44:26","date_gmt":"2011-02-26T01:44:26","guid":{"rendered":"http:\/\/www.fuldaer-nachrichten.de\/?p=83013"},"modified":"2011-02-26T11:44:35","modified_gmt":"2011-02-26T11:44:35","slug":"auffrischungskurs-in-erster-hilfe-fuer-ehrenamtlich-taetige-personen-und-jugendgruppenleiter","status":"publish","type":"post","link":"https:\/\/www.fuldaernachrichten.de\/?p=83013","title":{"rendered":"Auffrischungskurs in Erster Hilfe f\u00fcr ehrenamtlich t\u00e4tige Personen und Jugendgruppenleiter"},"content":{"rendered":"<p><strong>Fulda. <\/strong>Der Fachdienst Jugend, Familie, Sport, Ehrenamt des Landkreises Fulda bietet auch in diesem Jahr eine ganze Reihe von Seminaren zur Qualifikation im Ehrenamt an. Diese wenden sich an alle ehrenamtlich engagierten Personen. Insbesondere sind die Angebote f\u00fcr JugendgruppenleiterInnen interessant, da bei vielen Seminaren Stunden anteilig zur Erlangung der Juleica angerechnet werden k\u00f6nnen. Am Samstag, 5. M\u00e4rz, wird beim DRK H\u00fcnfeld ein Auffrischungskurs in Erster Hilfe angeboten. <!--more--><\/p>\n<p>Der Kurs richtet sich an alle, die in den letzten beiden Jahren bereits einen Erste-Hilfe-Kurs besucht haben und ihre Kenntnisse auffrischen m\u00f6chten. Beginn ist um 9.00 Uhr. Der Unkostenbeitrag bel\u00e4uft sich auf f\u00fcnf Euro. Es sind noch einige Pl\u00e4tze frei. Anmeldungen an: Kreisausschuss des Landkreises Fulda, Fachdienst Jugend, Familie, Sport, Ehrenamt, W\u00f6rthstra\u00dfe 15, 36037 Fulda, Tel. 0661\/6006-499, E-mail: <a href=\"mailto:treffpunkt-aktiv@landkreis-fulda.de\">treffpunkt-aktiv@landkreis-fulda.de<\/a>.<\/p>\n","protected":false},"excerpt":{"rendered":"<div class=\"tmnf_excerpt\"><p>Fulda. Der Fachdienst Jugend, Familie, Sport, Ehrenamt des Landkreises Fulda bietet auch in diesem Jahr eine ganze Reihe von Seminaren zur Qualifikation im Ehrenamt an. Diese wenden sich an alle ehrenamtlich engagierten Personen. Insbesondere sind die Angebote f\u00fcr JugendgruppenleiterInnen interessant, da bei vielen Seminaren Stunden anteilig zur Erlangung der Juleica angerechnet werden k\u00f6nnen. Am Samstag, &hellip;<\/p>\n<\/div>","protected":false},"author":1,"featured_media":0,"comment_status":"closed","ping_status":"closed","sticky":false,"template":"","format":"standard","meta":{"footnotes":""},"categories":[1],"tags":[],"class_list":["post-83013","post","type-post","status-publish","format-standard","hentry","category-startseite"],"_links":{"self":[{"href":"https:\/\/www.fuldaernachrichten.de\/index.php?rest_route=\/wp\/v2\/posts\/83013","targetHints":{"allow":["GET"]}}],"collection":[{"href":"https:\/\/www.fuldaernachrichten.de\/index.php?rest_route=\/wp\/v2\/posts"}],"about":[{"href":"https:\/\/www.fuldaernachrichten.de\/index.php?rest_route=\/wp\/v2\/types\/post"}],"author":[{"embeddable":true,"href":"https:\/\/www.fuldaernachrichten.de\/index.php?rest_route=\/wp\/v2\/users\/1"}],"replies":[{"embeddable":true,"href":"https:\/\/www.fuldaernachrichten.de\/index.php?rest_route=%2Fwp%2Fv2%2Fcomments&post=83013"}],"version-history":[{"count":0,"href":"https:\/\/www.fuldaernachrichten.de\/index.php?rest_route=\/wp\/v2\/posts\/83013\/revisions"}],"wp:attachment":[{"href":"https:\/\/www.fuldaernachrichten.de\/index.php?rest_route=%2Fwp%2Fv2%2Fmedia&parent=83013"}],"wp:term":[{"taxonomy":"category","embeddable":true,"href":"https:\/\/www.fuldaernachrichten.de\/index.php?rest_route=%2Fwp%2Fv2%2Fcategories&post=83013"},{"taxonomy":"post_tag","embeddable":true,"href":"https:\/\/www.fuldaernachrichten.de\/index.php?rest_route=%2Fwp%2Fv2%2Ftags&post=83013"}],"curies":[{"name":"wp","href":"https:\/\/api.w.org\/{rel}","templated":true}]}}