{"id":82993,"date":"2011-02-25T00:15:23","date_gmt":"2011-02-25T00:15:23","guid":{"rendered":"http:\/\/www.fuldaer-nachrichten.de\/?p=82993"},"modified":"2011-02-25T13:41:36","modified_gmt":"2011-02-25T13:41:36","slug":"aussergewoehnliche-vernissage-kuenstler-und-schueler-praesentieren-echte-buchkunst-ganz-normal-anders","status":"publish","type":"post","link":"https:\/\/www.fuldaernachrichten.de\/?p=82993","title":{"rendered":"Au\u00dfergew\u00f6hnliche Vernissage: K\u00fcnstler und Sch\u00fcler pr\u00e4sentieren echte Buchkunst \u2013 ganz normal anders"},"content":{"rendered":"<p><img decoding=\"async\" class=\"alignnone size-thumbnail wp-image-83015\" title=\"110225_Vernissage\" src=\"http:\/\/www.fuldaer-nachrichten.de\/wp-content\/uploads\/2011\/02\/110225_Vernissage.jpg\" alt=\"\" width=\"560\" srcset=\"https:\/\/www.fuldaernachrichten.de\/wp-content\/uploads\/2011\/02\/110225_Vernissage.jpg 600w, https:\/\/www.fuldaernachrichten.de\/wp-content\/uploads\/2011\/02\/110225_Vernissage-265x176.jpg 265w\" sizes=\"(max-width: 600px) 100vw, 600px\" \/><\/p>\n<p><strong>Fulda. <\/strong>Sie war ungew\u00f6hnlich, au\u00dfergew\u00f6hnlich, irgendwie ganz normal und dabei doch auch ein bisschen anders \u2013 die Vernissage, die am Donnerstag im Business Club stattfand. Denn dort pr\u00e4sentierten ein \u201ealter Hase\u201c und 26 Newcomer \u201eechte Buchkunst \u2013 ganz normal anders\u201c. W\u00e4hrend der Berliner K\u00fcnstler Hanfried Wendland seine erlesenen K\u00fcnstlerb\u00fccher, Original-Grafiken und Malereien vorstellte, pr\u00e4sentierten Sch\u00fclerinnen und Sch\u00fcler der Musik-Kunst-Klasse der Winfriedschule die Ergebnisse ihres j\u00fcngsten Projektes.<\/p>\n<p><strong>Fotos (69):<\/strong> Max Colin Heydenreich<\/p>\n<p><a title=\"Foto: Max Colin Heydenreich\" rel=\"lightbox[roadtrip]\" href=\"http:\/\/www.fuldaer-nachrichten.de\/wp-content\/uploads\/2011\/02\/110225_Vernissage_001.jpg\" target=\"_blank\"><img decoding=\"async\" src=\"http:\/\/www.fuldaer-nachrichten.de\/wp-content\/uploads\/2011\/02\/110225_Vernissage_001.thumbnail.jpg\" alt=\"110225_Vernissage_001.jpg\" width=\"265\" \/><\/a> <a title=\"Foto: Max Colin Heydenreich\" rel=\"lightbox[roadtrip]\" href=\"http:\/\/www.fuldaer-nachrichten.de\/wp-content\/uploads\/2011\/02\/110225_Vernissage_002.jpg\" target=\"_blank\"><img decoding=\"async\" src=\"http:\/\/www.fuldaer-nachrichten.de\/wp-content\/uploads\/2011\/02\/110225_Vernissage_002.thumbnail.jpg\" alt=\"110225_Vernissage_002.jpg\" width=\"265\" \/><\/a><\/p>\n<p><!-- @font-face {   font-family: \"Arial\"; }@font-face {   font-family: \"Cambria\"; }p.MsoNormal, li.MsoNormal, div.MsoNormal { margin: 0cm 0cm 10pt; font-size: 12pt; font-family: \"Times New Roman\"; }div.Section1 { page: Section1; } --> \u201eZu dieser ungew\u00f6hnlichen Kunstkombination kam es, weil die Chemie zwischen Herrn Wendland und den MuKu\u00e2\u20ac\u2122s von Anfang an stimmte und das gegenseitige Interesse am k\u00fcnstlerischen Schaffen gro\u00df ist\u201c, erkl\u00e4rte Ursula Feling-Al-Hami, die sich sehr \u00fcber die gro\u00dfe Resonanz freute. Denn mehr als 100 G\u00e4ste waren der Einladung zur Vernissage gefolgt.<\/p>\n<p><a title=\"Foto: Max Colin Heydenreich\" rel=\"lightbox[roadtrip]\" href=\"http:\/\/www.fuldaer-nachrichten.de\/wp-content\/uploads\/2011\/02\/110225_Vernissage_004.jpg\" target=\"_blank\"><img decoding=\"async\" src=\"http:\/\/www.fuldaer-nachrichten.de\/wp-content\/uploads\/2011\/02\/110225_Vernissage_004.thumbnail.jpg\" alt=\"110225_Vernissage_004.jpg\" width=\"265\" \/> <\/a><a title=\"Foto: Max Colin Heydenreich\" rel=\"lightbox[roadtrip]\" href=\"http:\/\/www.fuldaer-nachrichten.de\/wp-content\/uploads\/2011\/02\/110225_Vernissage_010.jpg\" target=\"_blank\"><img decoding=\"async\" src=\"http:\/\/www.fuldaer-nachrichten.de\/wp-content\/uploads\/2011\/02\/110225_Vernissage_010.thumbnail.jpg\" alt=\"110225_Vernissage_010.jpg\" width=\"265\" \/><\/a><\/p>\n<p>Im Oktober letzten Jahres war die Oberstudienr\u00e4tin bei der Frankfurter Buchmesse auf Hanfried Wendland und dessen Kunst \u2013 darunter mit mehrfarbigen Holzschnitten illustrierte B\u00fccher \u2013 aufmerksam geworden. Damals hatte der 70-J\u00e4hrige auf dem R\u00fcckweg nach Berlin einen Zwischenstopp in Fulda eingelegt und die MuKu\u00e2\u20ac\u2122s im Kunstunterricht besucht. Die Elfj\u00e4hrigen f\u00fchrten zu dieser Zeit ein f\u00e4cher\u00fcbergreifendes Projekt mit dem Titel \u201eGanz normal anders\u201c durch. Im Deutschunterricht unter der Leitung von Tanja Hausd\u00f6rfer hatten sie die Themen Fremdsein, Anderssein, Ausgrenzung und Rassismus aufgegriffen und zu eigenen Geschichten oder Gedichten verarbeitet. Im Kunstunterricht entstanden die dazu passenden Bilder und Holzschnitte.<\/p>\n<p><a title=\"Foto: Max Colin Heydenreich\" rel=\"lightbox[roadtrip]\" href=\"http:\/\/www.fuldaer-nachrichten.de\/wp-content\/uploads\/2011\/02\/110225_Vernissage_005.jpg\" target=\"_blank\"><img decoding=\"async\" src=\"http:\/\/www.fuldaer-nachrichten.de\/wp-content\/uploads\/2011\/02\/110225_Vernissage_005.thumbnail.jpg\" alt=\"110225_Vernissage_005.jpg\" width=\"265\" \/><\/a> <a title=\"Foto: Max Colin Heydenreich\" rel=\"lightbox[roadtrip]\" href=\"http:\/\/www.fuldaer-nachrichten.de\/wp-content\/uploads\/2011\/02\/110225_Vernissage_006.jpg\" target=\"_blank\"><img decoding=\"async\" src=\"http:\/\/www.fuldaer-nachrichten.de\/wp-content\/uploads\/2011\/02\/110225_Vernissage_006.thumbnail.jpg\" alt=\"110225_Vernissage_006.jpg\" width=\"265\" \/><\/a><\/p>\n<p><!-- @font-face {   font-family: \"Arial\"; }@font-face {   font-family: \"Cambria\"; }p.MsoNormal, li.MsoNormal, div.MsoNormal { margin: 0cm 0cm 10pt; font-size: 12pt; font-family: \"Times New Roman\"; }div.Section1 { page: Section1; } --> \u201eF\u00fcr die Kinder war es nat\u00fcrlich ein Highlight, im Unterricht einen echten K\u00fcnstler unmittelbar zu erleben und mit Fragen l\u00f6chern zu d\u00fcrfen\u201c, erinnerte sich die Oberstudienr\u00e4tin. Die gemeinsame Vernissage stelle quasi das Sahneh\u00e4ubchen dar. Und auch Wendland, der von Beruf Jurist und als K\u00fcnstler Autodidakt ist, zeigte sich von Eifer der Nachwuchsk\u00fcnstler begeistert und gab einen kleinen Einblick in seinen Werdegang.<\/p>\n<p><a title=\"Foto: Max Colin Heydenreich\" rel=\"lightbox[roadtrip]\" href=\"http:\/\/www.fuldaer-nachrichten.de\/wp-content\/uploads\/2011\/02\/110225_Vernissage_007.jpg\" target=\"_blank\"><img decoding=\"async\" src=\"http:\/\/www.fuldaer-nachrichten.de\/wp-content\/uploads\/2011\/02\/110225_Vernissage_007.thumbnail.jpg\" alt=\"110225_Vernissage_007.jpg\" width=\"265\" \/><\/a> <a title=\"Foto: Max Colin Heydenreich\" rel=\"lightbox[roadtrip]\" href=\"http:\/\/www.fuldaer-nachrichten.de\/wp-content\/uploads\/2011\/02\/110225_Vernissage_008.jpg\" target=\"_blank\"><img decoding=\"async\" src=\"http:\/\/www.fuldaer-nachrichten.de\/wp-content\/uploads\/2011\/02\/110225_Vernissage_008.thumbnail.jpg\" alt=\"110225_Vernissage_008.jpg\" width=\"265\" \/><\/a><\/p>\n<p>Angefangen hat alles in seiner Kindheit. Mit einem Kinderdruckkasten hat er kleine B\u00fcchlein im Stempeldruckverfahren erstellt. Die Begeisterung f\u00fcr die Drucktechnik, die dieses Spielzeug bei ihm ausgel\u00f6st hatte, blieb und wuchs. 1980 entstand der erste Druck: das M\u00e4rchen der Br\u00fcder Grimm vom Fischer und seiner Frau f\u00fcr die eigenen Kinder. Erst 1988 begann die professionelle Herstellung seiner kostbaren K\u00fcnstlerb\u00fccher.<\/p>\n<p><a title=\"Foto: Max Colin Heydenreich\" rel=\"lightbox[roadtrip]\" href=\"http:\/\/www.fuldaer-nachrichten.de\/wp-content\/uploads\/2011\/02\/110225_Vernissage_009.jpg\" target=\"_blank\"><img decoding=\"async\" src=\"http:\/\/www.fuldaer-nachrichten.de\/wp-content\/uploads\/2011\/02\/110225_Vernissage_009.thumbnail.jpg\" alt=\"110225_Vernissage_009.jpg\" width=\"265\" \/><\/a> <a title=\"Foto: Max Colin Heydenreich\" rel=\"lightbox[roadtrip]\" href=\"http:\/\/www.fuldaer-nachrichten.de\/wp-content\/uploads\/2011\/02\/110225_Vernissage_003.jpg\" target=\"_blank\"><img decoding=\"async\" src=\"http:\/\/www.fuldaer-nachrichten.de\/wp-content\/uploads\/2011\/02\/110225_Vernissage_003.thumbnail.jpg\" alt=\"110225_Vernissage_003.jpg\" width=\"265\" \/><\/a> <a title=\"Foto: Max Colin Heydenreich\" rel=\"lightbox[roadtrip]\" href=\"http:\/\/www.fuldaer-nachrichten.de\/wp-content\/uploads\/2011\/02\/110225_Vernissage_010.jpg\" target=\"_blank\"><\/a><\/p>\n<p>F\u00fcr seine B\u00fccher w\u00e4hlt er oft m\u00e4rchenhafte, phantastische oder romantische Texte beispielsweise von Ingeborg Bachmann, H. C. Artmann, Thomas Mann, den Gebr\u00fcdern Grimm oder Hans Christian Andersen. \u201eIm Jahr entstehen zwei B\u00fccher in einer kleinen Auflage von 25 bis 30 St\u00fcck, da sie in erster Linie f\u00fcr Sammler interessant sind\u201c, berichtete Wendland. Als Herausgeber der Edition NeueKleiderDrucke hat er es bisher auf \u00fcber 30 K\u00fcnstlerb\u00fccher gebracht.<\/p>\n<p><a title=\"Foto: Max Colin Heydenreich\" rel=\"lightbox[roadtrip]\" href=\"http:\/\/www.fuldaer-nachrichten.de\/wp-content\/uploads\/2011\/02\/110225_Vernissage_011.jpg\" target=\"_blank\"><img decoding=\"async\" src=\"http:\/\/www.fuldaer-nachrichten.de\/wp-content\/uploads\/2011\/02\/110225_Vernissage_011.thumbnail.jpg\" alt=\"110225_Vernissage_011.jpg\" width=\"265\" \/><\/a> <a title=\"Foto: Max Colin Heydenreich\" rel=\"lightbox[roadtrip]\" href=\"http:\/\/www.fuldaer-nachrichten.de\/wp-content\/uploads\/2011\/02\/110225_Vernissage_019.jpg\" target=\"_blank\"><img decoding=\"async\" src=\"http:\/\/www.fuldaer-nachrichten.de\/wp-content\/uploads\/2011\/02\/110225_Vernissage_019.thumbnail.jpg\" alt=\"110225_Vernissage_019.jpg\" width=\"265\" \/><\/a><a title=\"Foto: Max Colin Heydenreich\" rel=\"lightbox[roadtrip]\" href=\"http:\/\/www.fuldaer-nachrichten.de\/wp-content\/uploads\/2011\/02\/110225_Vernissage_019.jpg\" target=\"_blank\"> <\/a><\/p>\n<p>In den letzten Monaten hat sich Wendland \u00fcberwiegend der Landschafts- und Tiermalerei gewidmet. Ein Teil dieser Werke, seiner Farbgrafiken sowie die k\u00fcnstlerischen Ergebnisse des Muku-Holzschnittprojekts sind bis Anfang April im Business Club zu sehen. Zudem wurden die Illustrationen und selbstgeschriebenen Texte der Kinder zu einem kleinen Buch verarbeitet, das zum Preis von 15 Euro in der Winfriedschule oder \u00fcber Frau Feling-Al-Hami erworben werden kann.<\/p>\n<p><a title=\"Foto: Max Colin Heydenreich\" rel=\"lightbox[roadtrip]\" href=\"http:\/\/www.fuldaer-nachrichten.de\/wp-content\/uploads\/2011\/02\/110225_Vernissage_013.jpg\" target=\"_blank\"><img decoding=\"async\" src=\"http:\/\/www.fuldaer-nachrichten.de\/wp-content\/uploads\/2011\/02\/110225_Vernissage_013.thumbnail.jpg\" alt=\"110225_Vernissage_013.jpg\" width=\"265\" \/><\/a> <a title=\"Foto: Max Colin Heydenreich\" rel=\"lightbox[roadtrip]\" href=\"http:\/\/www.fuldaer-nachrichten.de\/wp-content\/uploads\/2011\/02\/110225_Vernissage_014.jpg\" target=\"_blank\"><img decoding=\"async\" src=\"http:\/\/www.fuldaer-nachrichten.de\/wp-content\/uploads\/2011\/02\/110225_Vernissage_014.thumbnail.jpg\" alt=\"110225_Vernissage_014.jpg\" width=\"265\" \/><\/a><\/p>\n<p><a title=\"Foto: Max Colin Heydenreich\" rel=\"lightbox[roadtrip]\" href=\"http:\/\/www.fuldaer-nachrichten.de\/wp-content\/uploads\/2011\/02\/110225_Vernissage_015.jpg\" target=\"_blank\"><img decoding=\"async\" src=\"http:\/\/www.fuldaer-nachrichten.de\/wp-content\/uploads\/2011\/02\/110225_Vernissage_015.thumbnail.jpg\" alt=\"110225_Vernissage_015.jpg\" width=\"265\" \/><\/a> <a title=\"Foto: Max Colin Heydenreich\" rel=\"lightbox[roadtrip]\" href=\"http:\/\/www.fuldaer-nachrichten.de\/wp-content\/uploads\/2011\/02\/110225_Vernissage_016.jpg\" target=\"_blank\"><img decoding=\"async\" src=\"http:\/\/www.fuldaer-nachrichten.de\/wp-content\/uploads\/2011\/02\/110225_Vernissage_016.thumbnail.jpg\" alt=\"110225_Vernissage_016.jpg\" width=\"265\" \/><\/a><\/p>\n<p><a title=\"Foto: Max Colin Heydenreich\" rel=\"lightbox[roadtrip]\" href=\"http:\/\/www.fuldaer-nachrichten.de\/wp-content\/uploads\/2011\/02\/110225_Vernissage_017.jpg\" target=\"_blank\"><img decoding=\"async\" src=\"http:\/\/www.fuldaer-nachrichten.de\/wp-content\/uploads\/2011\/02\/110225_Vernissage_017.thumbnail.jpg\" alt=\"110225_Vernissage_017.jpg\" width=\"265\" \/><\/a> <a title=\"Foto: Max Colin Heydenreich\" rel=\"lightbox[roadtrip]\" href=\"http:\/\/www.fuldaer-nachrichten.de\/wp-content\/uploads\/2011\/02\/110225_Vernissage_018.jpg\" target=\"_blank\"><img decoding=\"async\" src=\"http:\/\/www.fuldaer-nachrichten.de\/wp-content\/uploads\/2011\/02\/110225_Vernissage_018.thumbnail.jpg\" alt=\"110225_Vernissage_018.jpg\" width=\"265\" \/><\/a><\/p>\n<p><a title=\"Foto: Max Colin Heydenreich\" rel=\"lightbox[roadtrip]\" href=\"http:\/\/www.fuldaer-nachrichten.de\/wp-content\/uploads\/2011\/02\/110225_Vernissage_019.jpg\" target=\"_blank\"><\/a><a title=\"Foto: Max Colin Heydenreich\" rel=\"lightbox[roadtrip]\" href=\"http:\/\/www.fuldaer-nachrichten.de\/wp-content\/uploads\/2011\/02\/110225_Vernissage_012.jpg\" target=\"_blank\"><img decoding=\"async\" src=\"http:\/\/www.fuldaer-nachrichten.de\/wp-content\/uploads\/2011\/02\/110225_Vernissage_012.thumbnail.jpg\" alt=\"110225_Vernissage_012.jpg\" width=\"265\" \/><\/a> <a title=\"Foto: Max Colin Heydenreich\" rel=\"lightbox[roadtrip]\" href=\"http:\/\/www.fuldaer-nachrichten.de\/wp-content\/uploads\/2011\/02\/110225_Vernissage_020.jpg\" target=\"_blank\"><img decoding=\"async\" src=\"http:\/\/www.fuldaer-nachrichten.de\/wp-content\/uploads\/2011\/02\/110225_Vernissage_020.thumbnail.jpg\" alt=\"110225_Vernissage_020.jpg\" width=\"265\" \/><\/a><\/p>\n<p><a title=\"Foto: Max Colin Heydenreich\" rel=\"lightbox[roadtrip]\" href=\"http:\/\/www.fuldaer-nachrichten.de\/wp-content\/uploads\/2011\/02\/110225_Vernissage_022.jpg\" target=\"_blank\"><img decoding=\"async\" src=\"http:\/\/www.fuldaer-nachrichten.de\/wp-content\/uploads\/2011\/02\/110225_Vernissage_022.thumbnail.jpg\" alt=\"110225_Vernissage_022.jpg\" width=\"265\" \/><\/a> <a title=\"Foto: Max Colin Heydenreich\" rel=\"lightbox[roadtrip]\" href=\"http:\/\/www.fuldaer-nachrichten.de\/wp-content\/uploads\/2011\/02\/110225_Vernissage_039.jpg\" target=\"_blank\"><img decoding=\"async\" src=\"http:\/\/www.fuldaer-nachrichten.de\/wp-content\/uploads\/2011\/02\/110225_Vernissage_039.thumbnail.jpg\" alt=\"110225_Vernissage_039.jpg\" width=\"265\" \/><\/a><\/p>\n<p><a title=\"Foto: Max Colin Heydenreich\" rel=\"lightbox[roadtrip]\" href=\"http:\/\/www.fuldaer-nachrichten.de\/wp-content\/uploads\/2011\/02\/110225_Vernissage_023.jpg\" target=\"_blank\"><img decoding=\"async\" src=\"http:\/\/www.fuldaer-nachrichten.de\/wp-content\/uploads\/2011\/02\/110225_Vernissage_023.thumbnail.jpg\" alt=\"110225_Vernissage_023.jpg\" width=\"265\" \/><\/a> <a title=\"Foto: Max Colin Heydenreich\" rel=\"lightbox[roadtrip]\" href=\"http:\/\/www.fuldaer-nachrichten.de\/wp-content\/uploads\/2011\/02\/110225_Vernissage_024.jpg\" target=\"_blank\"><img decoding=\"async\" src=\"http:\/\/www.fuldaer-nachrichten.de\/wp-content\/uploads\/2011\/02\/110225_Vernissage_024.thumbnail.jpg\" alt=\"110225_Vernissage_024.jpg\" width=\"265\" \/><\/a><\/p>\n<p><a title=\"Foto: Max Colin Heydenreich\" rel=\"lightbox[roadtrip]\" href=\"http:\/\/www.fuldaer-nachrichten.de\/wp-content\/uploads\/2011\/02\/110225_Vernissage_025.jpg\" target=\"_blank\"><img decoding=\"async\" src=\"http:\/\/www.fuldaer-nachrichten.de\/wp-content\/uploads\/2011\/02\/110225_Vernissage_025.thumbnail.jpg\" alt=\"110225_Vernissage_025.jpg\" width=\"265\" \/><\/a> <a title=\"Foto: Max Colin Heydenreich\" rel=\"lightbox[roadtrip]\" href=\"http:\/\/www.fuldaer-nachrichten.de\/wp-content\/uploads\/2011\/02\/110225_Vernissage_026.jpg\" target=\"_blank\"><img decoding=\"async\" src=\"http:\/\/www.fuldaer-nachrichten.de\/wp-content\/uploads\/2011\/02\/110225_Vernissage_026.thumbnail.jpg\" alt=\"110225_Vernissage_026.jpg\" width=\"265\" \/><\/a><\/p>\n<p><a title=\"Foto: Max Colin Heydenreich\" rel=\"lightbox[roadtrip]\" href=\"http:\/\/www.fuldaer-nachrichten.de\/wp-content\/uploads\/2011\/02\/110225_Vernissage_027.jpg\" target=\"_blank\"><img decoding=\"async\" src=\"http:\/\/www.fuldaer-nachrichten.de\/wp-content\/uploads\/2011\/02\/110225_Vernissage_027.thumbnail.jpg\" alt=\"110225_Vernissage_027.jpg\" width=\"265\" \/><\/a> <a title=\"Foto: Max Colin Heydenreich\" rel=\"lightbox[roadtrip]\" href=\"http:\/\/www.fuldaer-nachrichten.de\/wp-content\/uploads\/2011\/02\/110225_Vernissage_028.jpg\" target=\"_blank\"><img decoding=\"async\" src=\"http:\/\/www.fuldaer-nachrichten.de\/wp-content\/uploads\/2011\/02\/110225_Vernissage_028.thumbnail.jpg\" alt=\"110225_Vernissage_028.jpg\" width=\"265\" \/><\/a><\/p>\n<p><a title=\"Foto: Max Colin Heydenreich\" rel=\"lightbox[roadtrip]\" href=\"http:\/\/www.fuldaer-nachrichten.de\/wp-content\/uploads\/2011\/02\/110225_Vernissage_029.jpg\" target=\"_blank\"><img decoding=\"async\" src=\"http:\/\/www.fuldaer-nachrichten.de\/wp-content\/uploads\/2011\/02\/110225_Vernissage_029.thumbnail.jpg\" alt=\"110225_Vernissage_029.jpg\" width=\"265\" \/><\/a> <a title=\"Foto: Max Colin Heydenreich\" rel=\"lightbox[roadtrip]\" href=\"http:\/\/www.fuldaer-nachrichten.de\/wp-content\/uploads\/2011\/02\/110225_Vernissage_030.jpg\" target=\"_blank\"><img decoding=\"async\" src=\"http:\/\/www.fuldaer-nachrichten.de\/wp-content\/uploads\/2011\/02\/110225_Vernissage_030.thumbnail.jpg\" alt=\"110225_Vernissage_030.jpg\" width=\"265\" \/><\/a><\/p>\n<p><a title=\"Foto: Max Colin Heydenreich\" rel=\"lightbox[roadtrip]\" href=\"http:\/\/www.fuldaer-nachrichten.de\/wp-content\/uploads\/2011\/02\/110225_Vernissage_031.jpg\" target=\"_blank\"><img decoding=\"async\" src=\"http:\/\/www.fuldaer-nachrichten.de\/wp-content\/uploads\/2011\/02\/110225_Vernissage_031.thumbnail.jpg\" alt=\"110225_Vernissage_031.jpg\" width=\"265\" \/><\/a> <a title=\"Foto: Max Colin Heydenreich\" rel=\"lightbox[roadtrip]\" href=\"http:\/\/www.fuldaer-nachrichten.de\/wp-content\/uploads\/2011\/02\/110225_Vernissage_032.jpg\" target=\"_blank\"><img decoding=\"async\" src=\"http:\/\/www.fuldaer-nachrichten.de\/wp-content\/uploads\/2011\/02\/110225_Vernissage_032.thumbnail.jpg\" alt=\"110225_Vernissage_032.jpg\" width=\"265\" \/><\/a><\/p>\n<p><a title=\"Foto: Max Colin Heydenreich\" rel=\"lightbox[roadtrip]\" href=\"http:\/\/www.fuldaer-nachrichten.de\/wp-content\/uploads\/2011\/02\/110225_Vernissage_033.jpg\" target=\"_blank\"><img decoding=\"async\" src=\"http:\/\/www.fuldaer-nachrichten.de\/wp-content\/uploads\/2011\/02\/110225_Vernissage_033.thumbnail.jpg\" alt=\"110225_Vernissage_033.jpg\" width=\"265\" \/><\/a> <a title=\"Foto: Max Colin Heydenreich\" rel=\"lightbox[roadtrip]\" href=\"http:\/\/www.fuldaer-nachrichten.de\/wp-content\/uploads\/2011\/02\/110225_Vernissage_034.jpg\" target=\"_blank\"><img decoding=\"async\" src=\"http:\/\/www.fuldaer-nachrichten.de\/wp-content\/uploads\/2011\/02\/110225_Vernissage_034.thumbnail.jpg\" alt=\"110225_Vernissage_034.jpg\" width=\"265\" \/><\/a><\/p>\n<p><a title=\"Foto: Max Colin Heydenreich\" rel=\"lightbox[roadtrip]\" href=\"http:\/\/www.fuldaer-nachrichten.de\/wp-content\/uploads\/2011\/02\/110225_Vernissage_035.jpg\" target=\"_blank\"><img decoding=\"async\" src=\"http:\/\/www.fuldaer-nachrichten.de\/wp-content\/uploads\/2011\/02\/110225_Vernissage_035.thumbnail.jpg\" alt=\"110225_Vernissage_035.jpg\" width=\"265\" \/><\/a> <a title=\"Foto: Max Colin Heydenreich\" rel=\"lightbox[roadtrip]\" href=\"http:\/\/www.fuldaer-nachrichten.de\/wp-content\/uploads\/2011\/02\/110225_Vernissage_036.jpg\" target=\"_blank\"><img decoding=\"async\" src=\"http:\/\/www.fuldaer-nachrichten.de\/wp-content\/uploads\/2011\/02\/110225_Vernissage_036.thumbnail.jpg\" alt=\"110225_Vernissage_036.jpg\" width=\"265\" \/><\/a><\/p>\n<p><a title=\"Foto: Max Colin Heydenreich\" rel=\"lightbox[roadtrip]\" href=\"http:\/\/www.fuldaer-nachrichten.de\/wp-content\/uploads\/2011\/02\/110225_Vernissage_037.jpg\" target=\"_blank\"><img decoding=\"async\" src=\"http:\/\/www.fuldaer-nachrichten.de\/wp-content\/uploads\/2011\/02\/110225_Vernissage_037.thumbnail.jpg\" alt=\"110225_Vernissage_037.jpg\" width=\"265\" \/><\/a> <a title=\"Foto: Max Colin Heydenreich\" rel=\"lightbox[roadtrip]\" href=\"http:\/\/www.fuldaer-nachrichten.de\/wp-content\/uploads\/2011\/02\/110225_Vernissage_038.jpg\" target=\"_blank\"><img decoding=\"async\" src=\"http:\/\/www.fuldaer-nachrichten.de\/wp-content\/uploads\/2011\/02\/110225_Vernissage_038.thumbnail.jpg\" alt=\"110225_Vernissage_038.jpg\" width=\"265\" \/><\/a><\/p>\n<p><a title=\"Foto: Max Colin Heydenreich\" rel=\"lightbox[roadtrip]\" href=\"http:\/\/www.fuldaer-nachrichten.de\/wp-content\/uploads\/2011\/02\/110225_Vernissage_021.jpg\" target=\"_blank\"><img decoding=\"async\" src=\"http:\/\/www.fuldaer-nachrichten.de\/wp-content\/uploads\/2011\/02\/110225_Vernissage_021.thumbnail.jpg\" alt=\"110225_Vernissage_021.jpg\" width=\"265\" \/><\/a> <a title=\"Foto: Max Colin Heydenreich\" rel=\"lightbox[roadtrip]\" href=\"http:\/\/www.fuldaer-nachrichten.de\/wp-content\/uploads\/2011\/02\/110225_Vernissage_040.jpg\" target=\"_blank\"><img decoding=\"async\" src=\"http:\/\/www.fuldaer-nachrichten.de\/wp-content\/uploads\/2011\/02\/110225_Vernissage_040.thumbnail.jpg\" alt=\"110225_Vernissage_040.jpg\" width=\"265\" \/><\/a><\/p>\n<p><a title=\"Foto: Max Colin Heydenreich\" rel=\"lightbox[roadtrip]\" href=\"http:\/\/www.fuldaer-nachrichten.de\/wp-content\/uploads\/2011\/02\/110225_Vernissage_041.jpg\" target=\"_blank\"><img decoding=\"async\" src=\"http:\/\/www.fuldaer-nachrichten.de\/wp-content\/uploads\/2011\/02\/110225_Vernissage_041.thumbnail.jpg\" alt=\"110225_Vernissage_041.jpg\" width=\"265\" \/><\/a> <a title=\"Foto: Max Colin Heydenreich\" rel=\"lightbox[roadtrip]\" href=\"http:\/\/www.fuldaer-nachrichten.de\/wp-content\/uploads\/2011\/02\/110225_Vernissage_042.jpg\" target=\"_blank\"><img decoding=\"async\" src=\"http:\/\/www.fuldaer-nachrichten.de\/wp-content\/uploads\/2011\/02\/110225_Vernissage_042.thumbnail.jpg\" alt=\"110225_Vernissage_042.jpg\" width=\"265\" \/><\/a><\/p>\n<p><a title=\"Foto: Max Colin Heydenreich\" rel=\"lightbox[roadtrip]\" href=\"http:\/\/www.fuldaer-nachrichten.de\/wp-content\/uploads\/2011\/02\/110225_Vernissage_044.jpg\" target=\"_blank\"><img decoding=\"async\" src=\"http:\/\/www.fuldaer-nachrichten.de\/wp-content\/uploads\/2011\/02\/110225_Vernissage_044.thumbnail.jpg\" alt=\"110225_Vernissage_044.jpg\" width=\"265\" \/><\/a> <a title=\"Foto: Max Colin Heydenreich\" rel=\"lightbox[roadtrip]\" href=\"http:\/\/www.fuldaer-nachrichten.de\/wp-content\/uploads\/2011\/02\/110225_Vernissage_051.jpg\" target=\"_blank\"><img decoding=\"async\" src=\"http:\/\/www.fuldaer-nachrichten.de\/wp-content\/uploads\/2011\/02\/110225_Vernissage_051.thumbnail.jpg\" alt=\"110225_Vernissage_051.jpg\" width=\"265\" \/><\/a> <a title=\"Foto: Max Colin Heydenreich\" rel=\"lightbox[roadtrip]\" href=\"http:\/\/www.fuldaer-nachrichten.de\/wp-content\/uploads\/2011\/02\/110225_Vernissage_055.jpg\" target=\"_blank\"> <\/a><\/p>\n<p><a title=\"Foto: Max Colin Heydenreich\" rel=\"lightbox[roadtrip]\" href=\"http:\/\/www.fuldaer-nachrichten.de\/wp-content\/uploads\/2011\/02\/110225_Vernissage_045.jpg\" target=\"_blank\"><img decoding=\"async\" src=\"http:\/\/www.fuldaer-nachrichten.de\/wp-content\/uploads\/2011\/02\/110225_Vernissage_045.thumbnail.jpg\" alt=\"110225_Vernissage_045.jpg\" width=\"265\" \/><\/a> <a title=\"Foto: Max Colin Heydenreich\" rel=\"lightbox[roadtrip]\" href=\"http:\/\/www.fuldaer-nachrichten.de\/wp-content\/uploads\/2011\/02\/110225_Vernissage_046.jpg\" target=\"_blank\"><img decoding=\"async\" src=\"http:\/\/www.fuldaer-nachrichten.de\/wp-content\/uploads\/2011\/02\/110225_Vernissage_046.thumbnail.jpg\" alt=\"110225_Vernissage_046.jpg\" width=\"265\" \/><\/a><\/p>\n<p><a title=\"Foto: Max Colin Heydenreich\" rel=\"lightbox[roadtrip]\" href=\"http:\/\/www.fuldaer-nachrichten.de\/wp-content\/uploads\/2011\/02\/110225_Vernissage_047.jpg\" target=\"_blank\"><img decoding=\"async\" src=\"http:\/\/www.fuldaer-nachrichten.de\/wp-content\/uploads\/2011\/02\/110225_Vernissage_047.thumbnail.jpg\" alt=\"110225_Vernissage_047.jpg\" width=\"265\" \/><\/a> <a title=\"Foto: Max Colin Heydenreich\" rel=\"lightbox[roadtrip]\" href=\"http:\/\/www.fuldaer-nachrichten.de\/wp-content\/uploads\/2011\/02\/110225_Vernissage_048.jpg\" target=\"_blank\"><img decoding=\"async\" src=\"http:\/\/www.fuldaer-nachrichten.de\/wp-content\/uploads\/2011\/02\/110225_Vernissage_048.thumbnail.jpg\" alt=\"110225_Vernissage_048.jpg\" width=\"265\" \/><\/a><\/p>\n<p><a title=\"Foto: Max Colin Heydenreich\" rel=\"lightbox[roadtrip]\" href=\"http:\/\/www.fuldaer-nachrichten.de\/wp-content\/uploads\/2011\/02\/110225_Vernissage_049.jpg\" target=\"_blank\"><img decoding=\"async\" src=\"http:\/\/www.fuldaer-nachrichten.de\/wp-content\/uploads\/2011\/02\/110225_Vernissage_049.thumbnail.jpg\" alt=\"110225_Vernissage_049.jpg\" width=\"265\" \/><\/a> <a title=\"Foto: Max Colin Heydenreich\" rel=\"lightbox[roadtrip]\" href=\"http:\/\/www.fuldaer-nachrichten.de\/wp-content\/uploads\/2011\/02\/110225_Vernissage_050.jpg\" target=\"_blank\"><img decoding=\"async\" src=\"http:\/\/www.fuldaer-nachrichten.de\/wp-content\/uploads\/2011\/02\/110225_Vernissage_050.thumbnail.jpg\" alt=\"110225_Vernissage_050.jpg\" width=\"265\" \/><\/a><\/p>\n<p><a title=\"Foto: Max Colin Heydenreich\" rel=\"lightbox[roadtrip]\" href=\"http:\/\/www.fuldaer-nachrichten.de\/wp-content\/uploads\/2011\/02\/110225_Vernissage_052.jpg\" target=\"_blank\"><img decoding=\"async\" src=\"http:\/\/www.fuldaer-nachrichten.de\/wp-content\/uploads\/2011\/02\/110225_Vernissage_052.thumbnail.jpg\" alt=\"110225_Vernissage_052.jpg\" width=\"265\" \/><\/a> <a title=\"Foto: Max Colin Heydenreich\" rel=\"lightbox[roadtrip]\" href=\"http:\/\/www.fuldaer-nachrichten.de\/wp-content\/uploads\/2011\/02\/110225_Vernissage_055.jpg\" target=\"_blank\"><img decoding=\"async\" src=\"http:\/\/www.fuldaer-nachrichten.de\/wp-content\/uploads\/2011\/02\/110225_Vernissage_055.thumbnail.jpg\" alt=\"110225_Vernissage_055.jpg\" width=\"265\" \/><\/a><\/p>\n<p><a title=\"Foto: Max Colin Heydenreich\" rel=\"lightbox[roadtrip]\" href=\"http:\/\/www.fuldaer-nachrichten.de\/wp-content\/uploads\/2011\/02\/110225_Vernissage_053.jpg\" target=\"_blank\"><img decoding=\"async\" src=\"http:\/\/www.fuldaer-nachrichten.de\/wp-content\/uploads\/2011\/02\/110225_Vernissage_053.thumbnail.jpg\" alt=\"110225_Vernissage_053.jpg\" width=\"265\" \/><\/a> <a title=\"Foto: Max Colin Heydenreich\" rel=\"lightbox[roadtrip]\" href=\"http:\/\/www.fuldaer-nachrichten.de\/wp-content\/uploads\/2011\/02\/110225_Vernissage_054.jpg\" target=\"_blank\"><img decoding=\"async\" src=\"http:\/\/www.fuldaer-nachrichten.de\/wp-content\/uploads\/2011\/02\/110225_Vernissage_054.thumbnail.jpg\" alt=\"110225_Vernissage_054.jpg\" width=\"265\" \/><\/a><\/p>\n<p><a title=\"Foto: Max Colin Heydenreich\" rel=\"lightbox[roadtrip]\" href=\"http:\/\/www.fuldaer-nachrichten.de\/wp-content\/uploads\/2011\/02\/110225_Vernissage_055.jpg\" target=\"_blank\"><\/a><a title=\"Foto: Max Colin Heydenreich\" rel=\"lightbox[roadtrip]\" href=\"http:\/\/www.fuldaer-nachrichten.de\/wp-content\/uploads\/2011\/02\/110225_Vernissage_043.jpg\" target=\"_blank\"><img decoding=\"async\" src=\"http:\/\/www.fuldaer-nachrichten.de\/wp-content\/uploads\/2011\/02\/110225_Vernissage_043.thumbnail.jpg\" alt=\"110225_Vernissage_043.jpg\" width=\"265\" \/><\/a> <a title=\"Foto: Max Colin Heydenreich\" rel=\"lightbox[roadtrip]\" href=\"http:\/\/www.fuldaer-nachrichten.de\/wp-content\/uploads\/2011\/02\/110225_Vernissage_056.jpg\" target=\"_blank\"><img decoding=\"async\" src=\"http:\/\/www.fuldaer-nachrichten.de\/wp-content\/uploads\/2011\/02\/110225_Vernissage_056.thumbnail.jpg\" alt=\"110225_Vernissage_056.jpg\" width=\"265\" \/><\/a><\/p>\n<p><a title=\"Foto: Max Colin Heydenreich\" rel=\"lightbox[roadtrip]\" href=\"http:\/\/www.fuldaer-nachrichten.de\/wp-content\/uploads\/2011\/02\/110225_Vernissage_057.jpg\" target=\"_blank\"><img decoding=\"async\" src=\"http:\/\/www.fuldaer-nachrichten.de\/wp-content\/uploads\/2011\/02\/110225_Vernissage_057.thumbnail.jpg\" alt=\"110225_Vernissage_057.jpg\" width=\"265\" \/><\/a> <a title=\"Foto: Max Colin Heydenreich\" rel=\"lightbox[roadtrip]\" href=\"http:\/\/www.fuldaer-nachrichten.de\/wp-content\/uploads\/2011\/02\/110225_Vernissage_058.jpg\" target=\"_blank\"><img decoding=\"async\" src=\"http:\/\/www.fuldaer-nachrichten.de\/wp-content\/uploads\/2011\/02\/110225_Vernissage_058.thumbnail.jpg\" alt=\"110225_Vernissage_058.jpg\" width=\"265\" \/><\/a><\/p>\n<p><a title=\"Foto: Max Colin Heydenreich\" rel=\"lightbox[roadtrip]\" href=\"http:\/\/www.fuldaer-nachrichten.de\/wp-content\/uploads\/2011\/02\/110225_Vernissage_059.jpg\" target=\"_blank\"><img decoding=\"async\" src=\"http:\/\/www.fuldaer-nachrichten.de\/wp-content\/uploads\/2011\/02\/110225_Vernissage_059.thumbnail.jpg\" alt=\"110225_Vernissage_059.jpg\" width=\"265\" \/><\/a> <a title=\"Foto: Max Colin Heydenreich\" rel=\"lightbox[roadtrip]\" href=\"http:\/\/www.fuldaer-nachrichten.de\/wp-content\/uploads\/2011\/02\/110225_Vernissage_060.jpg\" target=\"_blank\"><img decoding=\"async\" src=\"http:\/\/www.fuldaer-nachrichten.de\/wp-content\/uploads\/2011\/02\/110225_Vernissage_060.thumbnail.jpg\" alt=\"110225_Vernissage_060.jpg\" width=\"265\" \/><\/a><\/p>\n<p><a title=\"Foto: Max Colin Heydenreich\" rel=\"lightbox[roadtrip]\" href=\"http:\/\/www.fuldaer-nachrichten.de\/wp-content\/uploads\/2011\/02\/110225_Vernissage_061.jpg\" target=\"_blank\"><img decoding=\"async\" src=\"http:\/\/www.fuldaer-nachrichten.de\/wp-content\/uploads\/2011\/02\/110225_Vernissage_061.thumbnail.jpg\" alt=\"110225_Vernissage_061.jpg\" width=\"265\" \/><\/a> <a title=\"Foto: Max Colin Heydenreich\" rel=\"lightbox[roadtrip]\" href=\"http:\/\/www.fuldaer-nachrichten.de\/wp-content\/uploads\/2011\/02\/110225_Vernissage_062.jpg\" target=\"_blank\"><img decoding=\"async\" src=\"http:\/\/www.fuldaer-nachrichten.de\/wp-content\/uploads\/2011\/02\/110225_Vernissage_062.thumbnail.jpg\" alt=\"110225_Vernissage_062.jpg\" width=\"265\" \/><\/a><\/p>\n<p><a title=\"Foto: Max Colin Heydenreich\" rel=\"lightbox[roadtrip]\" href=\"http:\/\/www.fuldaer-nachrichten.de\/wp-content\/uploads\/2011\/02\/110225_Vernissage_063.jpg\" target=\"_blank\"><img decoding=\"async\" src=\"http:\/\/www.fuldaer-nachrichten.de\/wp-content\/uploads\/2011\/02\/110225_Vernissage_063.thumbnail.jpg\" alt=\"110225_Vernissage_063.jpg\" width=\"265\" \/><\/a> <a title=\"Foto: Max Colin Heydenreich\" rel=\"lightbox[roadtrip]\" href=\"http:\/\/www.fuldaer-nachrichten.de\/wp-content\/uploads\/2011\/02\/110225_Vernissage_064.jpg\" target=\"_blank\"><img decoding=\"async\" src=\"http:\/\/www.fuldaer-nachrichten.de\/wp-content\/uploads\/2011\/02\/110225_Vernissage_064.thumbnail.jpg\" alt=\"110225_Vernissage_064.jpg\" width=\"265\" \/><\/a><\/p>\n<p><a title=\"Foto: Max Colin Heydenreich\" rel=\"lightbox[roadtrip]\" href=\"http:\/\/www.fuldaer-nachrichten.de\/wp-content\/uploads\/2011\/02\/110225_Vernissage_065.jpg\" target=\"_blank\"><img decoding=\"async\" src=\"http:\/\/www.fuldaer-nachrichten.de\/wp-content\/uploads\/2011\/02\/110225_Vernissage_065.thumbnail.jpg\" alt=\"110225_Vernissage_065.jpg\" width=\"265\" \/><\/a> <a title=\"Foto: Max Colin Heydenreich\" rel=\"lightbox[roadtrip]\" href=\"http:\/\/www.fuldaer-nachrichten.de\/wp-content\/uploads\/2011\/02\/110225_Vernissage_066.jpg\" target=\"_blank\"><img decoding=\"async\" src=\"http:\/\/www.fuldaer-nachrichten.de\/wp-content\/uploads\/2011\/02\/110225_Vernissage_066.thumbnail.jpg\" alt=\"110225_Vernissage_066.jpg\" width=\"265\" \/><\/a><\/p>\n<p><a title=\"Foto: Max Colin Heydenreich\" rel=\"lightbox[roadtrip]\" href=\"http:\/\/www.fuldaer-nachrichten.de\/wp-content\/uploads\/2011\/02\/110225_Vernissage_067.jpg\" target=\"_blank\"><img decoding=\"async\" src=\"http:\/\/www.fuldaer-nachrichten.de\/wp-content\/uploads\/2011\/02\/110225_Vernissage_067.thumbnail.jpg\" alt=\"110225_Vernissage_067.jpg\" width=\"265\" \/><\/a> <a title=\"Foto: Max Colin Heydenreich\" rel=\"lightbox[roadtrip]\" href=\"http:\/\/www.fuldaer-nachrichten.de\/wp-content\/uploads\/2011\/02\/110225_Vernissage_068.jpg\" target=\"_blank\"><img decoding=\"async\" src=\"http:\/\/www.fuldaer-nachrichten.de\/wp-content\/uploads\/2011\/02\/110225_Vernissage_068.thumbnail.jpg\" alt=\"110225_Vernissage_068.jpg\" width=\"265\" \/><\/a><\/p>\n<p><a title=\"Foto: Max Colin Heydenreich\" rel=\"lightbox[roadtrip]\" href=\"http:\/\/www.fuldaer-nachrichten.de\/wp-content\/uploads\/2011\/02\/110225_Vernissage_069.jpg\" target=\"_blank\"><img decoding=\"async\" src=\"http:\/\/www.fuldaer-nachrichten.de\/wp-content\/uploads\/2011\/02\/110225_Vernissage_069.thumbnail.jpg\" alt=\"110225_Vernissage_069.jpg\" width=\"265\" \/><\/a><\/p>\n","protected":false},"excerpt":{"rendered":"<div class=\"tmnf_excerpt\"><p>Fulda. Sie war ungew\u00f6hnlich, au\u00dfergew\u00f6hnlich, irgendwie ganz normal und dabei doch auch ein bisschen anders \u2013 die Vernissage, die am Donnerstag im Business Club stattfand. Denn dort pr\u00e4sentierten ein \u201ealter Hase\u201c und 26 Newcomer \u201eechte Buchkunst \u2013 ganz normal anders\u201c. W\u00e4hrend der Berliner K\u00fcnstler Hanfried Wendland seine erlesenen K\u00fcnstlerb\u00fccher, Original-Grafiken und Malereien vorstellte, pr\u00e4sentierten Sch\u00fclerinnen &hellip;<\/p>\n<\/div>","protected":false},"author":1,"featured_media":0,"comment_status":"closed","ping_status":"closed","sticky":false,"template":"","format":"standard","meta":{"footnotes":""},"categories":[1,54,44,78],"tags":[],"class_list":["post-82993","post","type-post","status-publish","format-standard","hentry","category-startseite","category-bildergalerien","category-kultur","category-topthema"],"_links":{"self":[{"href":"https:\/\/www.fuldaernachrichten.de\/index.php?rest_route=\/wp\/v2\/posts\/82993","targetHints":{"allow":["GET"]}}],"collection":[{"href":"https:\/\/www.fuldaernachrichten.de\/index.php?rest_route=\/wp\/v2\/posts"}],"about":[{"href":"https:\/\/www.fuldaernachrichten.de\/index.php?rest_route=\/wp\/v2\/types\/post"}],"author":[{"embeddable":true,"href":"https:\/\/www.fuldaernachrichten.de\/index.php?rest_route=\/wp\/v2\/users\/1"}],"replies":[{"embeddable":true,"href":"https:\/\/www.fuldaernachrichten.de\/index.php?rest_route=%2Fwp%2Fv2%2Fcomments&post=82993"}],"version-history":[{"count":0,"href":"https:\/\/www.fuldaernachrichten.de\/index.php?rest_route=\/wp\/v2\/posts\/82993\/revisions"}],"wp:attachment":[{"href":"https:\/\/www.fuldaernachrichten.de\/index.php?rest_route=%2Fwp%2Fv2%2Fmedia&parent=82993"}],"wp:term":[{"taxonomy":"category","embeddable":true,"href":"https:\/\/www.fuldaernachrichten.de\/index.php?rest_route=%2Fwp%2Fv2%2Fcategories&post=82993"},{"taxonomy":"post_tag","embeddable":true,"href":"https:\/\/www.fuldaernachrichten.de\/index.php?rest_route=%2Fwp%2Fv2%2Ftags&post=82993"}],"curies":[{"name":"wp","href":"https:\/\/api.w.org\/{rel}","templated":true}]}}